{"id":4517,"date":"2024-02-01T09:15:48","date_gmt":"2024-02-01T09:15:48","guid":{"rendered":"https:\/\/blogsaverroes.juntadeandalucia.es\/ceiplasalbinas\/?p=4517"},"modified":"2024-02-01T09:22:15","modified_gmt":"2024-02-01T09:22:15","slug":"premiados-por-consumir-frutas-en-enero","status":"publish","type":"post","link":"https:\/\/blogsaverroes.juntadeandalucia.es\/ceiplasalbinas\/premiados-por-consumir-frutas-en-enero\/","title":{"rendered":"PREMIADOS POR CONSUMIR FRUTAS EN ENERO"},"content":{"rendered":"<p>Empezamos este curso nuestro actividad del \u00abfrut\u00f3metro\u00bb, donde el alumnado que m\u00e1s fruta consuma a la hora del desayuno de media ma\u00f1ana ser\u00e1 recompensado con su correspondiente medalla. Este curso adem\u00e1s este alumnado tendr\u00e1 el privilegio de poder llevarse a casa alguno de los productos que se recolecta en nuestro \u00abHuerto Albinero\u00bb.<\/p>\n<p>Este mes de enero los alumnos y alumnas que m\u00e1s fruta han consumido por clase son:<\/p>\n<table class=\" aligncenter\" style=\"border-collapse: collapse;width: 76.4872%;height: 387px\">\n<tbody>\n<tr style=\"height: 24px\">\n<td style=\"width: 72.4359%;background-color: #9fd629;text-align: center;height: 24px\" colspan=\"2\"><strong>FRUT\u00d3METRO MES DE ENERO&nbsp;<\/strong><\/td>\n<\/tr>\n<tr style=\"height: 50px\">\n<td style=\"width: 13.097%;text-align: center;height: 50px\">1\u00ba<\/td>\n<td style=\"width: 59.3389%;text-align: center;height: 50px\">Lola Dom\u00ednguez Mar\u00edn<\/td>\n<\/tr>\n<tr style=\"height: 55px\">\n<td style=\"width: 13.097%;text-align: center;height: 55px\">2\u00ba<\/td>\n<td style=\"width: 59.3389%;text-align: center;height: 55px\">Santiago Cuicas M\u00e1rquez y&nbsp;Hugo Zaragos\u00ed Gallego<\/td>\n<\/tr>\n<tr style=\"height: 47px\">\n<td style=\"width: 13.097%;text-align: center;height: 47px\">3\u00ba<\/td>\n<td style=\"width: 59.3389%;text-align: center;height: 47px\">Mat\u00edas Barrios Lepiani<\/td>\n<\/tr>\n<tr style=\"height: 48px\">\n<td style=\"width: 13.097%;text-align: center;height: 48px\">4\u00ba<\/td>\n<td style=\"width: 59.3389%;text-align: center;height: 48px\">Mateo Luins Franco y&nbsp;\u00c1ngela Mac\u00edas C\u00e1rdenas&nbsp;<\/td>\n<\/tr>\n<tr style=\"height: 43px\">\n<td style=\"width: 13.097%;text-align: center;height: 43px\">5\u00ba<\/td>\n<td style=\"width: 59.3389%;text-align: center;height: 43px\">Carmen Fornell Pav\u00f3n<\/td>\n<\/tr>\n<tr style=\"height: 48px\">\n<td style=\"width: 13.097%;text-align: center;height: 48px\">6\u00baA&nbsp;<\/td>\n<td style=\"width: 59.3389%;text-align: center;height: 48px\">Santiago Jos\u00e9 Gald\u00e1mez Amaya<\/td>\n<\/tr>\n<tr style=\"height: 47px\">\n<td style=\"width: 13.097%;text-align: center;height: 47px\">6\u00baB<\/td>\n<td style=\"width: 59.3389%;text-align: center;height: 47px\">Luc\u00eda Gallego S\u00e1nchez<\/td>\n<\/tr>\n<\/tbody>\n<\/table>\n<p style=\"text-align: center\">&nbsp;<\/p>\n<p style=\"text-align: left\">&nbsp;<\/p>\n<p style=\"text-align: center\"><a href=\"https:\/\/blogsaverroes.juntadeandalucia.es\/ceiplasalbinas\/files\/2024\/02\/WhatsApp-Image-2024-01-31-at-14.36.10-3-COLLAGE-1.jpg\"><img loading=\"lazy\" decoding=\"async\" class=\"aligncenter wp-image-4521\" src=\"https:\/\/blogsaverroes.juntadeandalucia.es\/ceiplasalbinas\/files\/2024\/02\/WhatsApp-Image-2024-01-31-at-14.36.10-3-COLLAGE-1-300x225.jpg\" alt=\"\" width=\"608\" height=\"456\" srcset=\"https:\/\/blogsaverroes.juntadeandalucia.es\/ceiplasalbinas\/files\/2024\/02\/WhatsApp-Image-2024-01-31-at-14.36.10-3-COLLAGE-1-300x225.jpg 300w, https:\/\/blogsaverroes.juntadeandalucia.es\/ceiplasalbinas\/files\/2024\/02\/WhatsApp-Image-2024-01-31-at-14.36.10-3-COLLAGE-1-1024x768.jpg 1024w, https:\/\/blogsaverroes.juntadeandalucia.es\/ceiplasalbinas\/files\/2024\/02\/WhatsApp-Image-2024-01-31-at-14.36.10-3-COLLAGE-1-768x576.jpg 768w, https:\/\/blogsaverroes.juntadeandalucia.es\/ceiplasalbinas\/files\/2024\/02\/WhatsApp-Image-2024-01-31-at-14.36.10-3-COLLAGE-1-1536x1152.jpg 1536w, https:\/\/blogsaverroes.juntadeandalucia.es\/ceiplasalbinas\/files\/2024\/02\/WhatsApp-Image-2024-01-31-at-14.36.10-3-COLLAGE-1.jpg 2046w\" sizes=\"(max-width: 608px) 100vw, 608px\" \/><\/a><\/p>\n<p><a href=\"https:\/\/blogsaverroes.juntadeandalucia.es\/ceiplasalbinas\/files\/2024\/02\/WhatsApp-Image-2024-01-31-at-14.36.10-1-COLLAGE.jpg\"><img loading=\"lazy\" decoding=\"async\" class=\"aligncenter  wp-image-4529\" src=\"https:\/\/blogsaverroes.juntadeandalucia.es\/ceiplasalbinas\/files\/2024\/02\/WhatsApp-Image-2024-01-31-at-14.36.10-1-COLLAGE-300x225.jpg\" alt=\"\" width=\"618\" height=\"463\" srcset=\"https:\/\/blogsaverroes.juntadeandalucia.es\/ceiplasalbinas\/files\/2024\/02\/WhatsApp-Image-2024-01-31-at-14.36.10-1-COLLAGE-300x225.jpg 300w, https:\/\/blogsaverroes.juntadeandalucia.es\/ceiplasalbinas\/files\/2024\/02\/WhatsApp-Image-2024-01-31-at-14.36.10-1-COLLAGE-1024x768.jpg 1024w, https:\/\/blogsaverroes.juntadeandalucia.es\/ceiplasalbinas\/files\/2024\/02\/WhatsApp-Image-2024-01-31-at-14.36.10-1-COLLAGE-768x576.jpg 768w, https:\/\/blogsaverroes.juntadeandalucia.es\/ceiplasalbinas\/files\/2024\/02\/WhatsApp-Image-2024-01-31-at-14.36.10-1-COLLAGE-1536x1152.jpg 1536w, https:\/\/blogsaverroes.juntadeandalucia.es\/ceiplasalbinas\/files\/2024\/02\/WhatsApp-Image-2024-01-31-at-14.36.10-1-COLLAGE.jpg 2046w\" sizes=\"(max-width: 618px) 100vw, 618px\" \/><\/a><\/p>\n<p><a href=\"https:\/\/blogsaverroes.juntadeandalucia.es\/ceiplasalbinas\/files\/2024\/02\/WhatsApp-Image-2024-01-31-at-14.36.09-COLLAGE.jpg\"><img loading=\"lazy\" decoding=\"async\" class=\"aligncenter  wp-image-4528\" src=\"https:\/\/blogsaverroes.juntadeandalucia.es\/ceiplasalbinas\/files\/2024\/02\/WhatsApp-Image-2024-01-31-at-14.36.09-COLLAGE-300x225.jpg\" alt=\"\" width=\"688\" height=\"516\" srcset=\"https:\/\/blogsaverroes.juntadeandalucia.es\/ceiplasalbinas\/files\/2024\/02\/WhatsApp-Image-2024-01-31-at-14.36.09-COLLAGE-300x225.jpg 300w, https:\/\/blogsaverroes.juntadeandalucia.es\/ceiplasalbinas\/files\/2024\/02\/WhatsApp-Image-2024-01-31-at-14.36.09-COLLAGE-1024x768.jpg 1024w, https:\/\/blogsaverroes.juntadeandalucia.es\/ceiplasalbinas\/files\/2024\/02\/WhatsApp-Image-2024-01-31-at-14.36.09-COLLAGE-768x576.jpg 768w, https:\/\/blogsaverroes.juntadeandalucia.es\/ceiplasalbinas\/files\/2024\/02\/WhatsApp-Image-2024-01-31-at-14.36.09-COLLAGE-1536x1152.jpg 1536w, https:\/\/blogsaverroes.juntadeandalucia.es\/ceiplasalbinas\/files\/2024\/02\/WhatsApp-Image-2024-01-31-at-14.36.09-COLLAGE.jpg 2046w\" sizes=\"(max-width: 688px) 100vw, 688px\" \/><\/a><\/p>\n<p style=\"text-align: center\"><a href=\"https:\/\/photos.app.goo.gl\/cZayqSNDZLrWyyjt7\" target=\"_blank\" rel=\"noopener noreferrer\">VER M\u00c1S IM\u00c1GENES DE LOS PREMIADOS<\/a><\/p>\n","protected":false},"excerpt":{"rendered":"<p>Empezamos este curso nuestro actividad del \u00abfrut\u00f3metro\u00bb, donde el alumnado que m\u00e1s fruta consuma a la hora del desayuno de media ma\u00f1ana ser\u00e1 recompensado con&hellip;<\/p>\n","protected":false},"author":10177,"featured_media":4523,"comment_status":"closed","ping_status":"open","sticky":false,"template":"","format":"standard","meta":{"ngg_post_thumbnail":0,"footnotes":""},"categories":[2351712,2351720,2351655],"tags":[],"aioseo_notices":[],"_links":{"self":[{"href":"https:\/\/blogsaverroes.juntadeandalucia.es\/ceiplasalbinas\/wp-json\/wp\/v2\/posts\/4517"}],"collection":[{"href":"https:\/\/blogsaverroes.juntadeandalucia.es\/ceiplasalbinas\/wp-json\/wp\/v2\/posts"}],"about":[{"href":"https:\/\/blogsaverroes.juntadeandalucia.es\/ceiplasalbinas\/wp-json\/wp\/v2\/types\/post"}],"author":[{"embeddable":true,"href":"https:\/\/blogsaverroes.juntadeandalucia.es\/ceiplasalbinas\/wp-json\/wp\/v2\/users\/10177"}],"replies":[{"embeddable":true,"href":"https:\/\/blogsaverroes.juntadeandalucia.es\/ceiplasalbinas\/wp-json\/wp\/v2\/comments?post=4517"}],"version-history":[{"count":6,"href":"https:\/\/blogsaverroes.juntadeandalucia.es\/ceiplasalbinas\/wp-json\/wp\/v2\/posts\/4517\/revisions"}],"predecessor-version":[{"id":4530,"href":"https:\/\/blogsaverroes.juntadeandalucia.es\/ceiplasalbinas\/wp-json\/wp\/v2\/posts\/4517\/revisions\/4530"}],"wp:featuredmedia":[{"embeddable":true,"href":"https:\/\/blogsaverroes.juntadeandalucia.es\/ceiplasalbinas\/wp-json\/wp\/v2\/media\/4523"}],"wp:attachment":[{"href":"https:\/\/blogsaverroes.juntadeandalucia.es\/ceiplasalbinas\/wp-json\/wp\/v2\/media?parent=4517"}],"wp:term":[{"taxonomy":"category","embeddable":true,"href":"https:\/\/blogsaverroes.juntadeandalucia.es\/ceiplasalbinas\/wp-json\/wp\/v2\/categories?post=4517"},{"taxonomy":"post_tag","embeddable":true,"href":"https:\/\/blogsaverroes.juntadeandalucia.es\/ceiplasalbinas\/wp-json\/wp\/v2\/tags?post=4517"}],"curies":[{"name":"wp","href":"https:\/\/api.w.org\/{rel}","templated":true}]}}