{"id":4565,"date":"2024-02-18T12:46:38","date_gmt":"2024-02-18T12:46:38","guid":{"rendered":"https:\/\/blogsaverroes.juntadeandalucia.es\/ceiplasalbinas\/?p=4565"},"modified":"2024-02-19T12:19:25","modified_gmt":"2024-02-19T12:19:25","slug":"carnaval-en-las-albinas","status":"publish","type":"post","link":"https:\/\/blogsaverroes.juntadeandalucia.es\/ceiplasalbinas\/carnaval-en-las-albinas\/","title":{"rendered":"CARNAVAL EN LAS ALBINAS"},"content":{"rendered":"<p>El viernes 16 de febrero celebramos la Fiesta de Carnaval en el centro. Todos las clases ataviados con sus disfraces posaron en nuestro reci\u00e9n estrenado&nbsp; \u00abphotocall\u00bb y realizar su foto de grupo.<\/p>\n<p><a href=\"https:\/\/blogsaverroes.juntadeandalucia.es\/ceiplasalbinas\/files\/2024\/02\/1708262727628.jpg\"><img loading=\"lazy\" decoding=\"async\" class=\"aligncenter  wp-image-4579\" src=\"https:\/\/blogsaverroes.juntadeandalucia.es\/ceiplasalbinas\/files\/2024\/02\/1708262727628-300x253.jpg\" alt=\"\" width=\"499\" height=\"421\" srcset=\"https:\/\/blogsaverroes.juntadeandalucia.es\/ceiplasalbinas\/files\/2024\/02\/1708262727628-300x253.jpg 300w, https:\/\/blogsaverroes.juntadeandalucia.es\/ceiplasalbinas\/files\/2024\/02\/1708262727628-1024x862.jpg 1024w, https:\/\/blogsaverroes.juntadeandalucia.es\/ceiplasalbinas\/files\/2024\/02\/1708262727628-768x647.jpg 768w, https:\/\/blogsaverroes.juntadeandalucia.es\/ceiplasalbinas\/files\/2024\/02\/1708262727628-1536x1293.jpg 1536w, https:\/\/blogsaverroes.juntadeandalucia.es\/ceiplasalbinas\/files\/2024\/02\/1708262727628.jpg 1688w\" sizes=\"(max-width: 499px) 100vw, 499px\" \/><\/a> <a href=\"https:\/\/blogsaverroes.juntadeandalucia.es\/ceiplasalbinas\/files\/2024\/02\/IMG_20240216_120918-COLLAGE.jpg\"><img loading=\"lazy\" decoding=\"async\" class=\"aligncenter  wp-image-4580\" src=\"https:\/\/blogsaverroes.juntadeandalucia.es\/ceiplasalbinas\/files\/2024\/02\/IMG_20240216_120918-COLLAGE-225x300.jpg\" alt=\"\" width=\"515\" height=\"687\" srcset=\"https:\/\/blogsaverroes.juntadeandalucia.es\/ceiplasalbinas\/files\/2024\/02\/IMG_20240216_120918-COLLAGE-225x300.jpg 225w, https:\/\/blogsaverroes.juntadeandalucia.es\/ceiplasalbinas\/files\/2024\/02\/IMG_20240216_120918-COLLAGE-768x1024.jpg 768w, https:\/\/blogsaverroes.juntadeandalucia.es\/ceiplasalbinas\/files\/2024\/02\/IMG_20240216_120918-COLLAGE.jpg 1121w\" sizes=\"(max-width: 515px) 100vw, 515px\" \/><\/a><\/p>\n<p><a href=\"https:\/\/blogsaverroes.juntadeandalucia.es\/ceiplasalbinas\/files\/2024\/02\/IMG_20240216_121211-COLLAGE.jpg\"><img loading=\"lazy\" decoding=\"async\" class=\"aligncenter wp-image-4567\" src=\"https:\/\/blogsaverroes.juntadeandalucia.es\/ceiplasalbinas\/files\/2024\/02\/IMG_20240216_121211-COLLAGE-300x300.jpg\" alt=\"\" width=\"572\" height=\"572\" srcset=\"https:\/\/blogsaverroes.juntadeandalucia.es\/ceiplasalbinas\/files\/2024\/02\/IMG_20240216_121211-COLLAGE-300x300.jpg 300w, https:\/\/blogsaverroes.juntadeandalucia.es\/ceiplasalbinas\/files\/2024\/02\/IMG_20240216_121211-COLLAGE-1024x1024.jpg 1024w, https:\/\/blogsaverroes.juntadeandalucia.es\/ceiplasalbinas\/files\/2024\/02\/IMG_20240216_121211-COLLAGE-150x150.jpg 150w, https:\/\/blogsaverroes.juntadeandalucia.es\/ceiplasalbinas\/files\/2024\/02\/IMG_20240216_121211-COLLAGE-768x768.jpg 768w, https:\/\/blogsaverroes.juntadeandalucia.es\/ceiplasalbinas\/files\/2024\/02\/IMG_20240216_121211-COLLAGE-1536x1536.jpg 1536w, https:\/\/blogsaverroes.juntadeandalucia.es\/ceiplasalbinas\/files\/2024\/02\/IMG_20240216_121211-COLLAGE.jpg 2046w\" sizes=\"(max-width: 572px) 100vw, 572px\" \/><\/a><\/p>\n<p>&nbsp;<\/p>\n<p>A continuaci\u00f3n las clases participaron en el tradicional&nbsp; \u00abPasapatio\u00bb alrededor del centro ataviados con sus disfraces y animados con m\u00fasica.&nbsp;<\/p>\n<p><a href=\"https:\/\/blogsaverroes.juntadeandalucia.es\/ceiplasalbinas\/files\/2024\/02\/IMG20240216122216-COLLAGE.jpg\"><img loading=\"lazy\" decoding=\"async\" class=\"aligncenter wp-image-4566\" src=\"https:\/\/blogsaverroes.juntadeandalucia.es\/ceiplasalbinas\/files\/2024\/02\/IMG20240216122216-COLLAGE-300x300.jpg\" alt=\"\" width=\"569\" height=\"569\" srcset=\"https:\/\/blogsaverroes.juntadeandalucia.es\/ceiplasalbinas\/files\/2024\/02\/IMG20240216122216-COLLAGE-300x300.jpg 300w, https:\/\/blogsaverroes.juntadeandalucia.es\/ceiplasalbinas\/files\/2024\/02\/IMG20240216122216-COLLAGE-1024x1024.jpg 1024w, https:\/\/blogsaverroes.juntadeandalucia.es\/ceiplasalbinas\/files\/2024\/02\/IMG20240216122216-COLLAGE-150x150.jpg 150w, https:\/\/blogsaverroes.juntadeandalucia.es\/ceiplasalbinas\/files\/2024\/02\/IMG20240216122216-COLLAGE-768x768.jpg 768w, https:\/\/blogsaverroes.juntadeandalucia.es\/ceiplasalbinas\/files\/2024\/02\/IMG20240216122216-COLLAGE-1536x1536.jpg 1536w, https:\/\/blogsaverroes.juntadeandalucia.es\/ceiplasalbinas\/files\/2024\/02\/IMG20240216122216-COLLAGE.jpg 2046w\" sizes=\"(max-width: 569px) 100vw, 569px\" \/><\/a><\/p>\n<p><a href=\"https:\/\/blogsaverroes.juntadeandalucia.es\/ceiplasalbinas\/files\/2024\/02\/1.jpg\"><img loading=\"lazy\" decoding=\"async\" class=\"aligncenter  wp-image-4581\" src=\"https:\/\/blogsaverroes.juntadeandalucia.es\/ceiplasalbinas\/files\/2024\/02\/1-300x300.jpg\" alt=\"\" width=\"557\" height=\"557\" srcset=\"https:\/\/blogsaverroes.juntadeandalucia.es\/ceiplasalbinas\/files\/2024\/02\/1-300x300.jpg 300w, https:\/\/blogsaverroes.juntadeandalucia.es\/ceiplasalbinas\/files\/2024\/02\/1-1024x1024.jpg 1024w, https:\/\/blogsaverroes.juntadeandalucia.es\/ceiplasalbinas\/files\/2024\/02\/1-150x150.jpg 150w, https:\/\/blogsaverroes.juntadeandalucia.es\/ceiplasalbinas\/files\/2024\/02\/1-768x768.jpg 768w, https:\/\/blogsaverroes.juntadeandalucia.es\/ceiplasalbinas\/files\/2024\/02\/1-1536x1536.jpg 1536w, https:\/\/blogsaverroes.juntadeandalucia.es\/ceiplasalbinas\/files\/2024\/02\/1.jpg 2046w\" sizes=\"(max-width: 557px) 100vw, 557px\" \/><\/a><\/p>\n<p>Despu\u00e9s los grupos formaron un pasillo humano por el que desfilaron los grupos de alumnos\/as interpretando sus coreograf\u00edas al ritmo de la m\u00fasica. Los miembros del jurado aprovecharon este momento para poder ver a todos los participantes del concurso en sus diferentes categor\u00edas.<\/p>\n<p><a href=\"https:\/\/blogsaverroes.juntadeandalucia.es\/ceiplasalbinas\/files\/2024\/02\/IMG_20240216_124409-scaled-e1708259808111.jpg\"><img loading=\"lazy\" decoding=\"async\" class=\"aligncenter wp-image-4573\" src=\"https:\/\/blogsaverroes.juntadeandalucia.es\/ceiplasalbinas\/files\/2024\/02\/IMG_20240216_124409-scaled-e1708259808111-300x185.jpg\" alt=\"\" width=\"595\" height=\"367\" srcset=\"https:\/\/blogsaverroes.juntadeandalucia.es\/ceiplasalbinas\/files\/2024\/02\/IMG_20240216_124409-scaled-e1708259808111-300x185.jpg 300w, https:\/\/blogsaverroes.juntadeandalucia.es\/ceiplasalbinas\/files\/2024\/02\/IMG_20240216_124409-scaled-e1708259808111-1024x632.jpg 1024w, https:\/\/blogsaverroes.juntadeandalucia.es\/ceiplasalbinas\/files\/2024\/02\/IMG_20240216_124409-scaled-e1708259808111-768x474.jpg 768w, https:\/\/blogsaverroes.juntadeandalucia.es\/ceiplasalbinas\/files\/2024\/02\/IMG_20240216_124409-scaled-e1708259808111-1536x949.jpg 1536w, https:\/\/blogsaverroes.juntadeandalucia.es\/ceiplasalbinas\/files\/2024\/02\/IMG_20240216_124409-scaled-e1708259808111-2048x1265.jpg 2048w\" sizes=\"(max-width: 595px) 100vw, 595px\" \/><\/a><\/p>\n<p style=\"text-align: center\"><a href=\"https:\/\/photos.app.goo.gl\/4K346ZyVTtkKterG8\" target=\"_blank\" rel=\"noopener noreferrer\">Ver m\u00e1s im\u00e1genes y videos del desfile&nbsp;<\/a><\/p>\n<p>Ya en el escenario improvisado los maestros\/as del centro y los grupos de primaria pudieron interpretar sus coplas de Carnaval que ten\u00edan preparadas gracias a la colaboraci\u00f3n de nuestro maestro chirigotero Juanlu.<\/p>\n<p><a href=\"https:\/\/blogsaverroes.juntadeandalucia.es\/ceiplasalbinas\/files\/2024\/02\/IMG20240216131125-scaled-e1708259997614.jpg\"><img loading=\"lazy\" decoding=\"async\" class=\"aligncenter wp-image-4574\" src=\"https:\/\/blogsaverroes.juntadeandalucia.es\/ceiplasalbinas\/files\/2024\/02\/IMG20240216131125-scaled-e1708259997614-300x202.jpg\" alt=\"\" width=\"600\" height=\"404\" srcset=\"https:\/\/blogsaverroes.juntadeandalucia.es\/ceiplasalbinas\/files\/2024\/02\/IMG20240216131125-scaled-e1708259997614-300x202.jpg 300w, https:\/\/blogsaverroes.juntadeandalucia.es\/ceiplasalbinas\/files\/2024\/02\/IMG20240216131125-scaled-e1708259997614-1024x689.jpg 1024w, https:\/\/blogsaverroes.juntadeandalucia.es\/ceiplasalbinas\/files\/2024\/02\/IMG20240216131125-scaled-e1708259997614-768x517.jpg 768w, https:\/\/blogsaverroes.juntadeandalucia.es\/ceiplasalbinas\/files\/2024\/02\/IMG20240216131125-scaled-e1708259997614-1536x1034.jpg 1536w, https:\/\/blogsaverroes.juntadeandalucia.es\/ceiplasalbinas\/files\/2024\/02\/IMG20240216131125-scaled-e1708259997614.jpg 1939w\" sizes=\"(max-width: 600px) 100vw, 600px\" \/><\/a><\/p>\n<p style=\"text-align: center\"><a href=\"https:\/\/photos.app.goo.gl\/9rkvWdgJ9XSXSx7c8\" target=\"_blank\" rel=\"noopener noreferrer\">Ver videos de las coplas de carnaval de las clases.<\/a><\/p>\n<p>Por \u00faltimo el jurado nombr\u00f3 a los ganadores de las diferentes categor\u00edas del concurso de Carnaval<\/p>\n<p><a href=\"https:\/\/blogsaverroes.juntadeandalucia.es\/ceiplasalbinas\/files\/2024\/02\/IMG20240216133429-COLLAGE.jpg\"><img loading=\"lazy\" decoding=\"async\" class=\"aligncenter wp-image-4569\" src=\"https:\/\/blogsaverroes.juntadeandalucia.es\/ceiplasalbinas\/files\/2024\/02\/IMG20240216133429-COLLAGE-300x300.jpg\" alt=\"\" width=\"618\" height=\"618\" srcset=\"https:\/\/blogsaverroes.juntadeandalucia.es\/ceiplasalbinas\/files\/2024\/02\/IMG20240216133429-COLLAGE-300x300.jpg 300w, https:\/\/blogsaverroes.juntadeandalucia.es\/ceiplasalbinas\/files\/2024\/02\/IMG20240216133429-COLLAGE-1024x1024.jpg 1024w, https:\/\/blogsaverroes.juntadeandalucia.es\/ceiplasalbinas\/files\/2024\/02\/IMG20240216133429-COLLAGE-150x150.jpg 150w, https:\/\/blogsaverroes.juntadeandalucia.es\/ceiplasalbinas\/files\/2024\/02\/IMG20240216133429-COLLAGE-768x768.jpg 768w, https:\/\/blogsaverroes.juntadeandalucia.es\/ceiplasalbinas\/files\/2024\/02\/IMG20240216133429-COLLAGE-1536x1536.jpg 1536w, https:\/\/blogsaverroes.juntadeandalucia.es\/ceiplasalbinas\/files\/2024\/02\/IMG20240216133429-COLLAGE.jpg 2046w\" sizes=\"(max-width: 618px) 100vw, 618px\" \/><\/a><\/p>\n<p><a href=\"https:\/\/blogsaverroes.juntadeandalucia.es\/ceiplasalbinas\/files\/2024\/02\/IMG20240216133929-COLLAGE.jpg\"><img loading=\"lazy\" decoding=\"async\" class=\"aligncenter wp-image-4572\" src=\"https:\/\/blogsaverroes.juntadeandalucia.es\/ceiplasalbinas\/files\/2024\/02\/IMG20240216133929-COLLAGE-300x300.jpg\" alt=\"\" width=\"660\" height=\"660\" srcset=\"https:\/\/blogsaverroes.juntadeandalucia.es\/ceiplasalbinas\/files\/2024\/02\/IMG20240216133929-COLLAGE-300x300.jpg 300w, https:\/\/blogsaverroes.juntadeandalucia.es\/ceiplasalbinas\/files\/2024\/02\/IMG20240216133929-COLLAGE-1024x1024.jpg 1024w, https:\/\/blogsaverroes.juntadeandalucia.es\/ceiplasalbinas\/files\/2024\/02\/IMG20240216133929-COLLAGE-150x150.jpg 150w, https:\/\/blogsaverroes.juntadeandalucia.es\/ceiplasalbinas\/files\/2024\/02\/IMG20240216133929-COLLAGE-768x768.jpg 768w, https:\/\/blogsaverroes.juntadeandalucia.es\/ceiplasalbinas\/files\/2024\/02\/IMG20240216133929-COLLAGE-1536x1536.jpg 1536w, https:\/\/blogsaverroes.juntadeandalucia.es\/ceiplasalbinas\/files\/2024\/02\/IMG20240216133929-COLLAGE.jpg 2046w\" sizes=\"(max-width: 660px) 100vw, 660px\" \/><\/a><\/p>\n<p><a href=\"https:\/\/photos.app.goo.gl\/diHp3YJHNoi2UBnF7\" target=\"_blank\" rel=\"noopener noreferrer\">Ver m\u00e1s im\u00e1genes del \u00abPhotocall\u00bb, \u00abPasapatio\u00bb y entrega de premios del concurso.&nbsp;<\/a><\/p>\n<p>Muchas gracias a todos y todas por vuestra colaboraci\u00f3n para que la Fiesta de Carnaval se haya convertido en un d\u00eda especial para maestros\/as y alumnado.&nbsp;<\/p>\n","protected":false},"excerpt":{"rendered":"<p>El viernes 16 de febrero celebramos la Fiesta de Carnaval en el centro. Todos las clases ataviados con sus disfraces posaron en nuestro reci\u00e9n estrenado&nbsp;&hellip;<\/p>\n","protected":false},"author":10177,"featured_media":4577,"comment_status":"closed","ping_status":"open","sticky":false,"template":"","format":"standard","meta":{"ngg_post_thumbnail":0,"footnotes":""},"categories":[2351712,2351655],"tags":[],"aioseo_notices":[],"_links":{"self":[{"href":"https:\/\/blogsaverroes.juntadeandalucia.es\/ceiplasalbinas\/wp-json\/wp\/v2\/posts\/4565"}],"collection":[{"href":"https:\/\/blogsaverroes.juntadeandalucia.es\/ceiplasalbinas\/wp-json\/wp\/v2\/posts"}],"about":[{"href":"https:\/\/blogsaverroes.juntadeandalucia.es\/ceiplasalbinas\/wp-json\/wp\/v2\/types\/post"}],"author":[{"embeddable":true,"href":"https:\/\/blogsaverroes.juntadeandalucia.es\/ceiplasalbinas\/wp-json\/wp\/v2\/users\/10177"}],"replies":[{"embeddable":true,"href":"https:\/\/blogsaverroes.juntadeandalucia.es\/ceiplasalbinas\/wp-json\/wp\/v2\/comments?post=4565"}],"version-history":[{"count":3,"href":"https:\/\/blogsaverroes.juntadeandalucia.es\/ceiplasalbinas\/wp-json\/wp\/v2\/posts\/4565\/revisions"}],"predecessor-version":[{"id":4582,"href":"https:\/\/blogsaverroes.juntadeandalucia.es\/ceiplasalbinas\/wp-json\/wp\/v2\/posts\/4565\/revisions\/4582"}],"wp:featuredmedia":[{"embeddable":true,"href":"https:\/\/blogsaverroes.juntadeandalucia.es\/ceiplasalbinas\/wp-json\/wp\/v2\/media\/4577"}],"wp:attachment":[{"href":"https:\/\/blogsaverroes.juntadeandalucia.es\/ceiplasalbinas\/wp-json\/wp\/v2\/media?parent=4565"}],"wp:term":[{"taxonomy":"category","embeddable":true,"href":"https:\/\/blogsaverroes.juntadeandalucia.es\/ceiplasalbinas\/wp-json\/wp\/v2\/categories?post=4565"},{"taxonomy":"post_tag","embeddable":true,"href":"https:\/\/blogsaverroes.juntadeandalucia.es\/ceiplasalbinas\/wp-json\/wp\/v2\/tags?post=4565"}],"curies":[{"name":"wp","href":"https:\/\/api.w.org\/{rel}","templated":true}]}}