{"id":4884,"date":"2024-06-04T10:17:44","date_gmt":"2024-06-04T10:17:44","guid":{"rendered":"https:\/\/blogsaverroes.juntadeandalucia.es\/ceiplasalbinas\/?p=4884"},"modified":"2024-06-04T10:17:44","modified_gmt":"2024-06-04T10:17:44","slug":"excursion-a-agro-escuela-de-tricultura-1o-y-2o-primaria","status":"publish","type":"post","link":"https:\/\/blogsaverroes.juntadeandalucia.es\/ceiplasalbinas\/excursion-a-agro-escuela-de-tricultura-1o-y-2o-primaria\/","title":{"rendered":"EXCURSI\u00d3N A AGRO-ESCUELA DE TRICULTURA. 1\u00ba Y 2\u00ba PRIMARIA."},"content":{"rendered":"<p>El pasado viernes 31 de mayo, el alumnado de primer ciclo realiz\u00f3 una salida como final de curso a la Agro-escuela de Tricultura situada en Campano. Entorno extraordinario, con instalaciones reci\u00e9n renovadas y con una organizaci\u00f3n de talleres muy interesantes y divertidos. El alumnado se lo pas\u00f3 genial y no pararon de hacer actividades hasta el final. Los\/as monitoras s\u00faper profesionales tanto con el trato con los docentes como en la entrega a nuestros ni\u00f1os\/as. Experiencia muy positiva.<\/p>\n<p><a href=\"https:\/\/photos.app.goo.gl\/RhwQuo3ybeZCe6vp7\">Fotos de la actividad<\/a><\/p>\n","protected":false},"excerpt":{"rendered":"<p>El pasado viernes 31 de mayo, el alumnado de primer ciclo realiz\u00f3 una salida como final de curso a la Agro-escuela de Tricultura situada en&hellip;<\/p>\n","protected":false},"author":10177,"featured_media":4887,"comment_status":"closed","ping_status":"open","sticky":false,"template":"","format":"standard","meta":{"ngg_post_thumbnail":0,"footnotes":""},"categories":[2351655,2351658],"tags":[],"aioseo_notices":[],"_links":{"self":[{"href":"https:\/\/blogsaverroes.juntadeandalucia.es\/ceiplasalbinas\/wp-json\/wp\/v2\/posts\/4884"}],"collection":[{"href":"https:\/\/blogsaverroes.juntadeandalucia.es\/ceiplasalbinas\/wp-json\/wp\/v2\/posts"}],"about":[{"href":"https:\/\/blogsaverroes.juntadeandalucia.es\/ceiplasalbinas\/wp-json\/wp\/v2\/types\/post"}],"author":[{"embeddable":true,"href":"https:\/\/blogsaverroes.juntadeandalucia.es\/ceiplasalbinas\/wp-json\/wp\/v2\/users\/10177"}],"replies":[{"embeddable":true,"href":"https:\/\/blogsaverroes.juntadeandalucia.es\/ceiplasalbinas\/wp-json\/wp\/v2\/comments?post=4884"}],"version-history":[{"count":3,"href":"https:\/\/blogsaverroes.juntadeandalucia.es\/ceiplasalbinas\/wp-json\/wp\/v2\/posts\/4884\/revisions"}],"predecessor-version":[{"id":4888,"href":"https:\/\/blogsaverroes.juntadeandalucia.es\/ceiplasalbinas\/wp-json\/wp\/v2\/posts\/4884\/revisions\/4888"}],"wp:featuredmedia":[{"embeddable":true,"href":"https:\/\/blogsaverroes.juntadeandalucia.es\/ceiplasalbinas\/wp-json\/wp\/v2\/media\/4887"}],"wp:attachment":[{"href":"https:\/\/blogsaverroes.juntadeandalucia.es\/ceiplasalbinas\/wp-json\/wp\/v2\/media?parent=4884"}],"wp:term":[{"taxonomy":"category","embeddable":true,"href":"https:\/\/blogsaverroes.juntadeandalucia.es\/ceiplasalbinas\/wp-json\/wp\/v2\/categories?post=4884"},{"taxonomy":"post_tag","embeddable":true,"href":"https:\/\/blogsaverroes.juntadeandalucia.es\/ceiplasalbinas\/wp-json\/wp\/v2\/tags?post=4884"}],"curies":[{"name":"wp","href":"https:\/\/api.w.org\/{rel}","templated":true}]}}