{"id":5585,"date":"2025-06-07T21:22:15","date_gmt":"2025-06-07T21:22:15","guid":{"rendered":"https:\/\/blogsaverroes.juntadeandalucia.es\/ceiplasalbinas\/?p=5585"},"modified":"2025-06-07T21:22:15","modified_gmt":"2025-06-07T21:22:15","slug":"proa-taller-de-comic-e-inteligencia-artificial","status":"publish","type":"post","link":"https:\/\/blogsaverroes.juntadeandalucia.es\/ceiplasalbinas\/proa-taller-de-comic-e-inteligencia-artificial\/","title":{"rendered":"PROA+ TALLER DE COMIC E INTELIGENCIA ARTIFICIAL"},"content":{"rendered":"<p>El alumnado de 6\u00ba curso de l CEIP Las Albinas est\u00e1 realizando durante los meses de mayo y junio un taller de Comic e Inteligencia Artificial impartido por Alberto de la empresa Techmakers. A trav\u00e9s de este taller se pretrende fomentar la creatividad narrativa y digital&nbsp;combinando el arte tradicional del c\u00f3mic con herramientas de&nbsp;Inteligencia Artificial (IA), para que el alumnado desarrolle habilidades tanto art\u00edsticas como tecnol\u00f3gicas.<\/p>\n<p><a href=\"https:\/\/blogsaverroes.juntadeandalucia.es\/ceiplasalbinas\/files\/2025\/06\/WhatsApp-Image-2025-05-21-at-13.56.08-1-e1749331200449.jpg\"><img loading=\"lazy\" decoding=\"async\" class=\"aligncenter  wp-image-5586\" src=\"https:\/\/blogsaverroes.juntadeandalucia.es\/ceiplasalbinas\/files\/2025\/06\/WhatsApp-Image-2025-05-21-at-13.56.08-1-e1749331200449-300x162.jpg\" alt=\"\" width=\"638\" height=\"345\" srcset=\"https:\/\/blogsaverroes.juntadeandalucia.es\/ceiplasalbinas\/files\/2025\/06\/WhatsApp-Image-2025-05-21-at-13.56.08-1-e1749331200449-300x162.jpg 300w, https:\/\/blogsaverroes.juntadeandalucia.es\/ceiplasalbinas\/files\/2025\/06\/WhatsApp-Image-2025-05-21-at-13.56.08-1-e1749331200449-1024x553.jpg 1024w, https:\/\/blogsaverroes.juntadeandalucia.es\/ceiplasalbinas\/files\/2025\/06\/WhatsApp-Image-2025-05-21-at-13.56.08-1-e1749331200449-768x415.jpg 768w, https:\/\/blogsaverroes.juntadeandalucia.es\/ceiplasalbinas\/files\/2025\/06\/WhatsApp-Image-2025-05-21-at-13.56.08-1-e1749331200449-1536x829.jpg 1536w, https:\/\/blogsaverroes.juntadeandalucia.es\/ceiplasalbinas\/files\/2025\/06\/WhatsApp-Image-2025-05-21-at-13.56.08-1-e1749331200449.jpg 1600w\" sizes=\"(max-width: 638px) 100vw, 638px\" \/><\/a><\/p>\n<p class=\"ds-markdown-paragraph\">Entre las actividades que realizan destacamos:<\/p>\n<ol>\n<li class=\"ds-markdown-paragraph\" style=\"text-align: left\">Breve explicaci\u00f3n sobre estructura de un c\u00f3mic (vi\u00f1etas, bocadillos, narrativa visual).<\/li>\n<li class=\"ds-markdown-paragraph\">Presentaci\u00f3n de herramientas de IA generativa para crear im\u00e1genes, personajes o fondos (ej.&nbsp;<em>Canva Magic Design<\/em>,&nbsp;<em>Bing Image Creator<\/em>,&nbsp;<em>Craiyon<\/em>&nbsp;u otras adaptadas a su edad).<\/li>\n<li class=\"ds-markdown-paragraph\">Dise\u00f1o de personajes y escenarios usando prompts (\u00f3rdenes escritas) en herramientas de IA.<\/li>\n<li class=\"ds-markdown-paragraph\">Aprenden a refinar sus b\u00fasquedas para obtener resultados m\u00e1s precisos (ej.: <em>\u00abdibujo animado de un h\u00e9roe ecol\u00f3gico con capa hecha de redes recicladas, estilo c\u00f3mic\u00bb<\/em>).<\/li>\n<li class=\"ds-markdown-paragraph\">Tem\u00e1tica vinculada a proyectos del centro (ej. medioambiente, como en&nbsp;<em>\u00abLas Albinas protege las salinas\u00bb<\/em>), fomentando el&nbsp;aprendizaje significativo.<\/li>\n<li class=\"ds-markdown-paragraph\">Trabajo en equipo para desarrollar historias con inicio, nudo y desenlace.<\/li>\n<li class=\"ds-markdown-paragraph\">Los c\u00f3mics finales se imprimen, exponen en el colegio o se comparten en formato digital (blog del centro, redes sociales educativas).<\/li>\n<\/ol>\n<p><a href=\"https:\/\/blogsaverroes.juntadeandalucia.es\/ceiplasalbinas\/files\/2025\/06\/WhatsApp-Image-2025-05-21-at-11.35.21.jpg\"><img loading=\"lazy\" decoding=\"async\" class=\"aligncenter  wp-image-5587\" src=\"https:\/\/blogsaverroes.juntadeandalucia.es\/ceiplasalbinas\/files\/2025\/06\/WhatsApp-Image-2025-05-21-at-11.35.21-300x169.jpg\" alt=\"\" width=\"634\" height=\"357\" srcset=\"https:\/\/blogsaverroes.juntadeandalucia.es\/ceiplasalbinas\/files\/2025\/06\/WhatsApp-Image-2025-05-21-at-11.35.21-300x169.jpg 300w, https:\/\/blogsaverroes.juntadeandalucia.es\/ceiplasalbinas\/files\/2025\/06\/WhatsApp-Image-2025-05-21-at-11.35.21-1024x576.jpg 1024w, https:\/\/blogsaverroes.juntadeandalucia.es\/ceiplasalbinas\/files\/2025\/06\/WhatsApp-Image-2025-05-21-at-11.35.21-768x432.jpg 768w, https:\/\/blogsaverroes.juntadeandalucia.es\/ceiplasalbinas\/files\/2025\/06\/WhatsApp-Image-2025-05-21-at-11.35.21-1536x864.jpg 1536w, https:\/\/blogsaverroes.juntadeandalucia.es\/ceiplasalbinas\/files\/2025\/06\/WhatsApp-Image-2025-05-21-at-11.35.21.jpg 1600w\" sizes=\"(max-width: 634px) 100vw, 634px\" \/><\/a><\/p>\n<p style=\"text-align: center\"><a href=\"https:\/\/photos.app.goo.gl\/6Xi4osoREAW8KfbZ7\" target=\"_blank\" rel=\"noopener\">Ver m\u00e1s im\u00e1genes de esta actividad<\/a><\/p>\n","protected":false},"excerpt":{"rendered":"<p>El alumnado de 6\u00ba curso de l CEIP Las Albinas est\u00e1 realizando durante los meses de mayo y junio un taller de Comic e Inteligencia&hellip;<\/p>\n","protected":false},"author":10177,"featured_media":5588,"comment_status":"closed","ping_status":"open","sticky":false,"template":"","format":"standard","meta":{"ngg_post_thumbnail":0,"footnotes":""},"categories":[2351712,2351655,2351725,2351660],"tags":[],"aioseo_notices":[],"_links":{"self":[{"href":"https:\/\/blogsaverroes.juntadeandalucia.es\/ceiplasalbinas\/wp-json\/wp\/v2\/posts\/5585"}],"collection":[{"href":"https:\/\/blogsaverroes.juntadeandalucia.es\/ceiplasalbinas\/wp-json\/wp\/v2\/posts"}],"about":[{"href":"https:\/\/blogsaverroes.juntadeandalucia.es\/ceiplasalbinas\/wp-json\/wp\/v2\/types\/post"}],"author":[{"embeddable":true,"href":"https:\/\/blogsaverroes.juntadeandalucia.es\/ceiplasalbinas\/wp-json\/wp\/v2\/users\/10177"}],"replies":[{"embeddable":true,"href":"https:\/\/blogsaverroes.juntadeandalucia.es\/ceiplasalbinas\/wp-json\/wp\/v2\/comments?post=5585"}],"version-history":[{"count":1,"href":"https:\/\/blogsaverroes.juntadeandalucia.es\/ceiplasalbinas\/wp-json\/wp\/v2\/posts\/5585\/revisions"}],"predecessor-version":[{"id":5589,"href":"https:\/\/blogsaverroes.juntadeandalucia.es\/ceiplasalbinas\/wp-json\/wp\/v2\/posts\/5585\/revisions\/5589"}],"wp:featuredmedia":[{"embeddable":true,"href":"https:\/\/blogsaverroes.juntadeandalucia.es\/ceiplasalbinas\/wp-json\/wp\/v2\/media\/5588"}],"wp:attachment":[{"href":"https:\/\/blogsaverroes.juntadeandalucia.es\/ceiplasalbinas\/wp-json\/wp\/v2\/media?parent=5585"}],"wp:term":[{"taxonomy":"category","embeddable":true,"href":"https:\/\/blogsaverroes.juntadeandalucia.es\/ceiplasalbinas\/wp-json\/wp\/v2\/categories?post=5585"},{"taxonomy":"post_tag","embeddable":true,"href":"https:\/\/blogsaverroes.juntadeandalucia.es\/ceiplasalbinas\/wp-json\/wp\/v2\/tags?post=5585"}],"curies":[{"name":"wp","href":"https:\/\/api.w.org\/{rel}","templated":true}]}}