{"id":5590,"date":"2025-06-07T21:40:32","date_gmt":"2025-06-07T21:40:32","guid":{"rendered":"https:\/\/blogsaverroes.juntadeandalucia.es\/ceiplasalbinas\/?p=5590"},"modified":"2025-06-07T21:40:56","modified_gmt":"2025-06-07T21:40:56","slug":"proa-taller-de-radio-escolar-para-el-alumnado-de-4o-y-5o-de-primaria","status":"publish","type":"post","link":"https:\/\/blogsaverroes.juntadeandalucia.es\/ceiplasalbinas\/proa-taller-de-radio-escolar-para-el-alumnado-de-4o-y-5o-de-primaria\/","title":{"rendered":"PROA+ TALLER DE RADIO ESCOLAR PARA EL ALUMNADO DE 4\u00ba Y 5\u00ba DE PRIMARIA"},"content":{"rendered":"<p>El alumnado de 4\u00ba y 5\u00ba curso del CEIP Las Albinas est\u00e1 realizando durante los meses de mayo y junio un taller de Comic e Inteligencia Artificial impartido por Alberto de la empresa Techmakers. El objetivo del taller es el de fomentar la expresi\u00f3n oral, la creatividad y el trabajo en equipo a trav\u00e9s de la producci\u00f3n de contenidos radiof\u00f3nicos, integrando tecnolog\u00eda, periodismo b\u00e1sico y educaci\u00f3n en valores.<\/p>\n<p><a href=\"https:\/\/blogsaverroes.juntadeandalucia.es\/ceiplasalbinas\/files\/2025\/06\/WhatsApp-Image-2025-05-22-at-13.24.50-e1749332271409.jpg\"><img loading=\"lazy\" decoding=\"async\" class=\"aligncenter wp-image-5591\" src=\"https:\/\/blogsaverroes.juntadeandalucia.es\/ceiplasalbinas\/files\/2025\/06\/WhatsApp-Image-2025-05-22-at-13.24.50-e1749332271409-300x124.jpg\" alt=\"\" width=\"609\" height=\"252\" srcset=\"https:\/\/blogsaverroes.juntadeandalucia.es\/ceiplasalbinas\/files\/2025\/06\/WhatsApp-Image-2025-05-22-at-13.24.50-e1749332271409-300x124.jpg 300w, https:\/\/blogsaverroes.juntadeandalucia.es\/ceiplasalbinas\/files\/2025\/06\/WhatsApp-Image-2025-05-22-at-13.24.50-e1749332271409-1024x423.jpg 1024w, https:\/\/blogsaverroes.juntadeandalucia.es\/ceiplasalbinas\/files\/2025\/06\/WhatsApp-Image-2025-05-22-at-13.24.50-e1749332271409-768x318.jpg 768w, https:\/\/blogsaverroes.juntadeandalucia.es\/ceiplasalbinas\/files\/2025\/06\/WhatsApp-Image-2025-05-22-at-13.24.50-e1749332271409.jpg 1340w\" sizes=\"(max-width: 609px) 100vw, 609px\" \/><\/a><\/p>\n<p>Entre las actividades que se llevaran a cabo destacamos:<\/p>\n<ol>\n<li>Conocer que es la radio y como funciona (breve historia, formatos: entrevistas, noticias, cuentos, m\u00fasica).<\/li>\n<li>Ejemplos de programas hechos por ni\u00f1os (ej. \u00abRadio Patio\u00bb de otros colegios).<\/li>\n<li>B\u00fasqueda de informaci\u00f3n sobre temas actuales y cercanos al alumnado.<\/li>\n<li>Creaci\u00f3n de guiones para las grabaciones&nbsp;<\/li>\n<li>Normas b\u00e1sicas: hablar claro, respetar turnos, usar un tono adecuado.<\/li>\n<li>Uso de herramientas sencillas de edici\u00f3n de audio.&nbsp;<\/li>\n<\/ol>\n<p><a href=\"https:\/\/blogsaverroes.juntadeandalucia.es\/ceiplasalbinas\/files\/2025\/06\/WhatsApp-Image-2025-05-21-at-13.47.04-e1749332329461.jpg\"><img loading=\"lazy\" decoding=\"async\" class=\"aligncenter wp-image-5592\" src=\"https:\/\/blogsaverroes.juntadeandalucia.es\/ceiplasalbinas\/files\/2025\/06\/WhatsApp-Image-2025-05-21-at-13.47.04-e1749332329461-300x214.jpg\" alt=\"\" width=\"637\" height=\"454\"><\/a><\/p>\n<p>Los alumnos rotan en diferentes roles:<\/p>\n<ul>\n<li>Locutores: Presentan secciones.<\/li>\n<li>Reporteros: Graban entrevistas o noticias del colegio.<\/li>\n<li>T\u00e9cnicos: Manejan equipos de sonido (grabadora, micr\u00f3fono, software de edici\u00f3n sencilla como Audacity o Anchor).<\/li>\n<li>Guionistas: Escriben los textos (adaptados a su edad).<\/li>\n<\/ul>\n<p>Pesamos que esta actividad contribuir\u00e1 a:<\/p>\n<ul>\n<li>Reforzar la lectoescritura, al preparar guiones para las grabaciones.<\/li>\n<li>Desarrollar competencias digitales a trav\u00e9s de la grabaci\u00f3n y edici\u00f3n de programas.&nbsp;<\/li>\n<li>Promover habilidades sociales fundamentales para la vida en sociedad como son la escucha activa, la cooperaci\u00f3n y el respeto.<\/li>\n<\/ul>\n<p style=\"text-align: center\"><a href=\"https:\/\/photos.app.goo.gl\/rreYV7edFbiaaMjs5\" target=\"_blank\" rel=\"noopener\">Ver m\u00e1s im\u00e1genes de la actividad<\/a><\/p>\n<p>&nbsp;<\/p>\n<p>&nbsp;<\/p>\n<p>&nbsp;<\/p>\n","protected":false},"excerpt":{"rendered":"<p>El alumnado de 4\u00ba y 5\u00ba curso del CEIP Las Albinas est\u00e1 realizando durante los meses de mayo y junio un taller de Comic e&hellip;<\/p>\n","protected":false},"author":10177,"featured_media":5592,"comment_status":"closed","ping_status":"open","sticky":false,"template":"","format":"standard","meta":{"ngg_post_thumbnail":0,"footnotes":""},"categories":[2351712,2351655,2351725],"tags":[],"aioseo_notices":[],"_links":{"self":[{"href":"https:\/\/blogsaverroes.juntadeandalucia.es\/ceiplasalbinas\/wp-json\/wp\/v2\/posts\/5590"}],"collection":[{"href":"https:\/\/blogsaverroes.juntadeandalucia.es\/ceiplasalbinas\/wp-json\/wp\/v2\/posts"}],"about":[{"href":"https:\/\/blogsaverroes.juntadeandalucia.es\/ceiplasalbinas\/wp-json\/wp\/v2\/types\/post"}],"author":[{"embeddable":true,"href":"https:\/\/blogsaverroes.juntadeandalucia.es\/ceiplasalbinas\/wp-json\/wp\/v2\/users\/10177"}],"replies":[{"embeddable":true,"href":"https:\/\/blogsaverroes.juntadeandalucia.es\/ceiplasalbinas\/wp-json\/wp\/v2\/comments?post=5590"}],"version-history":[{"count":2,"href":"https:\/\/blogsaverroes.juntadeandalucia.es\/ceiplasalbinas\/wp-json\/wp\/v2\/posts\/5590\/revisions"}],"predecessor-version":[{"id":5594,"href":"https:\/\/blogsaverroes.juntadeandalucia.es\/ceiplasalbinas\/wp-json\/wp\/v2\/posts\/5590\/revisions\/5594"}],"wp:featuredmedia":[{"embeddable":true,"href":"https:\/\/blogsaverroes.juntadeandalucia.es\/ceiplasalbinas\/wp-json\/wp\/v2\/media\/5592"}],"wp:attachment":[{"href":"https:\/\/blogsaverroes.juntadeandalucia.es\/ceiplasalbinas\/wp-json\/wp\/v2\/media?parent=5590"}],"wp:term":[{"taxonomy":"category","embeddable":true,"href":"https:\/\/blogsaverroes.juntadeandalucia.es\/ceiplasalbinas\/wp-json\/wp\/v2\/categories?post=5590"},{"taxonomy":"post_tag","embeddable":true,"href":"https:\/\/blogsaverroes.juntadeandalucia.es\/ceiplasalbinas\/wp-json\/wp\/v2\/tags?post=5590"}],"curies":[{"name":"wp","href":"https:\/\/api.w.org\/{rel}","templated":true}]}}