{"id":6116,"date":"2026-04-24T08:30:51","date_gmt":"2026-04-24T08:30:51","guid":{"rendered":"https:\/\/blogsaverroes.juntadeandalucia.es\/ceiplasalbinas\/?p=6116"},"modified":"2026-04-24T08:30:51","modified_gmt":"2026-04-24T08:30:51","slug":"olimpiadas-escolares","status":"publish","type":"post","link":"https:\/\/blogsaverroes.juntadeandalucia.es\/ceiplasalbinas\/olimpiadas-escolares\/","title":{"rendered":"OLIMPIADAS ESCOLARES"},"content":{"rendered":"<p style=\"text-align: justify\" data-path-to-node=\"3\">El deporte y la convivencia fueron los grandes protagonistas de esta semana en nuestra localidad. El Ayuntamiento de Chiclana organiz\u00f3 una nueva edici\u00f3n de las <b data-path-to-node=\"3\" data-index-in-node=\"160\">Olimpiadas Escolares<\/b>, una cita que ya es imprescindible en nuestro calendario y que volvi\u00f3 a llenar las pistas de ilusi\u00f3n, esfuerzo y, sobre todo, muchas sonrisas.<\/p>\n<h3 style=\"text-align: justify\" data-path-to-node=\"4\">Una jornada de atletismo puro<\/h3>\n<p style=\"text-align: justify\" data-path-to-node=\"5\">En esta ocasi\u00f3n, los protagonistas fueron los alumnos y alumnas de <b data-path-to-node=\"5\" data-index-in-node=\"67\">3\u00ba, 4\u00ba, 5\u00ba y 6\u00ba de Primaria<\/b>, quienes representaron a sus centros con orgullo y deportividad nuestro centro. Los j\u00f3venes atletas compitieron en tres disciplinas fundamentales:<\/p>\n<ul style=\"text-align: justify\" data-path-to-node=\"6\">\n<li>\n<p data-path-to-node=\"6,0,0\"><b data-path-to-node=\"6,0,0\" data-index-in-node=\"0\">Carreras de velocidad:<\/b> Donde la explosividad y la emoci\u00f3n se sintieron en cada zancada.<\/p>\n<\/li>\n<li>\n<p data-path-to-node=\"6,1,0\"><b data-path-to-node=\"6,1,0\" data-index-in-node=\"0\">Salto de longitud:<\/b> Una prueba que nos dej\u00f3 vuelos incre\u00edbles sobre el foso de arena.<\/p>\n<\/li>\n<li>\n<p data-path-to-node=\"6,2,0\"><b data-path-to-node=\"6,2,0\" data-index-in-node=\"0\">Lanzamiento de peso:<\/b> Demostrando que la t\u00e9cnica y la fuerza van de la mano.<\/p>\n<\/li>\n<\/ul>\n<h3 style=\"text-align: justify\" data-path-to-node=\"7\">Mucho m\u00e1s que medallas<\/h3>\n<p style=\"text-align: justify\" data-path-to-node=\"8\">Aunque el nivel competitivo fue alt\u00edsimo, lo m\u00e1s valioso de la jornada no ocurri\u00f3 en el podio. Lo verdaderamente importante fue ver a ni\u00f1os de diferentes colegios <b data-path-to-node=\"8\" data-index-in-node=\"163\">disfrutando juntos<\/b>, compartiendo risas entre prueba y prueba, y celebrando el \u00e9xito de sus compa\u00f1eros.<\/p>\n<p style=\"text-align: justify\" data-path-to-node=\"9\">La <b data-path-to-node=\"9\" data-index-in-node=\"3\">convivencia y los valores del deporte<\/b> brillaron por encima de cualquier marca personal. Fue una oportunidad perfecta para fomentar h\u00e1bitos de vida saludables y fortalecer los lazos de amistad entre los escolares chiclaneros.<\/p>\n<h3 style=\"text-align: justify\" data-path-to-node=\"10\">Agradecimientos<\/h3>\n<p style=\"text-align: justify\" data-path-to-node=\"11\">Desde la organizaci\u00f3n queremos expresar nuestro m\u00e1s sincero agradecimiento:<\/p>\n<ol style=\"text-align: justify\" start=\"1\" data-path-to-node=\"12\">\n<li>\n<p data-path-to-node=\"12,0,0\"><b data-path-to-node=\"12,0,0\" data-index-in-node=\"0\">A los alumnos y alumnas:<\/b> Por vuestro comportamiento ejemplar, vuestra energ\u00eda inagotable y por recordarnos que lo importante es participar y dar lo mejor de uno mismo.<\/p>\n<\/li>\n<li>\n<p data-path-to-node=\"12,1,0\"><b data-path-to-node=\"12,1,0\" data-index-in-node=\"0\">A las familias:<\/b> Gracias por vuestra asistencia, por vuestro apoyo desde la grada y por el esfuerzo de llevar a los peque\u00f1os a estas jornadas. Sin vuestro compromiso, este evento no ser\u00eda posible.<\/p>\n<\/li>\n<\/ol>\n<blockquote data-path-to-node=\"13\">\n<p data-path-to-node=\"13,0\"><b data-path-to-node=\"14\" data-index-in-node=\"0\">\u00a1Nos vemos en la pr\u00f3xima edici\u00f3n!<\/b><\/p>\n<\/blockquote>\n<p style=\"text-align: justify\"><a href=\"https:\/\/photos.app.goo.gl\/YpqAJknR8Zb3KxoB7\">Fotos de la actividad<\/a><\/p>\n","protected":false},"excerpt":{"rendered":"<p>El deporte y la convivencia fueron los grandes protagonistas de esta semana en nuestra localidad. El Ayuntamiento de Chiclana organiz\u00f3 una nueva edici\u00f3n de las&hellip;<\/p>\n","protected":false},"author":10177,"featured_media":6139,"comment_status":"closed","ping_status":"open","sticky":false,"template":"","format":"standard","meta":{"ngg_post_thumbnail":0,"footnotes":""},"categories":[2351724,2351655],"tags":[],"aioseo_notices":[],"_links":{"self":[{"href":"https:\/\/blogsaverroes.juntadeandalucia.es\/ceiplasalbinas\/wp-json\/wp\/v2\/posts\/6116"}],"collection":[{"href":"https:\/\/blogsaverroes.juntadeandalucia.es\/ceiplasalbinas\/wp-json\/wp\/v2\/posts"}],"about":[{"href":"https:\/\/blogsaverroes.juntadeandalucia.es\/ceiplasalbinas\/wp-json\/wp\/v2\/types\/post"}],"author":[{"embeddable":true,"href":"https:\/\/blogsaverroes.juntadeandalucia.es\/ceiplasalbinas\/wp-json\/wp\/v2\/users\/10177"}],"replies":[{"embeddable":true,"href":"https:\/\/blogsaverroes.juntadeandalucia.es\/ceiplasalbinas\/wp-json\/wp\/v2\/comments?post=6116"}],"version-history":[{"count":1,"href":"https:\/\/blogsaverroes.juntadeandalucia.es\/ceiplasalbinas\/wp-json\/wp\/v2\/posts\/6116\/revisions"}],"predecessor-version":[{"id":6140,"href":"https:\/\/blogsaverroes.juntadeandalucia.es\/ceiplasalbinas\/wp-json\/wp\/v2\/posts\/6116\/revisions\/6140"}],"wp:featuredmedia":[{"embeddable":true,"href":"https:\/\/blogsaverroes.juntadeandalucia.es\/ceiplasalbinas\/wp-json\/wp\/v2\/media\/6139"}],"wp:attachment":[{"href":"https:\/\/blogsaverroes.juntadeandalucia.es\/ceiplasalbinas\/wp-json\/wp\/v2\/media?parent=6116"}],"wp:term":[{"taxonomy":"category","embeddable":true,"href":"https:\/\/blogsaverroes.juntadeandalucia.es\/ceiplasalbinas\/wp-json\/wp\/v2\/categories?post=6116"},{"taxonomy":"post_tag","embeddable":true,"href":"https:\/\/blogsaverroes.juntadeandalucia.es\/ceiplasalbinas\/wp-json\/wp\/v2\/tags?post=6116"}],"curies":[{"name":"wp","href":"https:\/\/api.w.org\/{rel}","templated":true}]}}