{"id":3179,"date":"2023-06-21T07:49:38","date_gmt":"2023-06-21T07:49:38","guid":{"rendered":"https:\/\/blogsaverroes.juntadeandalucia.es\/ceiplasalhomas\/?p=3179"},"modified":"2023-06-21T08:00:41","modified_gmt":"2023-06-21T08:00:41","slug":"3179","status":"publish","type":"post","link":"https:\/\/blogsaverroes.juntadeandalucia.es\/ceiplasalhomas\/2023\/06\/21\/3179\/","title":{"rendered":"IV CONCURSO DE POESIA 2022-23"},"content":{"rendered":"<p class=\"p1\">IV CONCURSO DE POES\u00cdA<\/p>\n<p class=\"p1\">CEIP LAS ALHOMAS<\/p>\n<p class=\"p1\">CURSO 2022\/23<\/p>\n<p class=\"p3\">Desde el CEIP las Alhomas queremos felicitar a ganadores y finalistas del IV concurso de poes\u00eda celebrado en nuestro centro.<\/p>\n<p><a href=\"https:\/\/blogsaverroes.juntadeandalucia.es\/ceiplasalhomas\/files\/2023\/06\/IMG_0197-scaled.jpg\"><img loading=\"lazy\" decoding=\"async\" class=\"aligncenter size-full wp-image-3180\" src=\"https:\/\/blogsaverroes.juntadeandalucia.es\/ceiplasalhomas\/files\/2023\/06\/IMG_0197-scaled.jpg\" alt=\"\" width=\"1600\" height=\"1200\" srcset=\"https:\/\/blogsaverroes.juntadeandalucia.es\/ceiplasalhomas\/files\/2023\/06\/IMG_0197-scaled.jpg 1600w, https:\/\/blogsaverroes.juntadeandalucia.es\/ceiplasalhomas\/files\/2023\/06\/IMG_0197-300x225.jpg 300w, https:\/\/blogsaverroes.juntadeandalucia.es\/ceiplasalhomas\/files\/2023\/06\/IMG_0197-1024x768.jpg 1024w, https:\/\/blogsaverroes.juntadeandalucia.es\/ceiplasalhomas\/files\/2023\/06\/IMG_0197-768x576.jpg 768w, https:\/\/blogsaverroes.juntadeandalucia.es\/ceiplasalhomas\/files\/2023\/06\/IMG_0197-1536x1152.jpg 1536w, https:\/\/blogsaverroes.juntadeandalucia.es\/ceiplasalhomas\/files\/2023\/06\/IMG_0197-2048x1536.jpg 2048w\" sizes=\"(max-width: 1600px) 100vw, 1600px\" \/><\/a> <a href=\"https:\/\/blogsaverroes.juntadeandalucia.es\/ceiplasalhomas\/files\/2023\/06\/IMG_0198-scaled.jpg\"><img loading=\"lazy\" decoding=\"async\" class=\"aligncenter size-full wp-image-3181\" src=\"https:\/\/blogsaverroes.juntadeandalucia.es\/ceiplasalhomas\/files\/2023\/06\/IMG_0198-scaled.jpg\" alt=\"\" width=\"1600\" height=\"1200\" srcset=\"https:\/\/blogsaverroes.juntadeandalucia.es\/ceiplasalhomas\/files\/2023\/06\/IMG_0198-scaled.jpg 1600w, https:\/\/blogsaverroes.juntadeandalucia.es\/ceiplasalhomas\/files\/2023\/06\/IMG_0198-300x225.jpg 300w, https:\/\/blogsaverroes.juntadeandalucia.es\/ceiplasalhomas\/files\/2023\/06\/IMG_0198-1024x768.jpg 1024w, https:\/\/blogsaverroes.juntadeandalucia.es\/ceiplasalhomas\/files\/2023\/06\/IMG_0198-768x576.jpg 768w, https:\/\/blogsaverroes.juntadeandalucia.es\/ceiplasalhomas\/files\/2023\/06\/IMG_0198-1536x1152.jpg 1536w, https:\/\/blogsaverroes.juntadeandalucia.es\/ceiplasalhomas\/files\/2023\/06\/IMG_0198-2048x1536.jpg 2048w\" sizes=\"(max-width: 1600px) 100vw, 1600px\" \/><\/a> <a href=\"https:\/\/blogsaverroes.juntadeandalucia.es\/ceiplasalhomas\/files\/2023\/06\/IMG_0199-scaled.jpg\"><img loading=\"lazy\" decoding=\"async\" class=\"aligncenter size-full wp-image-3182\" src=\"https:\/\/blogsaverroes.juntadeandalucia.es\/ceiplasalhomas\/files\/2023\/06\/IMG_0199-scaled.jpg\" alt=\"\" width=\"1600\" height=\"1200\" srcset=\"https:\/\/blogsaverroes.juntadeandalucia.es\/ceiplasalhomas\/files\/2023\/06\/IMG_0199-scaled.jpg 1600w, https:\/\/blogsaverroes.juntadeandalucia.es\/ceiplasalhomas\/files\/2023\/06\/IMG_0199-300x225.jpg 300w, https:\/\/blogsaverroes.juntadeandalucia.es\/ceiplasalhomas\/files\/2023\/06\/IMG_0199-1024x768.jpg 1024w, https:\/\/blogsaverroes.juntadeandalucia.es\/ceiplasalhomas\/files\/2023\/06\/IMG_0199-768x576.jpg 768w, https:\/\/blogsaverroes.juntadeandalucia.es\/ceiplasalhomas\/files\/2023\/06\/IMG_0199-1536x1152.jpg 1536w, https:\/\/blogsaverroes.juntadeandalucia.es\/ceiplasalhomas\/files\/2023\/06\/IMG_0199-2048x1536.jpg 2048w\" sizes=\"(max-width: 1600px) 100vw, 1600px\" \/><\/a> <a href=\"https:\/\/blogsaverroes.juntadeandalucia.es\/ceiplasalhomas\/files\/2023\/06\/IMG_0200-scaled.jpg\"><img loading=\"lazy\" decoding=\"async\" class=\"aligncenter size-full wp-image-3183\" src=\"https:\/\/blogsaverroes.juntadeandalucia.es\/ceiplasalhomas\/files\/2023\/06\/IMG_0200-scaled.jpg\" alt=\"\" width=\"1600\" height=\"1200\" srcset=\"https:\/\/blogsaverroes.juntadeandalucia.es\/ceiplasalhomas\/files\/2023\/06\/IMG_0200-scaled.jpg 1600w, https:\/\/blogsaverroes.juntadeandalucia.es\/ceiplasalhomas\/files\/2023\/06\/IMG_0200-300x225.jpg 300w, https:\/\/blogsaverroes.juntadeandalucia.es\/ceiplasalhomas\/files\/2023\/06\/IMG_0200-1024x768.jpg 1024w, https:\/\/blogsaverroes.juntadeandalucia.es\/ceiplasalhomas\/files\/2023\/06\/IMG_0200-768x576.jpg 768w, https:\/\/blogsaverroes.juntadeandalucia.es\/ceiplasalhomas\/files\/2023\/06\/IMG_0200-1536x1152.jpg 1536w, https:\/\/blogsaverroes.juntadeandalucia.es\/ceiplasalhomas\/files\/2023\/06\/IMG_0200-2048x1536.jpg 2048w\" sizes=\"(max-width: 1600px) 100vw, 1600px\" \/><\/a><\/p>\n<p class=\"p1\">2\u00baA<span class=\"Apple-converted-space\">&nbsp;<\/span><\/p>\n<p class=\"p1\">Ganador : Oscar Medina Mart\u00ednez<\/p>\n<p class=\"p1\">Finalistas: Alejandra Ruiz Prieto\/ Alma L\u00f3pez D\u00edaz<\/p>\n<p class=\"p1\">2\u00baB<span class=\"Apple-converted-space\">&nbsp;<\/span><\/p>\n<p class=\"p1\">Ganadora Laura Mart\u00edn Bueno<\/p>\n<p class=\"p1\">Finalistas: Luna Arco Ram\u00edrez \/ Elisa Moreno Peralta<span class=\"Apple-converted-space\">&nbsp;<\/span><\/p>\n<p class=\"p1\">3\u00ba A<\/p>\n<p class=\"p1\">Ganadora: Martina Garc\u00eda Aguilera<\/p>\n<p class=\"p1\">Finalistas: Juan Diego Rubia Tejera \/ Paula Ruiz Prieto<\/p>\n<p class=\"p1\">3\u00ba B<\/p>\n<p class=\"p1\">Ganadora: Roc\u00edo Prieto Calmaestra<\/p>\n<p class=\"p1\">Finalistas: Zoe Crespo Garc\u00eda \/ Irene Garz\u00f3n Jim\u00e9nez\/ Martina Sierra Peralta<\/p>\n<p class=\"p1\">4\u00ba<span class=\"Apple-converted-space\">&nbsp;<\/span><\/p>\n<p class=\"p1\">Ganadora: Elvira delgado Mart\u00edn<\/p>\n<p class=\"p1\">Finalistas: Naevia Palma Mart\u00ednez\/ \u00c1ngela Granados Velarde\/ Miguel Verdejo Paredes<\/p>\n<p class=\"p1\">5\u00ba<span class=\"Apple-converted-space\">&nbsp;<\/span><\/p>\n<p class=\"p1\">Ganadora: Daniela Aguilera Guti\u00e9rrez<\/p>\n<p class=\"p1\">Finalistas: Antonio Manuel Quesada \u00c1lvarez\/Francisco Mart\u00edn Campos<span class=\"Apple-converted-space\">&nbsp;<\/span><\/p>\n<p class=\"p1\">6\u00ba<span class=\"Apple-converted-space\">&nbsp;<\/span><\/p>\n<p class=\"p1\">Ganadora: Dana Mellado Rebrun<\/p>\n<p class=\"p1\">Finalistas: Andrea Ram\u00edrez Casado\/ Andrea Aguilera Gonz\u00e1lez<\/p>\n<p class=\"p1\">1\u00ba ESO<\/p>\n<p class=\"p1\">Ganadora:<span class=\"Apple-converted-space\">&nbsp;<\/span><\/p>\n<p class=\"p1\">-Elena Prieto Calmaestra<\/p>\n<p class=\"p1\">Finalistas:<\/p>\n<p class=\"p1\">&#8211; Daniela Moreno \u00c1valos<\/p>\n<p class=\"p1\">&#8211; Jos\u00e9 Fern\u00e1ndez Ortiz<\/p>\n<p class=\"p1\">2\u00ba ESO A<\/p>\n<p class=\"p1\">Ganadora: Zaira Miranda Torres<\/p>\n<p class=\"p1\">Finalistas: Celia Mart\u00edn Trujillo\/ Jorge Crespo Ortiz<\/p>\n<p class=\"p1\">2\u00ba ESO B<\/p>\n<p class=\"p1\">Ganadora: Nadia Ord\u00f3\u00f1ez G\u00f3mez<\/p>\n<p class=\"p1\">Finalistas: Manuel Pozo Guzm\u00e1n \/ Jose Antonio Mart\u00edn Campos<\/p>\n<p class=\"p1\">MENCI\u00d3N ESPECIAL PARA LOS CURSOS DE PRIMERO DE PRIMARIA A Y B POR SU POES\u00cdAS ELABORADAS DE FORMA COOPERATIVA.<\/p>\n","protected":false},"excerpt":{"rendered":"<p>IV CONCURSO DE POES\u00cdA CEIP LAS ALHOMAS CURSO 2022\/23 Desde el CEIP las Alhomas queremos felicitar a ganadores y finalistas del IV concurso de poes\u00eda celebrado en nuestro centro. 2\u00baA&nbsp; Ganador : Oscar Medina&#46;&#46;&#46;<\/p>\n","protected":false},"author":2761,"featured_media":0,"comment_status":"open","ping_status":"open","sticky":false,"template":"","format":"standard","meta":{"ngg_post_thumbnail":0,"footnotes":""},"categories":[11909],"tags":[],"aioseo_notices":[],"_links":{"self":[{"href":"https:\/\/blogsaverroes.juntadeandalucia.es\/ceiplasalhomas\/wp-json\/wp\/v2\/posts\/3179"}],"collection":[{"href":"https:\/\/blogsaverroes.juntadeandalucia.es\/ceiplasalhomas\/wp-json\/wp\/v2\/posts"}],"about":[{"href":"https:\/\/blogsaverroes.juntadeandalucia.es\/ceiplasalhomas\/wp-json\/wp\/v2\/types\/post"}],"author":[{"embeddable":true,"href":"https:\/\/blogsaverroes.juntadeandalucia.es\/ceiplasalhomas\/wp-json\/wp\/v2\/users\/2761"}],"replies":[{"embeddable":true,"href":"https:\/\/blogsaverroes.juntadeandalucia.es\/ceiplasalhomas\/wp-json\/wp\/v2\/comments?post=3179"}],"version-history":[{"count":3,"href":"https:\/\/blogsaverroes.juntadeandalucia.es\/ceiplasalhomas\/wp-json\/wp\/v2\/posts\/3179\/revisions"}],"predecessor-version":[{"id":3187,"href":"https:\/\/blogsaverroes.juntadeandalucia.es\/ceiplasalhomas\/wp-json\/wp\/v2\/posts\/3179\/revisions\/3187"}],"wp:attachment":[{"href":"https:\/\/blogsaverroes.juntadeandalucia.es\/ceiplasalhomas\/wp-json\/wp\/v2\/media?parent=3179"}],"wp:term":[{"taxonomy":"category","embeddable":true,"href":"https:\/\/blogsaverroes.juntadeandalucia.es\/ceiplasalhomas\/wp-json\/wp\/v2\/categories?post=3179"},{"taxonomy":"post_tag","embeddable":true,"href":"https:\/\/blogsaverroes.juntadeandalucia.es\/ceiplasalhomas\/wp-json\/wp\/v2\/tags?post=3179"}],"curies":[{"name":"wp","href":"https:\/\/api.w.org\/{rel}","templated":true}]}}