{"id":2463,"date":"2023-05-25T07:43:11","date_gmt":"2023-05-25T07:43:11","guid":{"rendered":"https:\/\/blogsaverroes.juntadeandalucia.es\/ceiplaserillas\/?p=2463"},"modified":"2023-05-25T07:43:24","modified_gmt":"2023-05-25T07:43:24","slug":"educar-en-positivo","status":"publish","type":"post","link":"https:\/\/blogsaverroes.juntadeandalucia.es\/ceiplaserillas\/educar-en-positivo\/","title":{"rendered":"Educar en positivo"},"content":{"rendered":"<div class=\"xdj266r x11i5rnm xat24cr x1mh8g0r x1vvkbs x126k92a\">\n<div dir=\"auto\">Estimadas familias. El lunes pasado nuestro centro particip\u00f3 en los talleres organizados por el Punto de Igualdad Municipal del Ayuntamiento de Aznalc\u00f3llar en colaboraci\u00f3n con los centros educativos dirigidos a 5\u00ba y 6\u00ba de primaria \u201cCONECTAR EN POSITIVO\u201d. En ellos se han proporcionado herramientas y formaci\u00f3n al alumnado sobre:<\/div>\n<\/div>\n<div class=\"x11i5rnm xat24cr x1mh8g0r x1vvkbs xtlvy1s x126k92a\">\n<div dir=\"auto\">&#8211; Violencias cotidianas a trav\u00e9s de las redes (tales como ciberbullying, acoso, grooming, etc.)<\/div>\n<\/div>\n<div class=\"x11i5rnm xat24cr x1mh8g0r x1vvkbs xtlvy1s x126k92a\">\n<div dir=\"auto\">&#8211; La influencia de las redes sociales en la perpetuaci\u00f3n de los roles de g\u00e9nero tradicionales y la hipersexualizaci\u00f3n del cuerpo de las mujeres.<\/div>\n<\/div>\n<div class=\"x11i5rnm xat24cr x1mh8g0r x1vvkbs xtlvy1s x126k92a\">\n<div dir=\"auto\">&#8211; Buenas pr\u00e1cticas en el uso de las redes sociales.<\/div>\n<\/div>\n<div class=\"x11i5rnm xat24cr x1mh8g0r x1vvkbs xtlvy1s x126k92a\">\n<div dir=\"auto\">&#8211; Resoluci\u00f3n no violenta de conflictos generados por el uso de las TICs.<\/div>\n<\/div>\n<div class=\"x11i5rnm xat24cr x1mh8g0r x1vvkbs xtlvy1s x126k92a\">\n<div dir=\"auto\">&#8211; Efectos para la salud de las redes sociales (salud mental y f\u00edsica)<\/div>\n<\/div>\n<div class=\"x11i5rnm xat24cr x1mh8g0r x1vvkbs xtlvy1s x126k92a\">\n<div dir=\"auto\">Estamos seguros de que nuestro alumnado lo habr\u00e1 sabido aprovechar.<\/div>\n<\/div>\n<div dir=\"auto\">&nbsp;<\/div>\n<div dir=\"auto\"><a href=\"https:\/\/blogsaverroes.juntadeandalucia.es\/ceiplaserillas\/files\/2023\/05\/iguald.jpg\"><img loading=\"lazy\" decoding=\"async\" class=\"alignnone size-medium wp-image-2464\" src=\"https:\/\/blogsaverroes.juntadeandalucia.es\/ceiplaserillas\/files\/2023\/05\/iguald-300x225.jpg\" alt=\"\" width=\"300\" height=\"225\" srcset=\"https:\/\/blogsaverroes.juntadeandalucia.es\/ceiplaserillas\/files\/2023\/05\/iguald-300x225.jpg 300w, https:\/\/blogsaverroes.juntadeandalucia.es\/ceiplaserillas\/files\/2023\/05\/iguald-768x576.jpg 768w, https:\/\/blogsaverroes.juntadeandalucia.es\/ceiplaserillas\/files\/2023\/05\/iguald.jpg 960w\" sizes=\"(max-width: 300px) 100vw, 300px\" \/><\/a> <a href=\"https:\/\/blogsaverroes.juntadeandalucia.es\/ceiplaserillas\/files\/2023\/05\/igualdad.jpg\"><img loading=\"lazy\" decoding=\"async\" class=\"alignnone size-medium wp-image-2465\" src=\"https:\/\/blogsaverroes.juntadeandalucia.es\/ceiplaserillas\/files\/2023\/05\/igualdad-300x225.jpg\" alt=\"\" width=\"300\" height=\"225\" srcset=\"https:\/\/blogsaverroes.juntadeandalucia.es\/ceiplaserillas\/files\/2023\/05\/igualdad-300x225.jpg 300w, https:\/\/blogsaverroes.juntadeandalucia.es\/ceiplaserillas\/files\/2023\/05\/igualdad-768x576.jpg 768w, https:\/\/blogsaverroes.juntadeandalucia.es\/ceiplaserillas\/files\/2023\/05\/igualdad.jpg 1024w\" sizes=\"(max-width: 300px) 100vw, 300px\" \/><\/a><\/div>\n","protected":false},"excerpt":{"rendered":"<p>Estimadas familias. El lunes pasado nuestro centro particip\u00f3 en los talleres organizados por el Punto de Igualdad Municipal del Ayuntamiento de Aznalc\u00f3llar en colaboraci\u00f3n con los centros educativos dirigidos a 5\u00ba y 6\u00ba de&#46;&#46;&#46;<\/p>\n","protected":false},"author":11325,"featured_media":2313,"comment_status":"open","ping_status":"open","sticky":false,"template":"","format":"standard","meta":{"ngg_post_thumbnail":0,"footnotes":""},"categories":[784],"tags":[],"aioseo_notices":[],"_links":{"self":[{"href":"https:\/\/blogsaverroes.juntadeandalucia.es\/ceiplaserillas\/wp-json\/wp\/v2\/posts\/2463"}],"collection":[{"href":"https:\/\/blogsaverroes.juntadeandalucia.es\/ceiplaserillas\/wp-json\/wp\/v2\/posts"}],"about":[{"href":"https:\/\/blogsaverroes.juntadeandalucia.es\/ceiplaserillas\/wp-json\/wp\/v2\/types\/post"}],"author":[{"embeddable":true,"href":"https:\/\/blogsaverroes.juntadeandalucia.es\/ceiplaserillas\/wp-json\/wp\/v2\/users\/11325"}],"replies":[{"embeddable":true,"href":"https:\/\/blogsaverroes.juntadeandalucia.es\/ceiplaserillas\/wp-json\/wp\/v2\/comments?post=2463"}],"version-history":[{"count":1,"href":"https:\/\/blogsaverroes.juntadeandalucia.es\/ceiplaserillas\/wp-json\/wp\/v2\/posts\/2463\/revisions"}],"predecessor-version":[{"id":2466,"href":"https:\/\/blogsaverroes.juntadeandalucia.es\/ceiplaserillas\/wp-json\/wp\/v2\/posts\/2463\/revisions\/2466"}],"wp:featuredmedia":[{"embeddable":true,"href":"https:\/\/blogsaverroes.juntadeandalucia.es\/ceiplaserillas\/wp-json\/wp\/v2\/media\/2313"}],"wp:attachment":[{"href":"https:\/\/blogsaverroes.juntadeandalucia.es\/ceiplaserillas\/wp-json\/wp\/v2\/media?parent=2463"}],"wp:term":[{"taxonomy":"category","embeddable":true,"href":"https:\/\/blogsaverroes.juntadeandalucia.es\/ceiplaserillas\/wp-json\/wp\/v2\/categories?post=2463"},{"taxonomy":"post_tag","embeddable":true,"href":"https:\/\/blogsaverroes.juntadeandalucia.es\/ceiplaserillas\/wp-json\/wp\/v2\/tags?post=2463"}],"curies":[{"name":"wp","href":"https:\/\/api.w.org\/{rel}","templated":true}]}}