{"id":2534,"date":"2024-04-11T11:49:34","date_gmt":"2024-04-11T11:49:34","guid":{"rendered":"https:\/\/blogsaverroes.juntadeandalucia.es\/ceiplaserillas\/?p=2534"},"modified":"2024-04-11T11:49:34","modified_gmt":"2024-04-11T11:49:34","slug":"programacion-semana-del-libro-erillera-2024","status":"publish","type":"post","link":"https:\/\/blogsaverroes.juntadeandalucia.es\/ceiplaserillas\/programacion-semana-del-libro-erillera-2024\/","title":{"rendered":"PROGRAMACI\u00d3N SEMANA DEL LIBRO ERILLERA 2024"},"content":{"rendered":"<p>Aqu\u00ed pod\u00e9is visualizar todas las actividades programadas para la pr\u00f3xima semana.<\/p>\n<p><a href=\"https:\/\/blogsaverroes.juntadeandalucia.es\/ceiplaserillas\/files\/2024\/04\/1712835005243.jpg\"><img loading=\"lazy\" decoding=\"async\" class=\"alignnone size-medium wp-image-2531\" src=\"https:\/\/blogsaverroes.juntadeandalucia.es\/ceiplaserillas\/files\/2024\/04\/1712835005243-120x300.jpg\" alt=\"\" width=\"120\" height=\"300\" srcset=\"https:\/\/blogsaverroes.juntadeandalucia.es\/ceiplaserillas\/files\/2024\/04\/1712835005243-120x300.jpg 120w, https:\/\/blogsaverroes.juntadeandalucia.es\/ceiplaserillas\/files\/2024\/04\/1712835005243-410x1024.jpg 410w, https:\/\/blogsaverroes.juntadeandalucia.es\/ceiplaserillas\/files\/2024\/04\/1712835005243-614x1536.jpg 614w, https:\/\/blogsaverroes.juntadeandalucia.es\/ceiplaserillas\/files\/2024\/04\/1712835005243.jpg 640w\" sizes=\"(max-width: 120px) 100vw, 120px\" \/><\/a><\/p>\n","protected":false},"excerpt":{"rendered":"<p>Aqu\u00ed pod\u00e9is visualizar todas las actividades programadas para la pr\u00f3xima semana.<\/p>\n","protected":false},"author":11325,"featured_media":2531,"comment_status":"open","ping_status":"open","sticky":false,"template":"","format":"standard","meta":{"ngg_post_thumbnail":0,"footnotes":""},"categories":[11909],"tags":[],"aioseo_notices":[],"_links":{"self":[{"href":"https:\/\/blogsaverroes.juntadeandalucia.es\/ceiplaserillas\/wp-json\/wp\/v2\/posts\/2534"}],"collection":[{"href":"https:\/\/blogsaverroes.juntadeandalucia.es\/ceiplaserillas\/wp-json\/wp\/v2\/posts"}],"about":[{"href":"https:\/\/blogsaverroes.juntadeandalucia.es\/ceiplaserillas\/wp-json\/wp\/v2\/types\/post"}],"author":[{"embeddable":true,"href":"https:\/\/blogsaverroes.juntadeandalucia.es\/ceiplaserillas\/wp-json\/wp\/v2\/users\/11325"}],"replies":[{"embeddable":true,"href":"https:\/\/blogsaverroes.juntadeandalucia.es\/ceiplaserillas\/wp-json\/wp\/v2\/comments?post=2534"}],"version-history":[{"count":1,"href":"https:\/\/blogsaverroes.juntadeandalucia.es\/ceiplaserillas\/wp-json\/wp\/v2\/posts\/2534\/revisions"}],"predecessor-version":[{"id":2535,"href":"https:\/\/blogsaverroes.juntadeandalucia.es\/ceiplaserillas\/wp-json\/wp\/v2\/posts\/2534\/revisions\/2535"}],"wp:featuredmedia":[{"embeddable":true,"href":"https:\/\/blogsaverroes.juntadeandalucia.es\/ceiplaserillas\/wp-json\/wp\/v2\/media\/2531"}],"wp:attachment":[{"href":"https:\/\/blogsaverroes.juntadeandalucia.es\/ceiplaserillas\/wp-json\/wp\/v2\/media?parent=2534"}],"wp:term":[{"taxonomy":"category","embeddable":true,"href":"https:\/\/blogsaverroes.juntadeandalucia.es\/ceiplaserillas\/wp-json\/wp\/v2\/categories?post=2534"},{"taxonomy":"post_tag","embeddable":true,"href":"https:\/\/blogsaverroes.juntadeandalucia.es\/ceiplaserillas\/wp-json\/wp\/v2\/tags?post=2534"}],"curies":[{"name":"wp","href":"https:\/\/api.w.org\/{rel}","templated":true}]}}