{"id":2619,"date":"2025-05-07T07:38:26","date_gmt":"2025-05-07T07:38:26","guid":{"rendered":"https:\/\/blogsaverroes.juntadeandalucia.es\/ceiplaserillas\/?p=2619"},"modified":"2025-05-07T07:39:26","modified_gmt":"2025-05-07T07:39:26","slug":"convivencia-2025","status":"publish","type":"post","link":"https:\/\/blogsaverroes.juntadeandalucia.es\/ceiplaserillas\/convivencia-2025\/","title":{"rendered":"CONVIVENCIA 2025"},"content":{"rendered":"<p><a href=\"https:\/\/blogsaverroes.juntadeandalucia.es\/ceiplaserillas\/files\/2025\/05\/convivencia-1.jpg\"><img loading=\"lazy\" decoding=\"async\" class=\"alignnone size-medium wp-image-2621\" src=\"https:\/\/blogsaverroes.juntadeandalucia.es\/ceiplaserillas\/files\/2025\/05\/convivencia-1-300x225.jpg\" alt=\"\" width=\"300\" height=\"225\" srcset=\"https:\/\/blogsaverroes.juntadeandalucia.es\/ceiplaserillas\/files\/2025\/05\/convivencia-1-300x225.jpg 300w, https:\/\/blogsaverroes.juntadeandalucia.es\/ceiplaserillas\/files\/2025\/05\/convivencia-1-1024x768.jpg 1024w, https:\/\/blogsaverroes.juntadeandalucia.es\/ceiplaserillas\/files\/2025\/05\/convivencia-1-768x576.jpg 768w, https:\/\/blogsaverroes.juntadeandalucia.es\/ceiplaserillas\/files\/2025\/05\/convivencia-1-1536x1152.jpg 1536w, https:\/\/blogsaverroes.juntadeandalucia.es\/ceiplaserillas\/files\/2025\/05\/convivencia-1.jpg 2048w\" sizes=\"(max-width: 300px) 100vw, 300px\" \/><\/a>En la tarde de ayer pudimos disfrutar un a\u00f1o m\u00e1s de la convivencia anual que se organiza por parte de nuestra AMPA para toda la comunidad educativa. Profesorado, familias y alumnado pudieron disfrutar de una tarde maravillosa. El pr\u00f3ximo a\u00f1o m\u00e1s y mejor.<\/p>\n","protected":false},"excerpt":{"rendered":"<p>En la tarde de ayer pudimos disfrutar un a\u00f1o m\u00e1s de la convivencia anual que se organiza por parte de nuestra AMPA para toda la comunidad educativa. Profesorado, familias y alumnado pudieron disfrutar de&#46;&#46;&#46;<\/p>\n","protected":false},"author":11325,"featured_media":2621,"comment_status":"open","ping_status":"open","sticky":false,"template":"","format":"standard","meta":{"ngg_post_thumbnail":0,"footnotes":""},"categories":[26636],"tags":[],"aioseo_notices":[],"_links":{"self":[{"href":"https:\/\/blogsaverroes.juntadeandalucia.es\/ceiplaserillas\/wp-json\/wp\/v2\/posts\/2619"}],"collection":[{"href":"https:\/\/blogsaverroes.juntadeandalucia.es\/ceiplaserillas\/wp-json\/wp\/v2\/posts"}],"about":[{"href":"https:\/\/blogsaverroes.juntadeandalucia.es\/ceiplaserillas\/wp-json\/wp\/v2\/types\/post"}],"author":[{"embeddable":true,"href":"https:\/\/blogsaverroes.juntadeandalucia.es\/ceiplaserillas\/wp-json\/wp\/v2\/users\/11325"}],"replies":[{"embeddable":true,"href":"https:\/\/blogsaverroes.juntadeandalucia.es\/ceiplaserillas\/wp-json\/wp\/v2\/comments?post=2619"}],"version-history":[{"count":2,"href":"https:\/\/blogsaverroes.juntadeandalucia.es\/ceiplaserillas\/wp-json\/wp\/v2\/posts\/2619\/revisions"}],"predecessor-version":[{"id":2623,"href":"https:\/\/blogsaverroes.juntadeandalucia.es\/ceiplaserillas\/wp-json\/wp\/v2\/posts\/2619\/revisions\/2623"}],"wp:featuredmedia":[{"embeddable":true,"href":"https:\/\/blogsaverroes.juntadeandalucia.es\/ceiplaserillas\/wp-json\/wp\/v2\/media\/2621"}],"wp:attachment":[{"href":"https:\/\/blogsaverroes.juntadeandalucia.es\/ceiplaserillas\/wp-json\/wp\/v2\/media?parent=2619"}],"wp:term":[{"taxonomy":"category","embeddable":true,"href":"https:\/\/blogsaverroes.juntadeandalucia.es\/ceiplaserillas\/wp-json\/wp\/v2\/categories?post=2619"},{"taxonomy":"post_tag","embeddable":true,"href":"https:\/\/blogsaverroes.juntadeandalucia.es\/ceiplaserillas\/wp-json\/wp\/v2\/tags?post=2619"}],"curies":[{"name":"wp","href":"https:\/\/api.w.org\/{rel}","templated":true}]}}