{"id":46,"date":"2023-03-07T12:46:32","date_gmt":"2023-03-07T12:46:32","guid":{"rendered":"https:\/\/blogsaverroes.juntadeandalucia.es\/ceiplasfloresegundodeprimaria\/?p=46"},"modified":"2023-03-07T12:46:32","modified_gmt":"2023-03-07T12:46:32","slug":"tertulias-dialogicas","status":"publish","type":"post","link":"https:\/\/blogsaverroes.juntadeandalucia.es\/ceiplasfloresegundodeprimaria\/2023\/03\/07\/tertulias-dialogicas\/","title":{"rendered":"Tertulias Dial\u00f3gicas"},"content":{"rendered":"<p><img loading=\"lazy\" decoding=\"async\" class=\"alignnone size-medium wp-image-47\" src=\"https:\/\/blogsaverroes.juntadeandalucia.es\/ceiplasfloresegundodeprimaria\/files\/2023\/03\/PXL_20230222_084810732.MP_-300x169.jpg\" alt=\"\" width=\"300\" height=\"169\" srcset=\"https:\/\/blogsaverroes.juntadeandalucia.es\/ceiplasfloresegundodeprimaria\/files\/2023\/03\/PXL_20230222_084810732.MP_-300x169.jpg 300w, https:\/\/blogsaverroes.juntadeandalucia.es\/ceiplasfloresegundodeprimaria\/files\/2023\/03\/PXL_20230222_084810732.MP_-1024x576.jpg 1024w, https:\/\/blogsaverroes.juntadeandalucia.es\/ceiplasfloresegundodeprimaria\/files\/2023\/03\/PXL_20230222_084810732.MP_-768x432.jpg 768w, https:\/\/blogsaverroes.juntadeandalucia.es\/ceiplasfloresegundodeprimaria\/files\/2023\/03\/PXL_20230222_084810732.MP_-1536x864.jpg 1536w, https:\/\/blogsaverroes.juntadeandalucia.es\/ceiplasfloresegundodeprimaria\/files\/2023\/03\/PXL_20230222_084810732.MP_-2048x1152.jpg 2048w\" sizes=\"(max-width: 300px) 100vw, 300px\" \/> <img loading=\"lazy\" decoding=\"async\" class=\"alignnone size-medium wp-image-48\" src=\"https:\/\/blogsaverroes.juntadeandalucia.es\/ceiplasfloresegundodeprimaria\/files\/2023\/03\/PXL_20230222_084818493-300x169.jpg\" alt=\"\" width=\"300\" height=\"169\" srcset=\"https:\/\/blogsaverroes.juntadeandalucia.es\/ceiplasfloresegundodeprimaria\/files\/2023\/03\/PXL_20230222_084818493-300x169.jpg 300w, https:\/\/blogsaverroes.juntadeandalucia.es\/ceiplasfloresegundodeprimaria\/files\/2023\/03\/PXL_20230222_084818493-1024x576.jpg 1024w, https:\/\/blogsaverroes.juntadeandalucia.es\/ceiplasfloresegundodeprimaria\/files\/2023\/03\/PXL_20230222_084818493-768x432.jpg 768w, https:\/\/blogsaverroes.juntadeandalucia.es\/ceiplasfloresegundodeprimaria\/files\/2023\/03\/PXL_20230222_084818493-1536x864.jpg 1536w, https:\/\/blogsaverroes.juntadeandalucia.es\/ceiplasfloresegundodeprimaria\/files\/2023\/03\/PXL_20230222_084818493-2048x1152.jpg 2048w\" sizes=\"(max-width: 300px) 100vw, 300px\" \/> <img loading=\"lazy\" decoding=\"async\" class=\"alignnone size-medium wp-image-49\" src=\"https:\/\/blogsaverroes.juntadeandalucia.es\/ceiplasfloresegundodeprimaria\/files\/2023\/03\/PXL_20230222_084823605-300x169.jpg\" alt=\"\" width=\"300\" height=\"169\" srcset=\"https:\/\/blogsaverroes.juntadeandalucia.es\/ceiplasfloresegundodeprimaria\/files\/2023\/03\/PXL_20230222_084823605-300x169.jpg 300w, https:\/\/blogsaverroes.juntadeandalucia.es\/ceiplasfloresegundodeprimaria\/files\/2023\/03\/PXL_20230222_084823605-1024x576.jpg 1024w, https:\/\/blogsaverroes.juntadeandalucia.es\/ceiplasfloresegundodeprimaria\/files\/2023\/03\/PXL_20230222_084823605-768x432.jpg 768w, https:\/\/blogsaverroes.juntadeandalucia.es\/ceiplasfloresegundodeprimaria\/files\/2023\/03\/PXL_20230222_084823605-1536x864.jpg 1536w, https:\/\/blogsaverroes.juntadeandalucia.es\/ceiplasfloresegundodeprimaria\/files\/2023\/03\/PXL_20230222_084823605-2048x1152.jpg 2048w\" sizes=\"(max-width: 300px) 100vw, 300px\" \/> <img loading=\"lazy\" decoding=\"async\" class=\"alignnone size-medium wp-image-50\" src=\"https:\/\/blogsaverroes.juntadeandalucia.es\/ceiplasfloresegundodeprimaria\/files\/2023\/03\/PXL_20230222_102036179.MP_-300x169.jpg\" alt=\"\" width=\"300\" height=\"169\" srcset=\"https:\/\/blogsaverroes.juntadeandalucia.es\/ceiplasfloresegundodeprimaria\/files\/2023\/03\/PXL_20230222_102036179.MP_-300x169.jpg 300w, https:\/\/blogsaverroes.juntadeandalucia.es\/ceiplasfloresegundodeprimaria\/files\/2023\/03\/PXL_20230222_102036179.MP_-1024x576.jpg 1024w, https:\/\/blogsaverroes.juntadeandalucia.es\/ceiplasfloresegundodeprimaria\/files\/2023\/03\/PXL_20230222_102036179.MP_-768x432.jpg 768w, https:\/\/blogsaverroes.juntadeandalucia.es\/ceiplasfloresegundodeprimaria\/files\/2023\/03\/PXL_20230222_102036179.MP_-1536x864.jpg 1536w, https:\/\/blogsaverroes.juntadeandalucia.es\/ceiplasfloresegundodeprimaria\/files\/2023\/03\/PXL_20230222_102036179.MP_-2048x1152.jpg 2048w\" sizes=\"(max-width: 300px) 100vw, 300px\" \/><\/p>\n<p>Hemos hecho en clase una actividad muy interesante: La Tertulia Dial\u00f3gica. Para esta actividad, hemos elegido el cuadro de Vel\u00e1zquez, \u00abLas Meninas\u00bb. En un primer momento, puse el cuadro en grande en el proyector de la clase para hacer un primer visionado de forma general. Luego nos sentamos en c\u00edrculo y les di una l\u00e1mina a color por parejas. Estuvimos unos minutos viendo los detalles y ya despu\u00e9s elegimos un moderador para dirigir la tertulia. Hemos cambiado varias veces el moderador para que todos tuvieran la oportunidad de participar dando su opini\u00f3n sobre el cuadro.<\/p>\n<p>Les ha encantado la actividad, han estado s\u00faper participativos, sacando conclusiones sobre los personajes, los detalles del cuadro, suposiciones, etc.&nbsp;&nbsp;<\/p>\n<p>&nbsp;<\/p>\n","protected":false},"excerpt":{"rendered":"<p>Hemos hecho en clase una actividad muy interesante: La Tertulia Dial\u00f3gica. Para esta actividad, hemos elegido el cuadro de Vel\u00e1zquez, \u00abLas Meninas\u00bb. En un primer momento, puse el cuadro en grande en el proyector&#46;&#46;&#46;<\/p>\n","protected":false},"author":17039,"featured_media":0,"comment_status":"open","ping_status":"open","sticky":false,"template":"","format":"standard","meta":{"ngg_post_thumbnail":0,"footnotes":""},"categories":[1],"tags":[],"aioseo_notices":[],"_links":{"self":[{"href":"https:\/\/blogsaverroes.juntadeandalucia.es\/ceiplasfloresegundodeprimaria\/wp-json\/wp\/v2\/posts\/46"}],"collection":[{"href":"https:\/\/blogsaverroes.juntadeandalucia.es\/ceiplasfloresegundodeprimaria\/wp-json\/wp\/v2\/posts"}],"about":[{"href":"https:\/\/blogsaverroes.juntadeandalucia.es\/ceiplasfloresegundodeprimaria\/wp-json\/wp\/v2\/types\/post"}],"author":[{"embeddable":true,"href":"https:\/\/blogsaverroes.juntadeandalucia.es\/ceiplasfloresegundodeprimaria\/wp-json\/wp\/v2\/users\/17039"}],"replies":[{"embeddable":true,"href":"https:\/\/blogsaverroes.juntadeandalucia.es\/ceiplasfloresegundodeprimaria\/wp-json\/wp\/v2\/comments?post=46"}],"version-history":[{"count":1,"href":"https:\/\/blogsaverroes.juntadeandalucia.es\/ceiplasfloresegundodeprimaria\/wp-json\/wp\/v2\/posts\/46\/revisions"}],"predecessor-version":[{"id":51,"href":"https:\/\/blogsaverroes.juntadeandalucia.es\/ceiplasfloresegundodeprimaria\/wp-json\/wp\/v2\/posts\/46\/revisions\/51"}],"wp:attachment":[{"href":"https:\/\/blogsaverroes.juntadeandalucia.es\/ceiplasfloresegundodeprimaria\/wp-json\/wp\/v2\/media?parent=46"}],"wp:term":[{"taxonomy":"category","embeddable":true,"href":"https:\/\/blogsaverroes.juntadeandalucia.es\/ceiplasfloresegundodeprimaria\/wp-json\/wp\/v2\/categories?post=46"},{"taxonomy":"post_tag","embeddable":true,"href":"https:\/\/blogsaverroes.juntadeandalucia.es\/ceiplasfloresegundodeprimaria\/wp-json\/wp\/v2\/tags?post=46"}],"curies":[{"name":"wp","href":"https:\/\/api.w.org\/{rel}","templated":true}]}}