{"id":1554,"date":"2024-05-23T09:10:02","date_gmt":"2024-05-23T08:10:02","guid":{"rendered":"https:\/\/blogsaverroes.juntadeandalucia.es\/ceiplasierra\/?p=1554"},"modified":"2024-05-23T09:10:02","modified_gmt":"2024-05-23T08:10:02","slug":"plan-director-22-de-mayo","status":"publish","type":"post","link":"https:\/\/blogsaverroes.juntadeandalucia.es\/ceiplasierra\/plan-director-22-de-mayo\/","title":{"rendered":"Plan Director 22 de mayo"},"content":{"rendered":"<p>Durante la jornada del 22 de mayo, recibimos la visita de la Polic\u00eda Nacional que desarroll\u00f3 las actividades enmarcadas dentro del Plan Director para la Convivencia y mejora de la seguridad en centros educativos y sus entornos.<\/p>\n<p>La direcci\u00f3n del centro en coordinaci\u00f3n con la Delegaci\u00f3n de Participaci\u00f3n Ciudadana de la Polic\u00eda Nacional ha llevado a cabo las siguientes actividades:<\/p>\n<p><strong>Ed. infantil y primer ciclo de primaria<\/strong>: Exhibici\u00f3n con veh\u00edculos&nbsp;<\/p>\n<p><a href=\"https:\/\/blogsaverroes.juntadeandalucia.es\/ceiplasierra\/files\/2024\/05\/IMG_3281-rotated.jpg\"><img loading=\"lazy\" decoding=\"async\" class=\"aligncenter wp-image-1557 size-medium\" src=\"https:\/\/blogsaverroes.juntadeandalucia.es\/ceiplasierra\/files\/2024\/05\/IMG_3281-300x225.jpg\" alt=\"\" width=\"300\" height=\"225\" srcset=\"https:\/\/blogsaverroes.juntadeandalucia.es\/ceiplasierra\/files\/2024\/05\/IMG_3281-300x225.jpg 300w, https:\/\/blogsaverroes.juntadeandalucia.es\/ceiplasierra\/files\/2024\/05\/IMG_3281-1024x768.jpg 1024w, https:\/\/blogsaverroes.juntadeandalucia.es\/ceiplasierra\/files\/2024\/05\/IMG_3281-768x576.jpg 768w, https:\/\/blogsaverroes.juntadeandalucia.es\/ceiplasierra\/files\/2024\/05\/IMG_3281-1536x1152.jpg 1536w, https:\/\/blogsaverroes.juntadeandalucia.es\/ceiplasierra\/files\/2024\/05\/IMG_3281-700x525.jpg 700w, https:\/\/blogsaverroes.juntadeandalucia.es\/ceiplasierra\/files\/2024\/05\/IMG_3281-rotated.jpg 2016w\" sizes=\"(max-width: 300px) 100vw, 300px\" \/><\/a> <a href=\"https:\/\/blogsaverroes.juntadeandalucia.es\/ceiplasierra\/files\/2024\/05\/IMG_3282-rotated.jpg\"><img loading=\"lazy\" decoding=\"async\" class=\"aligncenter wp-image-1558 size-medium\" src=\"https:\/\/blogsaverroes.juntadeandalucia.es\/ceiplasierra\/files\/2024\/05\/IMG_3282-300x225.jpg\" alt=\"\" width=\"300\" height=\"225\" srcset=\"https:\/\/blogsaverroes.juntadeandalucia.es\/ceiplasierra\/files\/2024\/05\/IMG_3282-300x225.jpg 300w, https:\/\/blogsaverroes.juntadeandalucia.es\/ceiplasierra\/files\/2024\/05\/IMG_3282-1024x768.jpg 1024w, https:\/\/blogsaverroes.juntadeandalucia.es\/ceiplasierra\/files\/2024\/05\/IMG_3282-768x576.jpg 768w, https:\/\/blogsaverroes.juntadeandalucia.es\/ceiplasierra\/files\/2024\/05\/IMG_3282-1536x1152.jpg 1536w, https:\/\/blogsaverroes.juntadeandalucia.es\/ceiplasierra\/files\/2024\/05\/IMG_3282-700x525.jpg 700w, https:\/\/blogsaverroes.juntadeandalucia.es\/ceiplasierra\/files\/2024\/05\/IMG_3282-rotated.jpg 2016w\" sizes=\"(max-width: 300px) 100vw, 300px\" \/><\/a> <a href=\"https:\/\/blogsaverroes.juntadeandalucia.es\/ceiplasierra\/files\/2024\/05\/IMG_3283-rotated.jpg\"><img loading=\"lazy\" decoding=\"async\" class=\"aligncenter wp-image-1559 size-medium\" src=\"https:\/\/blogsaverroes.juntadeandalucia.es\/ceiplasierra\/files\/2024\/05\/IMG_3283-300x225.jpg\" alt=\"\" width=\"300\" height=\"225\" srcset=\"https:\/\/blogsaverroes.juntadeandalucia.es\/ceiplasierra\/files\/2024\/05\/IMG_3283-300x225.jpg 300w, https:\/\/blogsaverroes.juntadeandalucia.es\/ceiplasierra\/files\/2024\/05\/IMG_3283-1024x768.jpg 1024w, https:\/\/blogsaverroes.juntadeandalucia.es\/ceiplasierra\/files\/2024\/05\/IMG_3283-768x576.jpg 768w, https:\/\/blogsaverroes.juntadeandalucia.es\/ceiplasierra\/files\/2024\/05\/IMG_3283-1536x1152.jpg 1536w, https:\/\/blogsaverroes.juntadeandalucia.es\/ceiplasierra\/files\/2024\/05\/IMG_3283-700x525.jpg 700w, https:\/\/blogsaverroes.juntadeandalucia.es\/ceiplasierra\/files\/2024\/05\/IMG_3283-rotated.jpg 2016w\" sizes=\"(max-width: 300px) 100vw, 300px\" \/><\/a><\/p>\n<p><strong>Segundo ciclo de primaria:<\/strong> Cuento &#8220;El club de los secretos&#8221;. El objetivo del cuento es ense\u00f1ar al alumnado a detectar situaciones de violencia, a expresar su malestar y a comprender que la violencia vulnera sus derechos funamentales.<\/p>\n<p><a href=\"https:\/\/blogsaverroes.juntadeandalucia.es\/ceiplasierra\/files\/2024\/05\/IMG_3280-rotated.jpg\"><img loading=\"lazy\" decoding=\"async\" class=\"aligncenter wp-image-1556 size-medium\" src=\"https:\/\/blogsaverroes.juntadeandalucia.es\/ceiplasierra\/files\/2024\/05\/IMG_3280-300x225.jpg\" alt=\"\" width=\"300\" height=\"225\" srcset=\"https:\/\/blogsaverroes.juntadeandalucia.es\/ceiplasierra\/files\/2024\/05\/IMG_3280-300x225.jpg 300w, https:\/\/blogsaverroes.juntadeandalucia.es\/ceiplasierra\/files\/2024\/05\/IMG_3280-1024x768.jpg 1024w, https:\/\/blogsaverroes.juntadeandalucia.es\/ceiplasierra\/files\/2024\/05\/IMG_3280-768x576.jpg 768w, https:\/\/blogsaverroes.juntadeandalucia.es\/ceiplasierra\/files\/2024\/05\/IMG_3280-1536x1152.jpg 1536w, https:\/\/blogsaverroes.juntadeandalucia.es\/ceiplasierra\/files\/2024\/05\/IMG_3280-700x525.jpg 700w, https:\/\/blogsaverroes.juntadeandalucia.es\/ceiplasierra\/files\/2024\/05\/IMG_3280-rotated.jpg 2016w\" sizes=\"(max-width: 300px) 100vw, 300px\" \/><\/a><\/p>\n<p><strong>Tercer ciclo de primaria<\/strong>: charla acoso y ciberacoso escolar e internet, redes sociales y contenidos digitales.&nbsp; Esta charla contribuye a aumentar la sensibilidad de adolescentes en temas cruciales que afrectan a su seguridad.<\/p>\n<p><a href=\"https:\/\/blogsaverroes.juntadeandalucia.es\/ceiplasierra\/files\/2024\/05\/PHOTO-2024-05-23-10-01-02.jpg\"><img loading=\"lazy\" decoding=\"async\" class=\"aligncenter wp-image-1555 size-medium\" src=\"https:\/\/blogsaverroes.juntadeandalucia.es\/ceiplasierra\/files\/2024\/05\/PHOTO-2024-05-23-10-01-02-300x169.jpg\" alt=\"\" width=\"300\" height=\"169\" srcset=\"https:\/\/blogsaverroes.juntadeandalucia.es\/ceiplasierra\/files\/2024\/05\/PHOTO-2024-05-23-10-01-02-300x169.jpg 300w, https:\/\/blogsaverroes.juntadeandalucia.es\/ceiplasierra\/files\/2024\/05\/PHOTO-2024-05-23-10-01-02-1024x576.jpg 1024w, https:\/\/blogsaverroes.juntadeandalucia.es\/ceiplasierra\/files\/2024\/05\/PHOTO-2024-05-23-10-01-02-768x432.jpg 768w, https:\/\/blogsaverroes.juntadeandalucia.es\/ceiplasierra\/files\/2024\/05\/PHOTO-2024-05-23-10-01-02-1536x864.jpg 1536w, https:\/\/blogsaverroes.juntadeandalucia.es\/ceiplasierra\/files\/2024\/05\/PHOTO-2024-05-23-10-01-02-700x393.jpg 700w, https:\/\/blogsaverroes.juntadeandalucia.es\/ceiplasierra\/files\/2024\/05\/PHOTO-2024-05-23-10-01-02.jpg 2000w\" sizes=\"(max-width: 300px) 100vw, 300px\" \/><\/a><\/p>\n<p>&nbsp;<\/p>\n<p>&nbsp;<\/p>\n","protected":false},"excerpt":{"rendered":"<p>Durante la jornada del 22 de mayo, recibimos la visita de la Polic\u00eda Nacional que desarroll\u00f3 las actividades enmarcadas dentro del Plan Director para la Convivencia y mejora de la seguridad en centros educativos&#46;&#46;&#46;<\/p>\n","protected":false},"author":7057,"featured_media":963,"comment_status":"closed","ping_status":"open","sticky":false,"template":"","format":"standard","meta":{"ngg_post_thumbnail":0,"footnotes":""},"categories":[7],"tags":[],"aioseo_notices":[],"_links":{"self":[{"href":"https:\/\/blogsaverroes.juntadeandalucia.es\/ceiplasierra\/wp-json\/wp\/v2\/posts\/1554"}],"collection":[{"href":"https:\/\/blogsaverroes.juntadeandalucia.es\/ceiplasierra\/wp-json\/wp\/v2\/posts"}],"about":[{"href":"https:\/\/blogsaverroes.juntadeandalucia.es\/ceiplasierra\/wp-json\/wp\/v2\/types\/post"}],"author":[{"embeddable":true,"href":"https:\/\/blogsaverroes.juntadeandalucia.es\/ceiplasierra\/wp-json\/wp\/v2\/users\/7057"}],"replies":[{"embeddable":true,"href":"https:\/\/blogsaverroes.juntadeandalucia.es\/ceiplasierra\/wp-json\/wp\/v2\/comments?post=1554"}],"version-history":[{"count":5,"href":"https:\/\/blogsaverroes.juntadeandalucia.es\/ceiplasierra\/wp-json\/wp\/v2\/posts\/1554\/revisions"}],"predecessor-version":[{"id":1564,"href":"https:\/\/blogsaverroes.juntadeandalucia.es\/ceiplasierra\/wp-json\/wp\/v2\/posts\/1554\/revisions\/1564"}],"wp:featuredmedia":[{"embeddable":true,"href":"https:\/\/blogsaverroes.juntadeandalucia.es\/ceiplasierra\/wp-json\/wp\/v2\/media\/963"}],"wp:attachment":[{"href":"https:\/\/blogsaverroes.juntadeandalucia.es\/ceiplasierra\/wp-json\/wp\/v2\/media?parent=1554"}],"wp:term":[{"taxonomy":"category","embeddable":true,"href":"https:\/\/blogsaverroes.juntadeandalucia.es\/ceiplasierra\/wp-json\/wp\/v2\/categories?post=1554"},{"taxonomy":"post_tag","embeddable":true,"href":"https:\/\/blogsaverroes.juntadeandalucia.es\/ceiplasierra\/wp-json\/wp\/v2\/tags?post=1554"}],"curies":[{"name":"wp","href":"https:\/\/api.w.org\/{rel}","templated":true}]}}