{"id":769,"date":"2023-03-22T11:35:41","date_gmt":"2023-03-22T10:35:41","guid":{"rendered":"https:\/\/blogsaverroes.juntadeandalucia.es\/ceiplasierra\/?p=769"},"modified":"2023-03-22T11:37:17","modified_gmt":"2023-03-22T10:37:17","slug":"dia-mundial-del-agua","status":"publish","type":"post","link":"https:\/\/blogsaverroes.juntadeandalucia.es\/ceiplasierra\/dia-mundial-del-agua\/","title":{"rendered":"D\u00cdA MUNDIAL DEL AGUA"},"content":{"rendered":"<p><img loading=\"lazy\" decoding=\"async\" class=\"aligncenter size-medium wp-image-799\" src=\"https:\/\/blogsaverroes.juntadeandalucia.es\/ceiplasierra\/files\/2023\/03\/D-AGUA-300x97.png\" alt=\"\" width=\"300\" height=\"97\" srcset=\"https:\/\/blogsaverroes.juntadeandalucia.es\/ceiplasierra\/files\/2023\/03\/D-AGUA-300x97.png 300w, https:\/\/blogsaverroes.juntadeandalucia.es\/ceiplasierra\/files\/2023\/03\/D-AGUA-332x108.png 332w, https:\/\/blogsaverroes.juntadeandalucia.es\/ceiplasierra\/files\/2023\/03\/D-AGUA.png 701w\" sizes=\"(max-width: 300px) 100vw, 300px\" \/><\/p>\n<p>El D\u00eda Mundial del Agua se celebra anualmente el 22 de marzo como un medio para centrar la atenci\u00f3n en la importancia del agua dulce y abogar por la gesti\u00f3n sostenible de los recursos de agua dulce. Se trata de tomar medidas para hacer frente a la crisis mundial del agua.<\/p>\n<p>El alumnado de 4\u00ba de primaria, con motivo de esta efem\u00e9ride, ha realizado una visita a los dep\u00f3sitos de agua de nuestra ciudad y a la planta de depuraci\u00f3n de aguas organizada por el Ayuntamiento de Cabra. Durante toda la visita, ha estado acompa\u00f1ado de D. Mateo Olaya que ha explicado de forma did\u00e1ctica el ciclo del agua desde el manantial de la Fuente del R\u00edo hasta su devoluci\u00f3n al r\u00edo Cabra.<\/p>\nngg_shortcode_0_placeholder\n","protected":false},"excerpt":{"rendered":"<p>El D\u00eda Mundial del Agua se celebra anualmente el 22 de marzo como un medio para centrar la atenci\u00f3n en la importancia del agua dulce y abogar por la gesti\u00f3n sostenible de los recursos&#46;&#46;&#46;<\/p>\n","protected":false},"author":7057,"featured_media":799,"comment_status":"closed","ping_status":"open","sticky":false,"template":"","format":"standard","meta":{"ngg_post_thumbnail":0,"footnotes":""},"categories":[7],"tags":[],"aioseo_notices":[],"_links":{"self":[{"href":"https:\/\/blogsaverroes.juntadeandalucia.es\/ceiplasierra\/wp-json\/wp\/v2\/posts\/769"}],"collection":[{"href":"https:\/\/blogsaverroes.juntadeandalucia.es\/ceiplasierra\/wp-json\/wp\/v2\/posts"}],"about":[{"href":"https:\/\/blogsaverroes.juntadeandalucia.es\/ceiplasierra\/wp-json\/wp\/v2\/types\/post"}],"author":[{"embeddable":true,"href":"https:\/\/blogsaverroes.juntadeandalucia.es\/ceiplasierra\/wp-json\/wp\/v2\/users\/7057"}],"replies":[{"embeddable":true,"href":"https:\/\/blogsaverroes.juntadeandalucia.es\/ceiplasierra\/wp-json\/wp\/v2\/comments?post=769"}],"version-history":[{"count":5,"href":"https:\/\/blogsaverroes.juntadeandalucia.es\/ceiplasierra\/wp-json\/wp\/v2\/posts\/769\/revisions"}],"predecessor-version":[{"id":803,"href":"https:\/\/blogsaverroes.juntadeandalucia.es\/ceiplasierra\/wp-json\/wp\/v2\/posts\/769\/revisions\/803"}],"wp:featuredmedia":[{"embeddable":true,"href":"https:\/\/blogsaverroes.juntadeandalucia.es\/ceiplasierra\/wp-json\/wp\/v2\/media\/799"}],"wp:attachment":[{"href":"https:\/\/blogsaverroes.juntadeandalucia.es\/ceiplasierra\/wp-json\/wp\/v2\/media?parent=769"}],"wp:term":[{"taxonomy":"category","embeddable":true,"href":"https:\/\/blogsaverroes.juntadeandalucia.es\/ceiplasierra\/wp-json\/wp\/v2\/categories?post=769"},{"taxonomy":"post_tag","embeddable":true,"href":"https:\/\/blogsaverroes.juntadeandalucia.es\/ceiplasierra\/wp-json\/wp\/v2\/tags?post=769"}],"curies":[{"name":"wp","href":"https:\/\/api.w.org\/{rel}","templated":true}]}}