{"id":988,"date":"2023-05-29T15:19:49","date_gmt":"2023-05-29T14:19:49","guid":{"rendered":"https:\/\/blogsaverroes.juntadeandalucia.es\/ceiplasierra\/?p=988"},"modified":"2023-05-29T15:30:13","modified_gmt":"2023-05-29T14:30:13","slug":"988-2","status":"publish","type":"post","link":"https:\/\/blogsaverroes.juntadeandalucia.es\/ceiplasierra\/988-2\/","title":{"rendered":"REFUERZO ESTIVAL 2023"},"content":{"rendered":"<p>Estimadas familias.<br \/>\nLos padres, madres o personas que ejerzan la tutela legal del alumnado (de 1\u00ba a 6\u00ba de Primaria y de 1\u00ba y 2\u00ba ESO) y que est\u00e9n interesados en solicitar la participaci\u00f3n en el Programa deber\u00e1n hacerlo a trav\u00e9s de Secretaria Virtual o bien directamente en el centro docente solicitado en primer lugar.<br \/>\nPara m\u00e1s informaci\u00f3n, consulte el portal web del Programa.<br \/>\n<a href=\"https:\/\/www.juntadeandalucia.es\/educacion\/portals\/web\/ced\/familias\/programa-refuerzo-estival-2023\" target=\"_blank\" rel=\"noopener noreferrer\">https:\/\/www.juntadeandalucia.es\/educacion\/portals\/web\/ced\/familias\/programa-refuerzo-estival-2023<\/a><\/p>\n<p><a href=\"https:\/\/www.juntadeandalucia.es\/educacion\/portals\/delegate\/content\/f93a07a2-c1e9-4c3e-92bb-8f828cd9815f\/Familias\" target=\"_blank\" rel=\"noopener noreferrer\"><img loading=\"lazy\" decoding=\"async\" class=\"aligncenter size-medium wp-image-994\" src=\"https:\/\/blogsaverroes.juntadeandalucia.es\/ceiplasierra\/files\/2023\/05\/Sin-t\u00edtulo-1-215x300.png\" alt=\"\" width=\"215\" height=\"300\" srcset=\"https:\/\/blogsaverroes.juntadeandalucia.es\/ceiplasierra\/files\/2023\/05\/Sin-t\u00edtulo-1-215x300.png 215w, https:\/\/blogsaverroes.juntadeandalucia.es\/ceiplasierra\/files\/2023\/05\/Sin-t\u00edtulo-1-332x464.png 332w, https:\/\/blogsaverroes.juntadeandalucia.es\/ceiplasierra\/files\/2023\/05\/Sin-t\u00edtulo-1.png 616w\" sizes=\"(max-width: 215px) 100vw, 215px\" \/><\/a><\/p>\n","protected":false},"excerpt":{"rendered":"<p>Estimadas familias. Los padres, madres o personas que ejerzan la tutela legal del alumnado (de 1\u00ba a 6\u00ba de Primaria y de 1\u00ba y 2\u00ba ESO) y que est\u00e9n interesados en solicitar la participaci\u00f3n&#46;&#46;&#46;<\/p>\n","protected":false},"author":15998,"featured_media":0,"comment_status":"closed","ping_status":"open","sticky":false,"template":"","format":"standard","meta":{"ngg_post_thumbnail":0,"footnotes":""},"categories":[7,1],"tags":[],"aioseo_notices":[],"_links":{"self":[{"href":"https:\/\/blogsaverroes.juntadeandalucia.es\/ceiplasierra\/wp-json\/wp\/v2\/posts\/988"}],"collection":[{"href":"https:\/\/blogsaverroes.juntadeandalucia.es\/ceiplasierra\/wp-json\/wp\/v2\/posts"}],"about":[{"href":"https:\/\/blogsaverroes.juntadeandalucia.es\/ceiplasierra\/wp-json\/wp\/v2\/types\/post"}],"author":[{"embeddable":true,"href":"https:\/\/blogsaverroes.juntadeandalucia.es\/ceiplasierra\/wp-json\/wp\/v2\/users\/15998"}],"replies":[{"embeddable":true,"href":"https:\/\/blogsaverroes.juntadeandalucia.es\/ceiplasierra\/wp-json\/wp\/v2\/comments?post=988"}],"version-history":[{"count":5,"href":"https:\/\/blogsaverroes.juntadeandalucia.es\/ceiplasierra\/wp-json\/wp\/v2\/posts\/988\/revisions"}],"predecessor-version":[{"id":997,"href":"https:\/\/blogsaverroes.juntadeandalucia.es\/ceiplasierra\/wp-json\/wp\/v2\/posts\/988\/revisions\/997"}],"wp:attachment":[{"href":"https:\/\/blogsaverroes.juntadeandalucia.es\/ceiplasierra\/wp-json\/wp\/v2\/media?parent=988"}],"wp:term":[{"taxonomy":"category","embeddable":true,"href":"https:\/\/blogsaverroes.juntadeandalucia.es\/ceiplasierra\/wp-json\/wp\/v2\/categories?post=988"},{"taxonomy":"post_tag","embeddable":true,"href":"https:\/\/blogsaverroes.juntadeandalucia.es\/ceiplasierra\/wp-json\/wp\/v2\/tags?post=988"}],"curies":[{"name":"wp","href":"https:\/\/api.w.org\/{rel}","templated":true}]}}