{"id":11779,"date":"2021-11-21T12:10:33","date_gmt":"2021-11-21T12:10:33","guid":{"rendered":"https:\/\/blogsaverroes.juntadeandalucia.es\/ceiplaslomas\/?p=11779"},"modified":"2022-12-10T20:23:39","modified_gmt":"2022-12-10T20:23:39","slug":"20n-dia-de-los-derechos-de-la-infancia","status":"publish","type":"post","link":"https:\/\/blogsaverroes.juntadeandalucia.es\/ceiplaslomas\/2021\/11\/21\/20n-dia-de-los-derechos-de-la-infancia\/","title":{"rendered":"20N: D\u00eda de los derechos de la infancia."},"content":{"rendered":"<p><img decoding=\"async\" src=\"https:\/\/blogsaverroes.juntadeandalucia.es\/ceiplaslomas\/files\/2019\/11\/Banner-tres-logos2-1024x173.jpg\"><\/p>\n<p style=\"text-align: justify\">El <span style=\"color: #333399\"><strong>20 de noviembre<\/strong><\/span> se celebra el <span style=\"color: #333399\"><strong>D\u00eda Universal de los Derechos de los Ni\u00f1os y de las Ni\u00f1as.<\/strong><\/span> Tal y como recuerda <b>UNICEF&nbsp;<\/b>es necesario llamar la atenci\u00f3n sobre la situaci\u00f3n de los&nbsp;<b>ni\u00f1os y ni\u00f1as&nbsp;<\/b>m\u00e1s desfavorecidos, dar a conocer los&nbsp;<b>derechos de la infancia&nbsp;<\/b>y concienciar a las personas de la importancia de trabajar a diario por su bienestar y desarrollo.<\/p>\n<p style=\"text-align: justify\">Coordinado por la maestra del Plan de Igualdad, D\u00f1a. Macarena, se ha trabajado con todo el alumnado este d\u00eda, decorando las puertas de todas las aulas y los pasillos del colegio.<\/p>\n<p style=\"text-align: justify\">Les dejamos con este v\u00eddeo montaje que recoge los distintos trabajos:<\/p>\n<p><iframe loading=\"lazy\" title=\"D\u00eda internacional de los derechos de la infancia 2021\" width=\"500\" height=\"281\" src=\"https:\/\/www.youtube.com\/embed\/BoA0aGVDHlo?feature=oembed&#038;wmode=opaque\" frameborder=\"0\" allow=\"accelerometer; autoplay; clipboard-write; encrypted-media; gyroscope; picture-in-picture\" allowfullscreen><\/iframe><\/p>\n<p style=\"text-align: justify\">Todas las aulas han recibido este bonito diploma por su participaci\u00f3n:<\/p>\n<p><a href=\"https:\/\/blogsaverroes.juntadeandalucia.es\/ceiplaslomas\/files\/2021\/11\/IMG-20220122-WA0012-e1642957844193.jpg\"><img loading=\"lazy\" decoding=\"async\" class=\"aligncenter wp-image-12305 size-large\" src=\"https:\/\/blogsaverroes.juntadeandalucia.es\/ceiplaslomas\/files\/2021\/11\/IMG-20220122-WA0012-e1642957844193-1024x724.jpg\" alt=\"\" width=\"1024\" height=\"724\" srcset=\"https:\/\/blogsaverroes.juntadeandalucia.es\/ceiplaslomas\/files\/2021\/11\/IMG-20220122-WA0012-e1642957844193-1024x724.jpg 1024w, https:\/\/blogsaverroes.juntadeandalucia.es\/ceiplaslomas\/files\/2021\/11\/IMG-20220122-WA0012-e1642957844193-300x212.jpg 300w, https:\/\/blogsaverroes.juntadeandalucia.es\/ceiplaslomas\/files\/2021\/11\/IMG-20220122-WA0012-e1642957844193-768x543.jpg 768w, https:\/\/blogsaverroes.juntadeandalucia.es\/ceiplaslomas\/files\/2021\/11\/IMG-20220122-WA0012-e1642957844193-1536x1086.jpg 1536w, https:\/\/blogsaverroes.juntadeandalucia.es\/ceiplaslomas\/files\/2021\/11\/IMG-20220122-WA0012-e1642957844193.jpg 1600w\" sizes=\"(max-width: 1024px) 100vw, 1024px\" \/><\/a><\/p>\n<p>Las aulas ganadoras, aunque todas lo merecen, han sido:<\/p>\n\n\t\t<style>\n\t\t\t#gallery-1 {\n\t\t\t\tmargin: auto;\n\t\t\t}\n\t\t\t#gallery-1 .gallery-item {\n\t\t\t\tfloat: left;\n\t\t\t\tmargin-top: 10px;\n\t\t\t\ttext-align: center;\n\t\t\t\twidth: 33%;\n\t\t\t}\n\t\t\t#gallery-1 img {\n\t\t\t\tborder: 2px solid #cfcfcf;\n\t\t\t}\n\t\t\t#gallery-1 .gallery-caption {\n\t\t\t\tmargin-left: 0;\n\t\t\t}\n\t\t\t\/* see gallery_shortcode() in wp-includes\/media.php *\/\n\t\t<\/style>\n\t\t<div id='gallery-1' class='gallery galleryid-11779 gallery-columns-3 gallery-size-medium'><dl class='gallery-item'>\n\t\t\t<dt class='gallery-icon landscape'>\n\t\t\t\t<a href='https:\/\/blogsaverroes.juntadeandalucia.es\/ceiplaslomas\/2021\/11\/21\/20n-dia-de-los-derechos-de-la-infancia\/infantil-3-anos-mari-carmen\/'><img loading=\"lazy\" decoding=\"async\" width=\"300\" height=\"225\" src=\"https:\/\/blogsaverroes.juntadeandalucia.es\/ceiplaslomas\/files\/2021\/11\/INFANTIL-3-A\u00d1OS-MARI-CARMEN-300x225.jpg\" class=\"attachment-medium size-medium\" alt=\"\" aria-describedby=\"gallery-1-12542\" srcset=\"https:\/\/blogsaverroes.juntadeandalucia.es\/ceiplaslomas\/files\/2021\/11\/INFANTIL-3-A\u00d1OS-MARI-CARMEN-300x225.jpg 300w, https:\/\/blogsaverroes.juntadeandalucia.es\/ceiplaslomas\/files\/2021\/11\/INFANTIL-3-A\u00d1OS-MARI-CARMEN-1024x768.jpg 1024w, https:\/\/blogsaverroes.juntadeandalucia.es\/ceiplaslomas\/files\/2021\/11\/INFANTIL-3-A\u00d1OS-MARI-CARMEN-768x576.jpg 768w, https:\/\/blogsaverroes.juntadeandalucia.es\/ceiplaslomas\/files\/2021\/11\/INFANTIL-3-A\u00d1OS-MARI-CARMEN-1536x1152.jpg 1536w, https:\/\/blogsaverroes.juntadeandalucia.es\/ceiplaslomas\/files\/2021\/11\/INFANTIL-3-A\u00d1OS-MARI-CARMEN-2048x1536.jpg 2048w, https:\/\/blogsaverroes.juntadeandalucia.es\/ceiplaslomas\/files\/2021\/11\/INFANTIL-3-A\u00d1OS-MARI-CARMEN-scaled.jpg 1600w\" sizes=\"(max-width: 300px) 100vw, 300px\" \/><\/a>\n\t\t\t<\/dt>\n\t\t\t\t<dd class='wp-caption-text gallery-caption' id='gallery-1-12542'>\n\t\t\t\t3 A\u00d1OS A\n\t\t\t\t<\/dd><\/dl><dl class='gallery-item'>\n\t\t\t<dt class='gallery-icon landscape'>\n\t\t\t\t<a href='https:\/\/blogsaverroes.juntadeandalucia.es\/ceiplaslomas\/2021\/11\/21\/20n-dia-de-los-derechos-de-la-infancia\/infantil-3-anos-elena\/'><img loading=\"lazy\" decoding=\"async\" width=\"300\" height=\"225\" src=\"https:\/\/blogsaverroes.juntadeandalucia.es\/ceiplaslomas\/files\/2021\/11\/INFANTIL-3-A\u00d1OS-ELENA-300x225.jpg\" class=\"attachment-medium size-medium\" alt=\"\" aria-describedby=\"gallery-1-12540\" srcset=\"https:\/\/blogsaverroes.juntadeandalucia.es\/ceiplaslomas\/files\/2021\/11\/INFANTIL-3-A\u00d1OS-ELENA-300x225.jpg 300w, https:\/\/blogsaverroes.juntadeandalucia.es\/ceiplaslomas\/files\/2021\/11\/INFANTIL-3-A\u00d1OS-ELENA-1024x768.jpg 1024w, https:\/\/blogsaverroes.juntadeandalucia.es\/ceiplaslomas\/files\/2021\/11\/INFANTIL-3-A\u00d1OS-ELENA-768x576.jpg 768w, https:\/\/blogsaverroes.juntadeandalucia.es\/ceiplaslomas\/files\/2021\/11\/INFANTIL-3-A\u00d1OS-ELENA-1536x1152.jpg 1536w, https:\/\/blogsaverroes.juntadeandalucia.es\/ceiplaslomas\/files\/2021\/11\/INFANTIL-3-A\u00d1OS-ELENA-2048x1536.jpg 2048w, https:\/\/blogsaverroes.juntadeandalucia.es\/ceiplaslomas\/files\/2021\/11\/INFANTIL-3-A\u00d1OS-ELENA-scaled.jpg 1600w\" sizes=\"(max-width: 300px) 100vw, 300px\" \/><\/a>\n\t\t\t<\/dt>\n\t\t\t\t<dd class='wp-caption-text gallery-caption' id='gallery-1-12540'>\n\t\t\t\t3 A\u00d1OS B\n\t\t\t\t<\/dd><\/dl><dl class='gallery-item'>\n\t\t\t<dt class='gallery-icon landscape'>\n\t\t\t\t<a href='https:\/\/blogsaverroes.juntadeandalucia.es\/ceiplaslomas\/2021\/11\/21\/20n-dia-de-los-derechos-de-la-infancia\/infantil-3-anos-manoli\/'><img loading=\"lazy\" decoding=\"async\" width=\"300\" height=\"225\" src=\"https:\/\/blogsaverroes.juntadeandalucia.es\/ceiplaslomas\/files\/2021\/11\/INFANTIL-3-A\u00d1OS-MANOLI-300x225.jpg\" class=\"attachment-medium size-medium\" alt=\"\" aria-describedby=\"gallery-1-12541\" srcset=\"https:\/\/blogsaverroes.juntadeandalucia.es\/ceiplaslomas\/files\/2021\/11\/INFANTIL-3-A\u00d1OS-MANOLI-300x225.jpg 300w, https:\/\/blogsaverroes.juntadeandalucia.es\/ceiplaslomas\/files\/2021\/11\/INFANTIL-3-A\u00d1OS-MANOLI-1024x768.jpg 1024w, https:\/\/blogsaverroes.juntadeandalucia.es\/ceiplaslomas\/files\/2021\/11\/INFANTIL-3-A\u00d1OS-MANOLI-768x576.jpg 768w, https:\/\/blogsaverroes.juntadeandalucia.es\/ceiplaslomas\/files\/2021\/11\/INFANTIL-3-A\u00d1OS-MANOLI-1536x1152.jpg 1536w, https:\/\/blogsaverroes.juntadeandalucia.es\/ceiplaslomas\/files\/2021\/11\/INFANTIL-3-A\u00d1OS-MANOLI-2048x1536.jpg 2048w, https:\/\/blogsaverroes.juntadeandalucia.es\/ceiplaslomas\/files\/2021\/11\/INFANTIL-3-A\u00d1OS-MANOLI-scaled.jpg 1600w\" sizes=\"(max-width: 300px) 100vw, 300px\" \/><\/a>\n\t\t\t<\/dt>\n\t\t\t\t<dd class='wp-caption-text gallery-caption' id='gallery-1-12541'>\n\t\t\t\t3 A\u00d1OS C\n\t\t\t\t<\/dd><\/dl><br style=\"clear: both\" \/><dl class='gallery-item'>\n\t\t\t<dt class='gallery-icon landscape'>\n\t\t\t\t<a href='https:\/\/blogsaverroes.juntadeandalucia.es\/ceiplaslomas\/2021\/11\/21\/20n-dia-de-los-derechos-de-la-infancia\/ganador-4-anos-a\/'><img loading=\"lazy\" decoding=\"async\" width=\"300\" height=\"225\" src=\"https:\/\/blogsaverroes.juntadeandalucia.es\/ceiplaslomas\/files\/2021\/11\/GANADOR-4-A\u00d1OS-A-300x225.jpeg\" class=\"attachment-medium size-medium\" alt=\"\" aria-describedby=\"gallery-1-12536\" srcset=\"https:\/\/blogsaverroes.juntadeandalucia.es\/ceiplaslomas\/files\/2021\/11\/GANADOR-4-A\u00d1OS-A-300x225.jpeg 300w, https:\/\/blogsaverroes.juntadeandalucia.es\/ceiplaslomas\/files\/2021\/11\/GANADOR-4-A\u00d1OS-A-1024x768.jpeg 1024w, https:\/\/blogsaverroes.juntadeandalucia.es\/ceiplaslomas\/files\/2021\/11\/GANADOR-4-A\u00d1OS-A-768x576.jpeg 768w, https:\/\/blogsaverroes.juntadeandalucia.es\/ceiplaslomas\/files\/2021\/11\/GANADOR-4-A\u00d1OS-A-1536x1152.jpeg 1536w, https:\/\/blogsaverroes.juntadeandalucia.es\/ceiplaslomas\/files\/2021\/11\/GANADOR-4-A\u00d1OS-A.jpeg 1600w\" sizes=\"(max-width: 300px) 100vw, 300px\" \/><\/a>\n\t\t\t<\/dt>\n\t\t\t\t<dd class='wp-caption-text gallery-caption' id='gallery-1-12536'>\n\t\t\t\t4 A\u00d1OS A\n\t\t\t\t<\/dd><\/dl><dl class='gallery-item'>\n\t\t\t<dt class='gallery-icon landscape'>\n\t\t\t\t<a href='https:\/\/blogsaverroes.juntadeandalucia.es\/ceiplaslomas\/2021\/11\/21\/20n-dia-de-los-derechos-de-la-infancia\/ganador-infantil-4-anos-b\/'><img loading=\"lazy\" decoding=\"async\" width=\"300\" height=\"225\" src=\"https:\/\/blogsaverroes.juntadeandalucia.es\/ceiplaslomas\/files\/2021\/11\/ganador-infantil-4-a\u00f1os-B-300x225.jpg\" class=\"attachment-medium size-medium\" alt=\"\" aria-describedby=\"gallery-1-12537\" srcset=\"https:\/\/blogsaverroes.juntadeandalucia.es\/ceiplaslomas\/files\/2021\/11\/ganador-infantil-4-a\u00f1os-B-300x225.jpg 300w, https:\/\/blogsaverroes.juntadeandalucia.es\/ceiplaslomas\/files\/2021\/11\/ganador-infantil-4-a\u00f1os-B-1024x768.jpg 1024w, https:\/\/blogsaverroes.juntadeandalucia.es\/ceiplaslomas\/files\/2021\/11\/ganador-infantil-4-a\u00f1os-B-768x576.jpg 768w, https:\/\/blogsaverroes.juntadeandalucia.es\/ceiplaslomas\/files\/2021\/11\/ganador-infantil-4-a\u00f1os-B-1536x1152.jpg 1536w, https:\/\/blogsaverroes.juntadeandalucia.es\/ceiplaslomas\/files\/2021\/11\/ganador-infantil-4-a\u00f1os-B-2048x1536.jpg 2048w, https:\/\/blogsaverroes.juntadeandalucia.es\/ceiplaslomas\/files\/2021\/11\/ganador-infantil-4-a\u00f1os-B-scaled.jpg 1600w\" sizes=\"(max-width: 300px) 100vw, 300px\" \/><\/a>\n\t\t\t<\/dt>\n\t\t\t\t<dd class='wp-caption-text gallery-caption' id='gallery-1-12537'>\n\t\t\t\t4 A\u00d1OS B\n\t\t\t\t<\/dd><\/dl><dl class='gallery-item'>\n\t\t\t<dt class='gallery-icon landscape'>\n\t\t\t\t<a href='https:\/\/blogsaverroes.juntadeandalucia.es\/ceiplaslomas\/2021\/11\/21\/20n-dia-de-los-derechos-de-la-infancia\/ganador-infantil-5-anos-b\/'><img loading=\"lazy\" decoding=\"async\" width=\"300\" height=\"225\" src=\"https:\/\/blogsaverroes.juntadeandalucia.es\/ceiplaslomas\/files\/2021\/11\/ganador-infantil-5-a\u00f1os-B-300x225.jpg\" class=\"attachment-medium size-medium\" alt=\"\" aria-describedby=\"gallery-1-12538\" srcset=\"https:\/\/blogsaverroes.juntadeandalucia.es\/ceiplaslomas\/files\/2021\/11\/ganador-infantil-5-a\u00f1os-B-300x225.jpg 300w, https:\/\/blogsaverroes.juntadeandalucia.es\/ceiplaslomas\/files\/2021\/11\/ganador-infantil-5-a\u00f1os-B-1024x768.jpg 1024w, https:\/\/blogsaverroes.juntadeandalucia.es\/ceiplaslomas\/files\/2021\/11\/ganador-infantil-5-a\u00f1os-B-768x576.jpg 768w, https:\/\/blogsaverroes.juntadeandalucia.es\/ceiplaslomas\/files\/2021\/11\/ganador-infantil-5-a\u00f1os-B-1536x1152.jpg 1536w, https:\/\/blogsaverroes.juntadeandalucia.es\/ceiplaslomas\/files\/2021\/11\/ganador-infantil-5-a\u00f1os-B-2048x1536.jpg 2048w, https:\/\/blogsaverroes.juntadeandalucia.es\/ceiplaslomas\/files\/2021\/11\/ganador-infantil-5-a\u00f1os-B-scaled.jpg 1600w\" sizes=\"(max-width: 300px) 100vw, 300px\" \/><\/a>\n\t\t\t<\/dt>\n\t\t\t\t<dd class='wp-caption-text gallery-caption' id='gallery-1-12538'>\n\t\t\t\t5 A\u00d1OS B\n\t\t\t\t<\/dd><\/dl><br style=\"clear: both\" \/><dl class='gallery-item'>\n\t\t\t<dt class='gallery-icon landscape'>\n\t\t\t\t<a href='https:\/\/blogsaverroes.juntadeandalucia.es\/ceiplaslomas\/2021\/11\/21\/20n-dia-de-los-derechos-de-la-infancia\/aula-especifica-5\/'><img loading=\"lazy\" decoding=\"async\" width=\"300\" height=\"225\" src=\"https:\/\/blogsaverroes.juntadeandalucia.es\/ceiplaslomas\/files\/2021\/11\/AULA-ESPECIFICA-300x225.jpg\" class=\"attachment-medium size-medium\" alt=\"\" aria-describedby=\"gallery-1-12533\" srcset=\"https:\/\/blogsaverroes.juntadeandalucia.es\/ceiplaslomas\/files\/2021\/11\/AULA-ESPECIFICA-300x225.jpg 300w, https:\/\/blogsaverroes.juntadeandalucia.es\/ceiplaslomas\/files\/2021\/11\/AULA-ESPECIFICA-1024x768.jpg 1024w, https:\/\/blogsaverroes.juntadeandalucia.es\/ceiplaslomas\/files\/2021\/11\/AULA-ESPECIFICA-768x576.jpg 768w, https:\/\/blogsaverroes.juntadeandalucia.es\/ceiplaslomas\/files\/2021\/11\/AULA-ESPECIFICA-1536x1152.jpg 1536w, https:\/\/blogsaverroes.juntadeandalucia.es\/ceiplaslomas\/files\/2021\/11\/AULA-ESPECIFICA-2048x1536.jpg 2048w, https:\/\/blogsaverroes.juntadeandalucia.es\/ceiplaslomas\/files\/2021\/11\/AULA-ESPECIFICA-scaled.jpg 1600w\" sizes=\"(max-width: 300px) 100vw, 300px\" \/><\/a>\n\t\t\t<\/dt>\n\t\t\t\t<dd class='wp-caption-text gallery-caption' id='gallery-1-12533'>\n\t\t\t\tAula espec\u00edfica\n\t\t\t\t<\/dd><\/dl><dl class='gallery-item'>\n\t\t\t<dt class='gallery-icon landscape'>\n\t\t\t\t<a href='https:\/\/blogsaverroes.juntadeandalucia.es\/ceiplaslomas\/2021\/11\/21\/20n-dia-de-los-derechos-de-la-infancia\/ganador-primer-ciclo-2o-a\/'><img loading=\"lazy\" decoding=\"async\" width=\"300\" height=\"169\" src=\"https:\/\/blogsaverroes.juntadeandalucia.es\/ceiplaslomas\/files\/2021\/11\/GANADOR-PRIMER-CICLO-2\u00ba-A-300x169.jpg\" class=\"attachment-medium size-medium\" alt=\"\" aria-describedby=\"gallery-1-12539\" srcset=\"https:\/\/blogsaverroes.juntadeandalucia.es\/ceiplaslomas\/files\/2021\/11\/GANADOR-PRIMER-CICLO-2\u00ba-A-300x169.jpg 300w, https:\/\/blogsaverroes.juntadeandalucia.es\/ceiplaslomas\/files\/2021\/11\/GANADOR-PRIMER-CICLO-2\u00ba-A-1024x578.jpg 1024w, https:\/\/blogsaverroes.juntadeandalucia.es\/ceiplaslomas\/files\/2021\/11\/GANADOR-PRIMER-CICLO-2\u00ba-A-768x434.jpg 768w, https:\/\/blogsaverroes.juntadeandalucia.es\/ceiplaslomas\/files\/2021\/11\/GANADOR-PRIMER-CICLO-2\u00ba-A-1536x867.jpg 1536w, https:\/\/blogsaverroes.juntadeandalucia.es\/ceiplaslomas\/files\/2021\/11\/GANADOR-PRIMER-CICLO-2\u00ba-A.jpg 1600w\" sizes=\"(max-width: 300px) 100vw, 300px\" \/><\/a>\n\t\t\t<\/dt>\n\t\t\t\t<dd class='wp-caption-text gallery-caption' id='gallery-1-12539'>\n\t\t\t\t2\u00baA\n\t\t\t\t<\/dd><\/dl><dl class='gallery-item'>\n\t\t\t<dt class='gallery-icon landscape'>\n\t\t\t\t<a href='https:\/\/blogsaverroes.juntadeandalucia.es\/ceiplaslomas\/2021\/11\/21\/20n-dia-de-los-derechos-de-la-infancia\/ganador-2o-ciclo-4o-b\/'><img loading=\"lazy\" decoding=\"async\" width=\"300\" height=\"225\" src=\"https:\/\/blogsaverroes.juntadeandalucia.es\/ceiplaslomas\/files\/2021\/11\/ganador-2\u00ba-ciclo-4\u00ba-B-300x225.jpg\" class=\"attachment-medium size-medium\" alt=\"\" aria-describedby=\"gallery-1-12534\" srcset=\"https:\/\/blogsaverroes.juntadeandalucia.es\/ceiplaslomas\/files\/2021\/11\/ganador-2\u00ba-ciclo-4\u00ba-B-300x225.jpg 300w, https:\/\/blogsaverroes.juntadeandalucia.es\/ceiplaslomas\/files\/2021\/11\/ganador-2\u00ba-ciclo-4\u00ba-B-1024x768.jpg 1024w, https:\/\/blogsaverroes.juntadeandalucia.es\/ceiplaslomas\/files\/2021\/11\/ganador-2\u00ba-ciclo-4\u00ba-B-768x576.jpg 768w, https:\/\/blogsaverroes.juntadeandalucia.es\/ceiplaslomas\/files\/2021\/11\/ganador-2\u00ba-ciclo-4\u00ba-B-1536x1152.jpg 1536w, https:\/\/blogsaverroes.juntadeandalucia.es\/ceiplaslomas\/files\/2021\/11\/ganador-2\u00ba-ciclo-4\u00ba-B-2048x1536.jpg 2048w, https:\/\/blogsaverroes.juntadeandalucia.es\/ceiplaslomas\/files\/2021\/11\/ganador-2\u00ba-ciclo-4\u00ba-B-scaled.jpg 1600w\" sizes=\"(max-width: 300px) 100vw, 300px\" \/><\/a>\n\t\t\t<\/dt>\n\t\t\t\t<dd class='wp-caption-text gallery-caption' id='gallery-1-12534'>\n\t\t\t\t4\u00baB\n\t\t\t\t<\/dd><\/dl><br style=\"clear: both\" \/><dl class='gallery-item'>\n\t\t\t<dt class='gallery-icon landscape'>\n\t\t\t\t<a href='https:\/\/blogsaverroes.juntadeandalucia.es\/ceiplaslomas\/2021\/11\/21\/20n-dia-de-los-derechos-de-la-infancia\/ganador-3er-ciclo-5o-b\/'><img loading=\"lazy\" decoding=\"async\" width=\"300\" height=\"225\" src=\"https:\/\/blogsaverroes.juntadeandalucia.es\/ceiplaslomas\/files\/2021\/11\/GANADOR-3ER-CICLO-5\u00ba-B-300x225.jpg\" class=\"attachment-medium size-medium\" alt=\"\" aria-describedby=\"gallery-1-12535\" srcset=\"https:\/\/blogsaverroes.juntadeandalucia.es\/ceiplaslomas\/files\/2021\/11\/GANADOR-3ER-CICLO-5\u00ba-B-300x225.jpg 300w, https:\/\/blogsaverroes.juntadeandalucia.es\/ceiplaslomas\/files\/2021\/11\/GANADOR-3ER-CICLO-5\u00ba-B-1024x768.jpg 1024w, https:\/\/blogsaverroes.juntadeandalucia.es\/ceiplaslomas\/files\/2021\/11\/GANADOR-3ER-CICLO-5\u00ba-B-768x576.jpg 768w, https:\/\/blogsaverroes.juntadeandalucia.es\/ceiplaslomas\/files\/2021\/11\/GANADOR-3ER-CICLO-5\u00ba-B-1536x1152.jpg 1536w, https:\/\/blogsaverroes.juntadeandalucia.es\/ceiplaslomas\/files\/2021\/11\/GANADOR-3ER-CICLO-5\u00ba-B-2048x1536.jpg 2048w, https:\/\/blogsaverroes.juntadeandalucia.es\/ceiplaslomas\/files\/2021\/11\/GANADOR-3ER-CICLO-5\u00ba-B-scaled.jpg 1600w\" sizes=\"(max-width: 300px) 100vw, 300px\" \/><\/a>\n\t\t\t<\/dt>\n\t\t\t\t<dd class='wp-caption-text gallery-caption' id='gallery-1-12535'>\n\t\t\t\t5\u00baB\n\t\t\t\t<\/dd><\/dl>\n\t\t\t<br style='clear: both' \/>\n\t\t<\/div>\n\n<hr>\n<p>Todas las aulas han recibido un diploma:<\/p>\n\n\t\t<style>\n\t\t\t#gallery-2 {\n\t\t\t\tmargin: auto;\n\t\t\t}\n\t\t\t#gallery-2 .gallery-item {\n\t\t\t\tfloat: left;\n\t\t\t\tmargin-top: 10px;\n\t\t\t\ttext-align: center;\n\t\t\t\twidth: 33%;\n\t\t\t}\n\t\t\t#gallery-2 img {\n\t\t\t\tborder: 2px solid #cfcfcf;\n\t\t\t}\n\t\t\t#gallery-2 .gallery-caption {\n\t\t\t\tmargin-left: 0;\n\t\t\t}\n\t\t\t\/* see gallery_shortcode() in wp-includes\/media.php *\/\n\t\t<\/style>\n\t\t<div id='gallery-2' class='gallery galleryid-11779 gallery-columns-3 gallery-size-medium'><dl class='gallery-item'>\n\t\t\t<dt class='gallery-icon landscape'>\n\t\t\t\t<a href='https:\/\/blogsaverroes.juntadeandalucia.es\/ceiplaslomas\/2021\/11\/21\/20n-dia-de-los-derechos-de-la-infancia\/1o-a-3\/'><img loading=\"lazy\" decoding=\"async\" width=\"300\" height=\"225\" src=\"https:\/\/blogsaverroes.juntadeandalucia.es\/ceiplaslomas\/files\/2021\/11\/1\u00ba-A-300x225.jpg\" class=\"attachment-medium size-medium\" alt=\"\" srcset=\"https:\/\/blogsaverroes.juntadeandalucia.es\/ceiplaslomas\/files\/2021\/11\/1\u00ba-A-300x225.jpg 300w, https:\/\/blogsaverroes.juntadeandalucia.es\/ceiplaslomas\/files\/2021\/11\/1\u00ba-A-1024x768.jpg 1024w, https:\/\/blogsaverroes.juntadeandalucia.es\/ceiplaslomas\/files\/2021\/11\/1\u00ba-A-768x576.jpg 768w, https:\/\/blogsaverroes.juntadeandalucia.es\/ceiplaslomas\/files\/2021\/11\/1\u00ba-A-1536x1152.jpg 1536w, https:\/\/blogsaverroes.juntadeandalucia.es\/ceiplaslomas\/files\/2021\/11\/1\u00ba-A-2048x1536.jpg 2048w, https:\/\/blogsaverroes.juntadeandalucia.es\/ceiplaslomas\/files\/2021\/11\/1\u00ba-A-scaled.jpg 1600w\" sizes=\"(max-width: 300px) 100vw, 300px\" \/><\/a>\n\t\t\t<\/dt><\/dl><dl class='gallery-item'>\n\t\t\t<dt class='gallery-icon landscape'>\n\t\t\t\t<a href='https:\/\/blogsaverroes.juntadeandalucia.es\/ceiplaslomas\/2021\/11\/21\/20n-dia-de-los-derechos-de-la-infancia\/1o-b-2\/'><img loading=\"lazy\" decoding=\"async\" width=\"300\" height=\"225\" src=\"https:\/\/blogsaverroes.juntadeandalucia.es\/ceiplaslomas\/files\/2021\/11\/1\u00ba-B-300x225.jpg\" class=\"attachment-medium size-medium\" alt=\"\" srcset=\"https:\/\/blogsaverroes.juntadeandalucia.es\/ceiplaslomas\/files\/2021\/11\/1\u00ba-B-300x225.jpg 300w, https:\/\/blogsaverroes.juntadeandalucia.es\/ceiplaslomas\/files\/2021\/11\/1\u00ba-B-1024x768.jpg 1024w, https:\/\/blogsaverroes.juntadeandalucia.es\/ceiplaslomas\/files\/2021\/11\/1\u00ba-B-768x576.jpg 768w, https:\/\/blogsaverroes.juntadeandalucia.es\/ceiplaslomas\/files\/2021\/11\/1\u00ba-B-1536x1152.jpg 1536w, https:\/\/blogsaverroes.juntadeandalucia.es\/ceiplaslomas\/files\/2021\/11\/1\u00ba-B-2048x1536.jpg 2048w, https:\/\/blogsaverroes.juntadeandalucia.es\/ceiplaslomas\/files\/2021\/11\/1\u00ba-B-scaled.jpg 1600w\" sizes=\"(max-width: 300px) 100vw, 300px\" \/><\/a>\n\t\t\t<\/dt><\/dl><dl class='gallery-item'>\n\t\t\t<dt class='gallery-icon landscape'>\n\t\t\t\t<a href='https:\/\/blogsaverroes.juntadeandalucia.es\/ceiplaslomas\/2021\/11\/21\/20n-dia-de-los-derechos-de-la-infancia\/1o-c-3\/'><img loading=\"lazy\" decoding=\"async\" width=\"300\" height=\"225\" src=\"https:\/\/blogsaverroes.juntadeandalucia.es\/ceiplaslomas\/files\/2021\/11\/1\u00ba-C-300x225.jpg\" class=\"attachment-medium size-medium\" alt=\"\" srcset=\"https:\/\/blogsaverroes.juntadeandalucia.es\/ceiplaslomas\/files\/2021\/11\/1\u00ba-C-300x225.jpg 300w, https:\/\/blogsaverroes.juntadeandalucia.es\/ceiplaslomas\/files\/2021\/11\/1\u00ba-C-1024x768.jpg 1024w, https:\/\/blogsaverroes.juntadeandalucia.es\/ceiplaslomas\/files\/2021\/11\/1\u00ba-C-768x576.jpg 768w, https:\/\/blogsaverroes.juntadeandalucia.es\/ceiplaslomas\/files\/2021\/11\/1\u00ba-C-1536x1152.jpg 1536w, https:\/\/blogsaverroes.juntadeandalucia.es\/ceiplaslomas\/files\/2021\/11\/1\u00ba-C-2048x1536.jpg 2048w, https:\/\/blogsaverroes.juntadeandalucia.es\/ceiplaslomas\/files\/2021\/11\/1\u00ba-C-scaled.jpg 1600w\" sizes=\"(max-width: 300px) 100vw, 300px\" \/><\/a>\n\t\t\t<\/dt><\/dl><br style=\"clear: both\" \/><dl class='gallery-item'>\n\t\t\t<dt class='gallery-icon landscape'>\n\t\t\t\t<a href='https:\/\/blogsaverroes.juntadeandalucia.es\/ceiplaslomas\/2021\/11\/21\/20n-dia-de-los-derechos-de-la-infancia\/2o-b-3\/'><img loading=\"lazy\" decoding=\"async\" width=\"300\" height=\"225\" src=\"https:\/\/blogsaverroes.juntadeandalucia.es\/ceiplaslomas\/files\/2021\/11\/2\u00ba-B-300x225.jpg\" class=\"attachment-medium size-medium\" alt=\"\" srcset=\"https:\/\/blogsaverroes.juntadeandalucia.es\/ceiplaslomas\/files\/2021\/11\/2\u00ba-B-300x225.jpg 300w, https:\/\/blogsaverroes.juntadeandalucia.es\/ceiplaslomas\/files\/2021\/11\/2\u00ba-B-1024x768.jpg 1024w, https:\/\/blogsaverroes.juntadeandalucia.es\/ceiplaslomas\/files\/2021\/11\/2\u00ba-B-768x576.jpg 768w, https:\/\/blogsaverroes.juntadeandalucia.es\/ceiplaslomas\/files\/2021\/11\/2\u00ba-B-1536x1152.jpg 1536w, https:\/\/blogsaverroes.juntadeandalucia.es\/ceiplaslomas\/files\/2021\/11\/2\u00ba-B-2048x1536.jpg 2048w, https:\/\/blogsaverroes.juntadeandalucia.es\/ceiplaslomas\/files\/2021\/11\/2\u00ba-B-scaled.jpg 1600w\" sizes=\"(max-width: 300px) 100vw, 300px\" \/><\/a>\n\t\t\t<\/dt><\/dl><dl class='gallery-item'>\n\t\t\t<dt class='gallery-icon landscape'>\n\t\t\t\t<a href='https:\/\/blogsaverroes.juntadeandalucia.es\/ceiplaslomas\/2021\/11\/21\/20n-dia-de-los-derechos-de-la-infancia\/2o-c-3\/'><img loading=\"lazy\" decoding=\"async\" width=\"300\" height=\"225\" src=\"https:\/\/blogsaverroes.juntadeandalucia.es\/ceiplaslomas\/files\/2021\/11\/2\u00ba-C-300x225.jpg\" class=\"attachment-medium size-medium\" alt=\"\" srcset=\"https:\/\/blogsaverroes.juntadeandalucia.es\/ceiplaslomas\/files\/2021\/11\/2\u00ba-C-300x225.jpg 300w, https:\/\/blogsaverroes.juntadeandalucia.es\/ceiplaslomas\/files\/2021\/11\/2\u00ba-C-1024x768.jpg 1024w, https:\/\/blogsaverroes.juntadeandalucia.es\/ceiplaslomas\/files\/2021\/11\/2\u00ba-C-768x576.jpg 768w, https:\/\/blogsaverroes.juntadeandalucia.es\/ceiplaslomas\/files\/2021\/11\/2\u00ba-C-1536x1152.jpg 1536w, https:\/\/blogsaverroes.juntadeandalucia.es\/ceiplaslomas\/files\/2021\/11\/2\u00ba-C-2048x1536.jpg 2048w, https:\/\/blogsaverroes.juntadeandalucia.es\/ceiplaslomas\/files\/2021\/11\/2\u00ba-C-scaled.jpg 1600w\" sizes=\"(max-width: 300px) 100vw, 300px\" \/><\/a>\n\t\t\t<\/dt><\/dl><dl class='gallery-item'>\n\t\t\t<dt class='gallery-icon landscape'>\n\t\t\t\t<a href='https:\/\/blogsaverroes.juntadeandalucia.es\/ceiplaslomas\/2021\/11\/21\/20n-dia-de-los-derechos-de-la-infancia\/3o-a-2\/'><img loading=\"lazy\" decoding=\"async\" width=\"300\" height=\"225\" src=\"https:\/\/blogsaverroes.juntadeandalucia.es\/ceiplaslomas\/files\/2021\/11\/3\u00ba-A-300x225.jpg\" class=\"attachment-medium size-medium\" alt=\"\" srcset=\"https:\/\/blogsaverroes.juntadeandalucia.es\/ceiplaslomas\/files\/2021\/11\/3\u00ba-A-300x225.jpg 300w, https:\/\/blogsaverroes.juntadeandalucia.es\/ceiplaslomas\/files\/2021\/11\/3\u00ba-A-1024x768.jpg 1024w, https:\/\/blogsaverroes.juntadeandalucia.es\/ceiplaslomas\/files\/2021\/11\/3\u00ba-A-768x576.jpg 768w, https:\/\/blogsaverroes.juntadeandalucia.es\/ceiplaslomas\/files\/2021\/11\/3\u00ba-A-1536x1152.jpg 1536w, https:\/\/blogsaverroes.juntadeandalucia.es\/ceiplaslomas\/files\/2021\/11\/3\u00ba-A-2048x1536.jpg 2048w, https:\/\/blogsaverroes.juntadeandalucia.es\/ceiplaslomas\/files\/2021\/11\/3\u00ba-A-scaled.jpg 1600w\" sizes=\"(max-width: 300px) 100vw, 300px\" \/><\/a>\n\t\t\t<\/dt><\/dl><br style=\"clear: both\" \/><dl class='gallery-item'>\n\t\t\t<dt class='gallery-icon landscape'>\n\t\t\t\t<a href='https:\/\/blogsaverroes.juntadeandalucia.es\/ceiplaslomas\/2021\/11\/21\/20n-dia-de-los-derechos-de-la-infancia\/3o-b-2\/'><img loading=\"lazy\" decoding=\"async\" width=\"300\" height=\"225\" src=\"https:\/\/blogsaverroes.juntadeandalucia.es\/ceiplaslomas\/files\/2021\/11\/3\u00ba-B-300x225.jpg\" class=\"attachment-medium size-medium\" alt=\"\" srcset=\"https:\/\/blogsaverroes.juntadeandalucia.es\/ceiplaslomas\/files\/2021\/11\/3\u00ba-B-300x225.jpg 300w, https:\/\/blogsaverroes.juntadeandalucia.es\/ceiplaslomas\/files\/2021\/11\/3\u00ba-B-1024x768.jpg 1024w, https:\/\/blogsaverroes.juntadeandalucia.es\/ceiplaslomas\/files\/2021\/11\/3\u00ba-B-768x576.jpg 768w, https:\/\/blogsaverroes.juntadeandalucia.es\/ceiplaslomas\/files\/2021\/11\/3\u00ba-B-1536x1152.jpg 1536w, https:\/\/blogsaverroes.juntadeandalucia.es\/ceiplaslomas\/files\/2021\/11\/3\u00ba-B-2048x1536.jpg 2048w, https:\/\/blogsaverroes.juntadeandalucia.es\/ceiplaslomas\/files\/2021\/11\/3\u00ba-B-scaled.jpg 1600w\" sizes=\"(max-width: 300px) 100vw, 300px\" \/><\/a>\n\t\t\t<\/dt><\/dl><dl class='gallery-item'>\n\t\t\t<dt class='gallery-icon landscape'>\n\t\t\t\t<a href='https:\/\/blogsaverroes.juntadeandalucia.es\/ceiplaslomas\/2021\/11\/21\/20n-dia-de-los-derechos-de-la-infancia\/3o-c-2\/'><img loading=\"lazy\" decoding=\"async\" width=\"300\" height=\"225\" src=\"https:\/\/blogsaverroes.juntadeandalucia.es\/ceiplaslomas\/files\/2021\/11\/3\u00ba-C-300x225.jpg\" class=\"attachment-medium size-medium\" alt=\"\" srcset=\"https:\/\/blogsaverroes.juntadeandalucia.es\/ceiplaslomas\/files\/2021\/11\/3\u00ba-C-300x225.jpg 300w, https:\/\/blogsaverroes.juntadeandalucia.es\/ceiplaslomas\/files\/2021\/11\/3\u00ba-C-1024x768.jpg 1024w, https:\/\/blogsaverroes.juntadeandalucia.es\/ceiplaslomas\/files\/2021\/11\/3\u00ba-C-768x576.jpg 768w, https:\/\/blogsaverroes.juntadeandalucia.es\/ceiplaslomas\/files\/2021\/11\/3\u00ba-C-1536x1152.jpg 1536w, https:\/\/blogsaverroes.juntadeandalucia.es\/ceiplaslomas\/files\/2021\/11\/3\u00ba-C-2048x1536.jpg 2048w, https:\/\/blogsaverroes.juntadeandalucia.es\/ceiplaslomas\/files\/2021\/11\/3\u00ba-C-scaled.jpg 1600w\" sizes=\"(max-width: 300px) 100vw, 300px\" \/><\/a>\n\t\t\t<\/dt><\/dl><dl class='gallery-item'>\n\t\t\t<dt class='gallery-icon landscape'>\n\t\t\t\t<a href='https:\/\/blogsaverroes.juntadeandalucia.es\/ceiplaslomas\/2021\/11\/21\/20n-dia-de-los-derechos-de-la-infancia\/3o-d-2\/'><img loading=\"lazy\" decoding=\"async\" width=\"300\" height=\"225\" src=\"https:\/\/blogsaverroes.juntadeandalucia.es\/ceiplaslomas\/files\/2021\/11\/3\u00ba-D-300x225.jpg\" class=\"attachment-medium size-medium\" alt=\"\" srcset=\"https:\/\/blogsaverroes.juntadeandalucia.es\/ceiplaslomas\/files\/2021\/11\/3\u00ba-D-300x225.jpg 300w, https:\/\/blogsaverroes.juntadeandalucia.es\/ceiplaslomas\/files\/2021\/11\/3\u00ba-D-1024x768.jpg 1024w, https:\/\/blogsaverroes.juntadeandalucia.es\/ceiplaslomas\/files\/2021\/11\/3\u00ba-D-768x576.jpg 768w, https:\/\/blogsaverroes.juntadeandalucia.es\/ceiplaslomas\/files\/2021\/11\/3\u00ba-D-1536x1152.jpg 1536w, https:\/\/blogsaverroes.juntadeandalucia.es\/ceiplaslomas\/files\/2021\/11\/3\u00ba-D-2048x1536.jpg 2048w, https:\/\/blogsaverroes.juntadeandalucia.es\/ceiplaslomas\/files\/2021\/11\/3\u00ba-D-scaled.jpg 1600w\" sizes=\"(max-width: 300px) 100vw, 300px\" \/><\/a>\n\t\t\t<\/dt><\/dl><br style=\"clear: both\" \/><dl class='gallery-item'>\n\t\t\t<dt class='gallery-icon landscape'>\n\t\t\t\t<a href='https:\/\/blogsaverroes.juntadeandalucia.es\/ceiplaslomas\/2021\/11\/21\/20n-dia-de-los-derechos-de-la-infancia\/4o-a-2\/'><img loading=\"lazy\" decoding=\"async\" width=\"300\" height=\"225\" src=\"https:\/\/blogsaverroes.juntadeandalucia.es\/ceiplaslomas\/files\/2021\/11\/4\u00ba-A-300x225.jpg\" class=\"attachment-medium size-medium\" alt=\"\" srcset=\"https:\/\/blogsaverroes.juntadeandalucia.es\/ceiplaslomas\/files\/2021\/11\/4\u00ba-A-300x225.jpg 300w, https:\/\/blogsaverroes.juntadeandalucia.es\/ceiplaslomas\/files\/2021\/11\/4\u00ba-A-1024x768.jpg 1024w, https:\/\/blogsaverroes.juntadeandalucia.es\/ceiplaslomas\/files\/2021\/11\/4\u00ba-A-768x576.jpg 768w, https:\/\/blogsaverroes.juntadeandalucia.es\/ceiplaslomas\/files\/2021\/11\/4\u00ba-A-1536x1152.jpg 1536w, https:\/\/blogsaverroes.juntadeandalucia.es\/ceiplaslomas\/files\/2021\/11\/4\u00ba-A-2048x1536.jpg 2048w, https:\/\/blogsaverroes.juntadeandalucia.es\/ceiplaslomas\/files\/2021\/11\/4\u00ba-A-scaled.jpg 1600w\" sizes=\"(max-width: 300px) 100vw, 300px\" \/><\/a>\n\t\t\t<\/dt><\/dl><dl class='gallery-item'>\n\t\t\t<dt class='gallery-icon landscape'>\n\t\t\t\t<a href='https:\/\/blogsaverroes.juntadeandalucia.es\/ceiplaslomas\/2021\/11\/21\/20n-dia-de-los-derechos-de-la-infancia\/4o-c-2\/'><img loading=\"lazy\" decoding=\"async\" width=\"300\" height=\"225\" src=\"https:\/\/blogsaverroes.juntadeandalucia.es\/ceiplaslomas\/files\/2021\/11\/4\u00ba-C-300x225.jpg\" class=\"attachment-medium size-medium\" alt=\"\" srcset=\"https:\/\/blogsaverroes.juntadeandalucia.es\/ceiplaslomas\/files\/2021\/11\/4\u00ba-C-300x225.jpg 300w, https:\/\/blogsaverroes.juntadeandalucia.es\/ceiplaslomas\/files\/2021\/11\/4\u00ba-C-1024x768.jpg 1024w, https:\/\/blogsaverroes.juntadeandalucia.es\/ceiplaslomas\/files\/2021\/11\/4\u00ba-C-768x576.jpg 768w, https:\/\/blogsaverroes.juntadeandalucia.es\/ceiplaslomas\/files\/2021\/11\/4\u00ba-C-1536x1152.jpg 1536w, https:\/\/blogsaverroes.juntadeandalucia.es\/ceiplaslomas\/files\/2021\/11\/4\u00ba-C-2048x1536.jpg 2048w, https:\/\/blogsaverroes.juntadeandalucia.es\/ceiplaslomas\/files\/2021\/11\/4\u00ba-C-scaled.jpg 1600w\" sizes=\"(max-width: 300px) 100vw, 300px\" \/><\/a>\n\t\t\t<\/dt><\/dl><dl class='gallery-item'>\n\t\t\t<dt class='gallery-icon landscape'>\n\t\t\t\t<a href='https:\/\/blogsaverroes.juntadeandalucia.es\/ceiplaslomas\/2021\/11\/21\/20n-dia-de-los-derechos-de-la-infancia\/4o-d-2\/'><img loading=\"lazy\" decoding=\"async\" width=\"300\" height=\"225\" src=\"https:\/\/blogsaverroes.juntadeandalucia.es\/ceiplaslomas\/files\/2021\/11\/4\u00ba-D-300x225.jpg\" class=\"attachment-medium size-medium\" alt=\"\" srcset=\"https:\/\/blogsaverroes.juntadeandalucia.es\/ceiplaslomas\/files\/2021\/11\/4\u00ba-D-300x225.jpg 300w, https:\/\/blogsaverroes.juntadeandalucia.es\/ceiplaslomas\/files\/2021\/11\/4\u00ba-D-1024x768.jpg 1024w, https:\/\/blogsaverroes.juntadeandalucia.es\/ceiplaslomas\/files\/2021\/11\/4\u00ba-D-768x576.jpg 768w, https:\/\/blogsaverroes.juntadeandalucia.es\/ceiplaslomas\/files\/2021\/11\/4\u00ba-D-1536x1152.jpg 1536w, https:\/\/blogsaverroes.juntadeandalucia.es\/ceiplaslomas\/files\/2021\/11\/4\u00ba-D-2048x1536.jpg 2048w, https:\/\/blogsaverroes.juntadeandalucia.es\/ceiplaslomas\/files\/2021\/11\/4\u00ba-D-scaled.jpg 1600w\" sizes=\"(max-width: 300px) 100vw, 300px\" \/><\/a>\n\t\t\t<\/dt><\/dl><br style=\"clear: both\" \/><dl class='gallery-item'>\n\t\t\t<dt class='gallery-icon landscape'>\n\t\t\t\t<a href='https:\/\/blogsaverroes.juntadeandalucia.es\/ceiplaslomas\/2021\/11\/21\/20n-dia-de-los-derechos-de-la-infancia\/5o-a-2\/'><img loading=\"lazy\" decoding=\"async\" width=\"300\" height=\"225\" src=\"https:\/\/blogsaverroes.juntadeandalucia.es\/ceiplaslomas\/files\/2021\/11\/5\u00ba-A-300x225.jpg\" class=\"attachment-medium size-medium\" alt=\"\" srcset=\"https:\/\/blogsaverroes.juntadeandalucia.es\/ceiplaslomas\/files\/2021\/11\/5\u00ba-A-300x225.jpg 300w, https:\/\/blogsaverroes.juntadeandalucia.es\/ceiplaslomas\/files\/2021\/11\/5\u00ba-A-1024x768.jpg 1024w, https:\/\/blogsaverroes.juntadeandalucia.es\/ceiplaslomas\/files\/2021\/11\/5\u00ba-A-768x576.jpg 768w, https:\/\/blogsaverroes.juntadeandalucia.es\/ceiplaslomas\/files\/2021\/11\/5\u00ba-A-1536x1152.jpg 1536w, https:\/\/blogsaverroes.juntadeandalucia.es\/ceiplaslomas\/files\/2021\/11\/5\u00ba-A-2048x1536.jpg 2048w, https:\/\/blogsaverroes.juntadeandalucia.es\/ceiplaslomas\/files\/2021\/11\/5\u00ba-A-scaled.jpg 1600w\" sizes=\"(max-width: 300px) 100vw, 300px\" \/><\/a>\n\t\t\t<\/dt><\/dl><dl class='gallery-item'>\n\t\t\t<dt class='gallery-icon landscape'>\n\t\t\t\t<a href='https:\/\/blogsaverroes.juntadeandalucia.es\/ceiplaslomas\/2021\/11\/21\/20n-dia-de-los-derechos-de-la-infancia\/5o-c-2\/'><img loading=\"lazy\" decoding=\"async\" width=\"300\" height=\"225\" src=\"https:\/\/blogsaverroes.juntadeandalucia.es\/ceiplaslomas\/files\/2021\/11\/5\u00ba-C-300x225.jpg\" class=\"attachment-medium size-medium\" alt=\"\" srcset=\"https:\/\/blogsaverroes.juntadeandalucia.es\/ceiplaslomas\/files\/2021\/11\/5\u00ba-C-300x225.jpg 300w, https:\/\/blogsaverroes.juntadeandalucia.es\/ceiplaslomas\/files\/2021\/11\/5\u00ba-C-1024x768.jpg 1024w, https:\/\/blogsaverroes.juntadeandalucia.es\/ceiplaslomas\/files\/2021\/11\/5\u00ba-C-768x576.jpg 768w, https:\/\/blogsaverroes.juntadeandalucia.es\/ceiplaslomas\/files\/2021\/11\/5\u00ba-C-1536x1152.jpg 1536w, https:\/\/blogsaverroes.juntadeandalucia.es\/ceiplaslomas\/files\/2021\/11\/5\u00ba-C-2048x1536.jpg 2048w, https:\/\/blogsaverroes.juntadeandalucia.es\/ceiplaslomas\/files\/2021\/11\/5\u00ba-C-scaled.jpg 1600w\" sizes=\"(max-width: 300px) 100vw, 300px\" \/><\/a>\n\t\t\t<\/dt><\/dl><dl class='gallery-item'>\n\t\t\t<dt class='gallery-icon landscape'>\n\t\t\t\t<a href='https:\/\/blogsaverroes.juntadeandalucia.es\/ceiplaslomas\/2021\/11\/21\/20n-dia-de-los-derechos-de-la-infancia\/5o-d-2\/'><img loading=\"lazy\" decoding=\"async\" width=\"300\" height=\"225\" src=\"https:\/\/blogsaverroes.juntadeandalucia.es\/ceiplaslomas\/files\/2021\/11\/5\u00ba-D-300x225.jpg\" class=\"attachment-medium size-medium\" alt=\"\" srcset=\"https:\/\/blogsaverroes.juntadeandalucia.es\/ceiplaslomas\/files\/2021\/11\/5\u00ba-D-300x225.jpg 300w, https:\/\/blogsaverroes.juntadeandalucia.es\/ceiplaslomas\/files\/2021\/11\/5\u00ba-D-1024x768.jpg 1024w, https:\/\/blogsaverroes.juntadeandalucia.es\/ceiplaslomas\/files\/2021\/11\/5\u00ba-D-768x576.jpg 768w, https:\/\/blogsaverroes.juntadeandalucia.es\/ceiplaslomas\/files\/2021\/11\/5\u00ba-D-1536x1152.jpg 1536w, https:\/\/blogsaverroes.juntadeandalucia.es\/ceiplaslomas\/files\/2021\/11\/5\u00ba-D-2048x1536.jpg 2048w, https:\/\/blogsaverroes.juntadeandalucia.es\/ceiplaslomas\/files\/2021\/11\/5\u00ba-D-scaled.jpg 1600w\" sizes=\"(max-width: 300px) 100vw, 300px\" \/><\/a>\n\t\t\t<\/dt><\/dl><br style=\"clear: both\" \/><dl class='gallery-item'>\n\t\t\t<dt class='gallery-icon landscape'>\n\t\t\t\t<a href='https:\/\/blogsaverroes.juntadeandalucia.es\/ceiplaslomas\/2021\/11\/21\/20n-dia-de-los-derechos-de-la-infancia\/6o-a-2\/'><img loading=\"lazy\" decoding=\"async\" width=\"300\" height=\"225\" src=\"https:\/\/blogsaverroes.juntadeandalucia.es\/ceiplaslomas\/files\/2021\/11\/6\u00ba-A-300x225.jpg\" class=\"attachment-medium size-medium\" alt=\"\" srcset=\"https:\/\/blogsaverroes.juntadeandalucia.es\/ceiplaslomas\/files\/2021\/11\/6\u00ba-A-300x225.jpg 300w, https:\/\/blogsaverroes.juntadeandalucia.es\/ceiplaslomas\/files\/2021\/11\/6\u00ba-A-1024x768.jpg 1024w, https:\/\/blogsaverroes.juntadeandalucia.es\/ceiplaslomas\/files\/2021\/11\/6\u00ba-A-768x576.jpg 768w, https:\/\/blogsaverroes.juntadeandalucia.es\/ceiplaslomas\/files\/2021\/11\/6\u00ba-A-1536x1152.jpg 1536w, https:\/\/blogsaverroes.juntadeandalucia.es\/ceiplaslomas\/files\/2021\/11\/6\u00ba-A-2048x1536.jpg 2048w, https:\/\/blogsaverroes.juntadeandalucia.es\/ceiplaslomas\/files\/2021\/11\/6\u00ba-A-scaled.jpg 1600w\" sizes=\"(max-width: 300px) 100vw, 300px\" \/><\/a>\n\t\t\t<\/dt><\/dl><dl class='gallery-item'>\n\t\t\t<dt class='gallery-icon landscape'>\n\t\t\t\t<a href='https:\/\/blogsaverroes.juntadeandalucia.es\/ceiplaslomas\/2021\/11\/21\/20n-dia-de-los-derechos-de-la-infancia\/6o-b-2\/'><img loading=\"lazy\" decoding=\"async\" width=\"300\" height=\"225\" src=\"https:\/\/blogsaverroes.juntadeandalucia.es\/ceiplaslomas\/files\/2021\/11\/6\u00ba-B-300x225.jpg\" class=\"attachment-medium size-medium\" alt=\"\" srcset=\"https:\/\/blogsaverroes.juntadeandalucia.es\/ceiplaslomas\/files\/2021\/11\/6\u00ba-B-300x225.jpg 300w, https:\/\/blogsaverroes.juntadeandalucia.es\/ceiplaslomas\/files\/2021\/11\/6\u00ba-B-1024x768.jpg 1024w, https:\/\/blogsaverroes.juntadeandalucia.es\/ceiplaslomas\/files\/2021\/11\/6\u00ba-B-768x576.jpg 768w, https:\/\/blogsaverroes.juntadeandalucia.es\/ceiplaslomas\/files\/2021\/11\/6\u00ba-B-1536x1152.jpg 1536w, https:\/\/blogsaverroes.juntadeandalucia.es\/ceiplaslomas\/files\/2021\/11\/6\u00ba-B-2048x1536.jpg 2048w, https:\/\/blogsaverroes.juntadeandalucia.es\/ceiplaslomas\/files\/2021\/11\/6\u00ba-B-scaled.jpg 1600w\" sizes=\"(max-width: 300px) 100vw, 300px\" \/><\/a>\n\t\t\t<\/dt><\/dl><dl class='gallery-item'>\n\t\t\t<dt class='gallery-icon landscape'>\n\t\t\t\t<a href='https:\/\/blogsaverroes.juntadeandalucia.es\/ceiplaslomas\/2021\/11\/21\/20n-dia-de-los-derechos-de-la-infancia\/6o-c-2\/'><img loading=\"lazy\" decoding=\"async\" width=\"300\" height=\"225\" src=\"https:\/\/blogsaverroes.juntadeandalucia.es\/ceiplaslomas\/files\/2021\/11\/6\u00ba-C-300x225.jpg\" class=\"attachment-medium size-medium\" alt=\"\" srcset=\"https:\/\/blogsaverroes.juntadeandalucia.es\/ceiplaslomas\/files\/2021\/11\/6\u00ba-C-300x225.jpg 300w, https:\/\/blogsaverroes.juntadeandalucia.es\/ceiplaslomas\/files\/2021\/11\/6\u00ba-C-1024x768.jpg 1024w, https:\/\/blogsaverroes.juntadeandalucia.es\/ceiplaslomas\/files\/2021\/11\/6\u00ba-C-768x576.jpg 768w, https:\/\/blogsaverroes.juntadeandalucia.es\/ceiplaslomas\/files\/2021\/11\/6\u00ba-C-1536x1152.jpg 1536w, https:\/\/blogsaverroes.juntadeandalucia.es\/ceiplaslomas\/files\/2021\/11\/6\u00ba-C-2048x1536.jpg 2048w, https:\/\/blogsaverroes.juntadeandalucia.es\/ceiplaslomas\/files\/2021\/11\/6\u00ba-C-scaled.jpg 1600w\" sizes=\"(max-width: 300px) 100vw, 300px\" \/><\/a>\n\t\t\t<\/dt><\/dl><br style=\"clear: both\" \/><dl class='gallery-item'>\n\t\t\t<dt class='gallery-icon landscape'>\n\t\t\t\t<a href='https:\/\/blogsaverroes.juntadeandalucia.es\/ceiplaslomas\/2021\/11\/21\/20n-dia-de-los-derechos-de-la-infancia\/6o-d-2\/'><img loading=\"lazy\" decoding=\"async\" width=\"300\" height=\"225\" src=\"https:\/\/blogsaverroes.juntadeandalucia.es\/ceiplaslomas\/files\/2021\/11\/6\u00ba-D-300x225.jpg\" class=\"attachment-medium size-medium\" alt=\"\" srcset=\"https:\/\/blogsaverroes.juntadeandalucia.es\/ceiplaslomas\/files\/2021\/11\/6\u00ba-D-300x225.jpg 300w, https:\/\/blogsaverroes.juntadeandalucia.es\/ceiplaslomas\/files\/2021\/11\/6\u00ba-D-1024x768.jpg 1024w, https:\/\/blogsaverroes.juntadeandalucia.es\/ceiplaslomas\/files\/2021\/11\/6\u00ba-D-768x576.jpg 768w, https:\/\/blogsaverroes.juntadeandalucia.es\/ceiplaslomas\/files\/2021\/11\/6\u00ba-D-1536x1152.jpg 1536w, https:\/\/blogsaverroes.juntadeandalucia.es\/ceiplaslomas\/files\/2021\/11\/6\u00ba-D-2048x1536.jpg 2048w, https:\/\/blogsaverroes.juntadeandalucia.es\/ceiplaslomas\/files\/2021\/11\/6\u00ba-D-scaled.jpg 1600w\" sizes=\"(max-width: 300px) 100vw, 300px\" \/><\/a>\n\t\t\t<\/dt><\/dl><dl class='gallery-item'>\n\t\t\t<dt class='gallery-icon landscape'>\n\t\t\t\t<a href='https:\/\/blogsaverroes.juntadeandalucia.es\/ceiplaslomas\/2021\/11\/21\/20n-dia-de-los-derechos-de-la-infancia\/infantil-4-anos-c\/'><img loading=\"lazy\" decoding=\"async\" width=\"300\" height=\"225\" src=\"https:\/\/blogsaverroes.juntadeandalucia.es\/ceiplaslomas\/files\/2021\/11\/INFANTIL-4-A\u00d1OS-C-300x225.jpg\" class=\"attachment-medium size-medium\" alt=\"\" srcset=\"https:\/\/blogsaverroes.juntadeandalucia.es\/ceiplaslomas\/files\/2021\/11\/INFANTIL-4-A\u00d1OS-C-300x225.jpg 300w, https:\/\/blogsaverroes.juntadeandalucia.es\/ceiplaslomas\/files\/2021\/11\/INFANTIL-4-A\u00d1OS-C-1024x768.jpg 1024w, https:\/\/blogsaverroes.juntadeandalucia.es\/ceiplaslomas\/files\/2021\/11\/INFANTIL-4-A\u00d1OS-C-768x576.jpg 768w, https:\/\/blogsaverroes.juntadeandalucia.es\/ceiplaslomas\/files\/2021\/11\/INFANTIL-4-A\u00d1OS-C-1536x1152.jpg 1536w, https:\/\/blogsaverroes.juntadeandalucia.es\/ceiplaslomas\/files\/2021\/11\/INFANTIL-4-A\u00d1OS-C-2048x1536.jpg 2048w, https:\/\/blogsaverroes.juntadeandalucia.es\/ceiplaslomas\/files\/2021\/11\/INFANTIL-4-A\u00d1OS-C-scaled.jpg 1600w\" sizes=\"(max-width: 300px) 100vw, 300px\" \/><\/a>\n\t\t\t<\/dt><\/dl><dl class='gallery-item'>\n\t\t\t<dt class='gallery-icon landscape'>\n\t\t\t\t<a href='https:\/\/blogsaverroes.juntadeandalucia.es\/ceiplaslomas\/2021\/11\/21\/20n-dia-de-los-derechos-de-la-infancia\/infantil-5-anos-dotes\/'><img loading=\"lazy\" decoding=\"async\" width=\"300\" height=\"225\" src=\"https:\/\/blogsaverroes.juntadeandalucia.es\/ceiplaslomas\/files\/2021\/11\/INFANTIL-5-A\u00d1OS-DOTES-300x225.jpg\" class=\"attachment-medium size-medium\" alt=\"\" srcset=\"https:\/\/blogsaverroes.juntadeandalucia.es\/ceiplaslomas\/files\/2021\/11\/INFANTIL-5-A\u00d1OS-DOTES-300x225.jpg 300w, https:\/\/blogsaverroes.juntadeandalucia.es\/ceiplaslomas\/files\/2021\/11\/INFANTIL-5-A\u00d1OS-DOTES-1024x768.jpg 1024w, https:\/\/blogsaverroes.juntadeandalucia.es\/ceiplaslomas\/files\/2021\/11\/INFANTIL-5-A\u00d1OS-DOTES-768x576.jpg 768w, https:\/\/blogsaverroes.juntadeandalucia.es\/ceiplaslomas\/files\/2021\/11\/INFANTIL-5-A\u00d1OS-DOTES-1536x1152.jpg 1536w, https:\/\/blogsaverroes.juntadeandalucia.es\/ceiplaslomas\/files\/2021\/11\/INFANTIL-5-A\u00d1OS-DOTES-2048x1536.jpg 2048w, https:\/\/blogsaverroes.juntadeandalucia.es\/ceiplaslomas\/files\/2021\/11\/INFANTIL-5-A\u00d1OS-DOTES-scaled.jpg 1600w\" sizes=\"(max-width: 300px) 100vw, 300px\" \/><\/a>\n\t\t\t<\/dt><\/dl><br style=\"clear: both\" \/><dl class='gallery-item'>\n\t\t\t<dt class='gallery-icon landscape'>\n\t\t\t\t<a href='https:\/\/blogsaverroes.juntadeandalucia.es\/ceiplaslomas\/2021\/11\/21\/20n-dia-de-los-derechos-de-la-infancia\/infantil-5-anos-isa\/'><img loading=\"lazy\" decoding=\"async\" width=\"300\" height=\"225\" src=\"https:\/\/blogsaverroes.juntadeandalucia.es\/ceiplaslomas\/files\/2021\/11\/INFANTIL-5-A\u00d1OS-ISA-300x225.jpg\" class=\"attachment-medium size-medium\" alt=\"\" srcset=\"https:\/\/blogsaverroes.juntadeandalucia.es\/ceiplaslomas\/files\/2021\/11\/INFANTIL-5-A\u00d1OS-ISA-300x225.jpg 300w, https:\/\/blogsaverroes.juntadeandalucia.es\/ceiplaslomas\/files\/2021\/11\/INFANTIL-5-A\u00d1OS-ISA-1024x768.jpg 1024w, https:\/\/blogsaverroes.juntadeandalucia.es\/ceiplaslomas\/files\/2021\/11\/INFANTIL-5-A\u00d1OS-ISA-768x576.jpg 768w, https:\/\/blogsaverroes.juntadeandalucia.es\/ceiplaslomas\/files\/2021\/11\/INFANTIL-5-A\u00d1OS-ISA-1536x1152.jpg 1536w, https:\/\/blogsaverroes.juntadeandalucia.es\/ceiplaslomas\/files\/2021\/11\/INFANTIL-5-A\u00d1OS-ISA-2048x1536.jpg 2048w, https:\/\/blogsaverroes.juntadeandalucia.es\/ceiplaslomas\/files\/2021\/11\/INFANTIL-5-A\u00d1OS-ISA-scaled.jpg 1600w\" sizes=\"(max-width: 300px) 100vw, 300px\" \/><\/a>\n\t\t\t<\/dt><\/dl><dl class='gallery-item'>\n\t\t\t<dt class='gallery-icon landscape'>\n\t\t\t\t<a href='https:\/\/blogsaverroes.juntadeandalucia.es\/ceiplaslomas\/2021\/11\/21\/20n-dia-de-los-derechos-de-la-infancia\/infantil-5-anos-maria-lozano\/'><img loading=\"lazy\" decoding=\"async\" width=\"300\" height=\"225\" src=\"https:\/\/blogsaverroes.juntadeandalucia.es\/ceiplaslomas\/files\/2021\/11\/INFANTIL-5-A\u00d1OS-MARIA-LOZANO-300x225.jpg\" class=\"attachment-medium size-medium\" alt=\"\" srcset=\"https:\/\/blogsaverroes.juntadeandalucia.es\/ceiplaslomas\/files\/2021\/11\/INFANTIL-5-A\u00d1OS-MARIA-LOZANO-300x225.jpg 300w, https:\/\/blogsaverroes.juntadeandalucia.es\/ceiplaslomas\/files\/2021\/11\/INFANTIL-5-A\u00d1OS-MARIA-LOZANO-1024x768.jpg 1024w, https:\/\/blogsaverroes.juntadeandalucia.es\/ceiplaslomas\/files\/2021\/11\/INFANTIL-5-A\u00d1OS-MARIA-LOZANO-768x576.jpg 768w, https:\/\/blogsaverroes.juntadeandalucia.es\/ceiplaslomas\/files\/2021\/11\/INFANTIL-5-A\u00d1OS-MARIA-LOZANO-1536x1152.jpg 1536w, https:\/\/blogsaverroes.juntadeandalucia.es\/ceiplaslomas\/files\/2021\/11\/INFANTIL-5-A\u00d1OS-MARIA-LOZANO-2048x1536.jpg 2048w, https:\/\/blogsaverroes.juntadeandalucia.es\/ceiplaslomas\/files\/2021\/11\/INFANTIL-5-A\u00d1OS-MARIA-LOZANO-scaled.jpg 1600w\" sizes=\"(max-width: 300px) 100vw, 300px\" \/><\/a>\n\t\t\t<\/dt><\/dl>\n\t\t\t<br style='clear: both' \/>\n\t\t<\/div>\n\n<p>&nbsp;<\/p>\n<p><strong><span style=\"color: #0000ff\">Decoraci\u00f3n de puertas de Infantil<\/span><\/strong><\/p>\n\n\t\t<style>\n\t\t\t#gallery-3 {\n\t\t\t\tmargin: auto;\n\t\t\t}\n\t\t\t#gallery-3 .gallery-item {\n\t\t\t\tfloat: left;\n\t\t\t\tmargin-top: 10px;\n\t\t\t\ttext-align: center;\n\t\t\t\twidth: 50%;\n\t\t\t}\n\t\t\t#gallery-3 img {\n\t\t\t\tborder: 2px solid #cfcfcf;\n\t\t\t}\n\t\t\t#gallery-3 .gallery-caption {\n\t\t\t\tmargin-left: 0;\n\t\t\t}\n\t\t\t\/* see gallery_shortcode() in wp-includes\/media.php *\/\n\t\t<\/style>\n\t\t<div id='gallery-3' class='gallery galleryid-11779 gallery-columns-2 gallery-size-medium'><dl class='gallery-item'>\n\t\t\t<dt class='gallery-icon portrait'>\n\t\t\t\t<a href='https:\/\/blogsaverroes.juntadeandalucia.es\/ceiplaslomas\/2021\/11\/21\/20n-dia-de-los-derechos-de-la-infancia\/infantil-3-a\/'><img loading=\"lazy\" decoding=\"async\" width=\"169\" height=\"300\" src=\"https:\/\/blogsaverroes.juntadeandalucia.es\/ceiplaslomas\/files\/2021\/11\/INFANTIL-3-A-169x300.jpeg\" class=\"attachment-medium size-medium\" alt=\"\" aria-describedby=\"gallery-3-11800\" srcset=\"https:\/\/blogsaverroes.juntadeandalucia.es\/ceiplaslomas\/files\/2021\/11\/INFANTIL-3-A-169x300.jpeg 169w, https:\/\/blogsaverroes.juntadeandalucia.es\/ceiplaslomas\/files\/2021\/11\/INFANTIL-3-A-576x1024.jpeg 576w, https:\/\/blogsaverroes.juntadeandalucia.es\/ceiplaslomas\/files\/2021\/11\/INFANTIL-3-A-768x1365.jpeg 768w, https:\/\/blogsaverroes.juntadeandalucia.es\/ceiplaslomas\/files\/2021\/11\/INFANTIL-3-A-864x1536.jpeg 864w, https:\/\/blogsaverroes.juntadeandalucia.es\/ceiplaslomas\/files\/2021\/11\/INFANTIL-3-A.jpeg 900w\" sizes=\"(max-width: 169px) 100vw, 169px\" \/><\/a>\n\t\t\t<\/dt>\n\t\t\t\t<dd class='wp-caption-text gallery-caption' id='gallery-3-11800'>\n\t\t\t\t3 a\u00f1os A\n\t\t\t\t<\/dd><\/dl><dl class='gallery-item'>\n\t\t\t<dt class='gallery-icon portrait'>\n\t\t\t\t<a href='https:\/\/blogsaverroes.juntadeandalucia.es\/ceiplaslomas\/2021\/11\/21\/20n-dia-de-los-derechos-de-la-infancia\/infantil-3-b\/'><img loading=\"lazy\" decoding=\"async\" width=\"225\" height=\"300\" src=\"https:\/\/blogsaverroes.juntadeandalucia.es\/ceiplaslomas\/files\/2021\/11\/INFANTIL-3-B-225x300.jpeg\" class=\"attachment-medium size-medium\" alt=\"\" aria-describedby=\"gallery-3-11801\" srcset=\"https:\/\/blogsaverroes.juntadeandalucia.es\/ceiplaslomas\/files\/2021\/11\/INFANTIL-3-B-225x300.jpeg 225w, https:\/\/blogsaverroes.juntadeandalucia.es\/ceiplaslomas\/files\/2021\/11\/INFANTIL-3-B-769x1024.jpeg 769w, https:\/\/blogsaverroes.juntadeandalucia.es\/ceiplaslomas\/files\/2021\/11\/INFANTIL-3-B-768x1023.jpeg 768w, https:\/\/blogsaverroes.juntadeandalucia.es\/ceiplaslomas\/files\/2021\/11\/INFANTIL-3-B-1153x1536.jpeg 1153w, https:\/\/blogsaverroes.juntadeandalucia.es\/ceiplaslomas\/files\/2021\/11\/INFANTIL-3-B.jpeg 1201w\" sizes=\"(max-width: 225px) 100vw, 225px\" \/><\/a>\n\t\t\t<\/dt>\n\t\t\t\t<dd class='wp-caption-text gallery-caption' id='gallery-3-11801'>\n\t\t\t\t3 a\u00f1os B\n\t\t\t\t<\/dd><\/dl><br style=\"clear: both\" \/><dl class='gallery-item'>\n\t\t\t<dt class='gallery-icon portrait'>\n\t\t\t\t<a href='https:\/\/blogsaverroes.juntadeandalucia.es\/ceiplaslomas\/2021\/11\/21\/20n-dia-de-los-derechos-de-la-infancia\/infantil-3-c\/'><img loading=\"lazy\" decoding=\"async\" width=\"169\" height=\"300\" src=\"https:\/\/blogsaverroes.juntadeandalucia.es\/ceiplaslomas\/files\/2021\/11\/INFANTIL-3-C-169x300.jpeg\" class=\"attachment-medium size-medium\" alt=\"\" aria-describedby=\"gallery-3-11802\" srcset=\"https:\/\/blogsaverroes.juntadeandalucia.es\/ceiplaslomas\/files\/2021\/11\/INFANTIL-3-C-169x300.jpeg 169w, https:\/\/blogsaverroes.juntadeandalucia.es\/ceiplaslomas\/files\/2021\/11\/INFANTIL-3-C-576x1024.jpeg 576w, https:\/\/blogsaverroes.juntadeandalucia.es\/ceiplaslomas\/files\/2021\/11\/INFANTIL-3-C-768x1365.jpeg 768w, https:\/\/blogsaverroes.juntadeandalucia.es\/ceiplaslomas\/files\/2021\/11\/INFANTIL-3-C-864x1536.jpeg 864w, https:\/\/blogsaverroes.juntadeandalucia.es\/ceiplaslomas\/files\/2021\/11\/INFANTIL-3-C.jpeg 900w\" sizes=\"(max-width: 169px) 100vw, 169px\" \/><\/a>\n\t\t\t<\/dt>\n\t\t\t\t<dd class='wp-caption-text gallery-caption' id='gallery-3-11802'>\n\t\t\t\t3 a\u00f1os C\n\t\t\t\t<\/dd><\/dl><dl class='gallery-item'>\n\t\t\t<dt class='gallery-icon portrait'>\n\t\t\t\t<a href='https:\/\/blogsaverroes.juntadeandalucia.es\/ceiplaslomas\/2021\/11\/21\/20n-dia-de-los-derechos-de-la-infancia\/infantil-4-a\/'><img loading=\"lazy\" decoding=\"async\" width=\"225\" height=\"300\" src=\"https:\/\/blogsaverroes.juntadeandalucia.es\/ceiplaslomas\/files\/2021\/11\/INFANTIL-4-A-225x300.jpeg\" class=\"attachment-medium size-medium\" alt=\"\" aria-describedby=\"gallery-3-11803\" srcset=\"https:\/\/blogsaverroes.juntadeandalucia.es\/ceiplaslomas\/files\/2021\/11\/INFANTIL-4-A-225x300.jpeg 225w, https:\/\/blogsaverroes.juntadeandalucia.es\/ceiplaslomas\/files\/2021\/11\/INFANTIL-4-A-768x1024.jpeg 768w, https:\/\/blogsaverroes.juntadeandalucia.es\/ceiplaslomas\/files\/2021\/11\/INFANTIL-4-A-1152x1536.jpeg 1152w, https:\/\/blogsaverroes.juntadeandalucia.es\/ceiplaslomas\/files\/2021\/11\/INFANTIL-4-A.jpeg 1200w\" sizes=\"(max-width: 225px) 100vw, 225px\" \/><\/a>\n\t\t\t<\/dt>\n\t\t\t\t<dd class='wp-caption-text gallery-caption' id='gallery-3-11803'>\n\t\t\t\t4 a\u00f1os A\n\t\t\t\t<\/dd><\/dl><br style=\"clear: both\" \/><dl class='gallery-item'>\n\t\t\t<dt class='gallery-icon portrait'>\n\t\t\t\t<a href='https:\/\/blogsaverroes.juntadeandalucia.es\/ceiplaslomas\/2021\/11\/21\/20n-dia-de-los-derechos-de-la-infancia\/infantil-4-b\/'><img loading=\"lazy\" decoding=\"async\" width=\"225\" height=\"300\" src=\"https:\/\/blogsaverroes.juntadeandalucia.es\/ceiplaslomas\/files\/2021\/11\/INFANTIL-4-B-225x300.jpeg\" class=\"attachment-medium size-medium\" alt=\"\" aria-describedby=\"gallery-3-11804\" srcset=\"https:\/\/blogsaverroes.juntadeandalucia.es\/ceiplaslomas\/files\/2021\/11\/INFANTIL-4-B-225x300.jpeg 225w, https:\/\/blogsaverroes.juntadeandalucia.es\/ceiplaslomas\/files\/2021\/11\/INFANTIL-4-B-768x1024.jpeg 768w, https:\/\/blogsaverroes.juntadeandalucia.es\/ceiplaslomas\/files\/2021\/11\/INFANTIL-4-B-1152x1536.jpeg 1152w, https:\/\/blogsaverroes.juntadeandalucia.es\/ceiplaslomas\/files\/2021\/11\/INFANTIL-4-B.jpeg 1200w\" sizes=\"(max-width: 225px) 100vw, 225px\" \/><\/a>\n\t\t\t<\/dt>\n\t\t\t\t<dd class='wp-caption-text gallery-caption' id='gallery-3-11804'>\n\t\t\t\t4 a\u00f1os B\n\t\t\t\t<\/dd><\/dl><dl class='gallery-item'>\n\t\t\t<dt class='gallery-icon portrait'>\n\t\t\t\t<a href='https:\/\/blogsaverroes.juntadeandalucia.es\/ceiplaslomas\/2021\/11\/21\/20n-dia-de-los-derechos-de-la-infancia\/infantil-4-c\/'><img loading=\"lazy\" decoding=\"async\" width=\"135\" height=\"300\" src=\"https:\/\/blogsaverroes.juntadeandalucia.es\/ceiplaslomas\/files\/2021\/11\/INFANTIL-4-C-135x300.jpeg\" class=\"attachment-medium size-medium\" alt=\"\" aria-describedby=\"gallery-3-11805\" srcset=\"https:\/\/blogsaverroes.juntadeandalucia.es\/ceiplaslomas\/files\/2021\/11\/INFANTIL-4-C-135x300.jpeg 135w, https:\/\/blogsaverroes.juntadeandalucia.es\/ceiplaslomas\/files\/2021\/11\/INFANTIL-4-C-461x1024.jpeg 461w, https:\/\/blogsaverroes.juntadeandalucia.es\/ceiplaslomas\/files\/2021\/11\/INFANTIL-4-C-691x1536.jpeg 691w, https:\/\/blogsaverroes.juntadeandalucia.es\/ceiplaslomas\/files\/2021\/11\/INFANTIL-4-C.jpeg 720w\" sizes=\"(max-width: 135px) 100vw, 135px\" \/><\/a>\n\t\t\t<\/dt>\n\t\t\t\t<dd class='wp-caption-text gallery-caption' id='gallery-3-11805'>\n\t\t\t\t4 a\u00f1os C\n\t\t\t\t<\/dd><\/dl><br style=\"clear: both\" \/><dl class='gallery-item'>\n\t\t\t<dt class='gallery-icon portrait'>\n\t\t\t\t<a href='https:\/\/blogsaverroes.juntadeandalucia.es\/ceiplaslomas\/2021\/11\/21\/20n-dia-de-los-derechos-de-la-infancia\/infantil-5-a\/'><img loading=\"lazy\" decoding=\"async\" width=\"225\" height=\"300\" src=\"https:\/\/blogsaverroes.juntadeandalucia.es\/ceiplaslomas\/files\/2021\/11\/INFANTIL-5-A-225x300.jpeg\" class=\"attachment-medium size-medium\" alt=\"\" aria-describedby=\"gallery-3-11806\" srcset=\"https:\/\/blogsaverroes.juntadeandalucia.es\/ceiplaslomas\/files\/2021\/11\/INFANTIL-5-A-225x300.jpeg 225w, https:\/\/blogsaverroes.juntadeandalucia.es\/ceiplaslomas\/files\/2021\/11\/INFANTIL-5-A-768x1024.jpeg 768w, https:\/\/blogsaverroes.juntadeandalucia.es\/ceiplaslomas\/files\/2021\/11\/INFANTIL-5-A-1152x1536.jpeg 1152w, https:\/\/blogsaverroes.juntadeandalucia.es\/ceiplaslomas\/files\/2021\/11\/INFANTIL-5-A.jpeg 1200w\" sizes=\"(max-width: 225px) 100vw, 225px\" \/><\/a>\n\t\t\t<\/dt>\n\t\t\t\t<dd class='wp-caption-text gallery-caption' id='gallery-3-11806'>\n\t\t\t\t5 a\u00f1os A\n\t\t\t\t<\/dd><\/dl><dl class='gallery-item'>\n\t\t\t<dt class='gallery-icon portrait'>\n\t\t\t\t<a href='https:\/\/blogsaverroes.juntadeandalucia.es\/ceiplaslomas\/2021\/11\/21\/20n-dia-de-los-derechos-de-la-infancia\/infantil-5-b\/'><img loading=\"lazy\" decoding=\"async\" width=\"169\" height=\"300\" src=\"https:\/\/blogsaverroes.juntadeandalucia.es\/ceiplaslomas\/files\/2021\/11\/INFANTIL-5-B-169x300.jpeg\" class=\"attachment-medium size-medium\" alt=\"\" aria-describedby=\"gallery-3-11807\" srcset=\"https:\/\/blogsaverroes.juntadeandalucia.es\/ceiplaslomas\/files\/2021\/11\/INFANTIL-5-B-169x300.jpeg 169w, https:\/\/blogsaverroes.juntadeandalucia.es\/ceiplaslomas\/files\/2021\/11\/INFANTIL-5-B-576x1024.jpeg 576w, https:\/\/blogsaverroes.juntadeandalucia.es\/ceiplaslomas\/files\/2021\/11\/INFANTIL-5-B-768x1365.jpeg 768w, https:\/\/blogsaverroes.juntadeandalucia.es\/ceiplaslomas\/files\/2021\/11\/INFANTIL-5-B-864x1536.jpeg 864w, https:\/\/blogsaverroes.juntadeandalucia.es\/ceiplaslomas\/files\/2021\/11\/INFANTIL-5-B.jpeg 900w\" sizes=\"(max-width: 169px) 100vw, 169px\" \/><\/a>\n\t\t\t<\/dt>\n\t\t\t\t<dd class='wp-caption-text gallery-caption' id='gallery-3-11807'>\n\t\t\t\t5 a\u00f1os B\n\t\t\t\t<\/dd><\/dl><br style=\"clear: both\" \/><dl class='gallery-item'>\n\t\t\t<dt class='gallery-icon portrait'>\n\t\t\t\t<a href='https:\/\/blogsaverroes.juntadeandalucia.es\/ceiplaslomas\/2021\/11\/21\/20n-dia-de-los-derechos-de-la-infancia\/infantil-5-c\/'><img loading=\"lazy\" decoding=\"async\" width=\"225\" height=\"300\" src=\"https:\/\/blogsaverroes.juntadeandalucia.es\/ceiplaslomas\/files\/2021\/11\/INFANTIL-5-C-225x300.jpeg\" class=\"attachment-medium size-medium\" alt=\"\" aria-describedby=\"gallery-3-11808\" srcset=\"https:\/\/blogsaverroes.juntadeandalucia.es\/ceiplaslomas\/files\/2021\/11\/INFANTIL-5-C-225x300.jpeg 225w, https:\/\/blogsaverroes.juntadeandalucia.es\/ceiplaslomas\/files\/2021\/11\/INFANTIL-5-C-768x1024.jpeg 768w, https:\/\/blogsaverroes.juntadeandalucia.es\/ceiplaslomas\/files\/2021\/11\/INFANTIL-5-C-1152x1536.jpeg 1152w, https:\/\/blogsaverroes.juntadeandalucia.es\/ceiplaslomas\/files\/2021\/11\/INFANTIL-5-C.jpeg 1200w\" sizes=\"(max-width: 225px) 100vw, 225px\" \/><\/a>\n\t\t\t<\/dt>\n\t\t\t\t<dd class='wp-caption-text gallery-caption' id='gallery-3-11808'>\n\t\t\t\t5 a\u00f1os C\n\t\t\t\t<\/dd><\/dl><dl class='gallery-item'>\n\t\t\t<dt class='gallery-icon portrait'>\n\t\t\t\t<a href='https:\/\/blogsaverroes.juntadeandalucia.es\/ceiplaslomas\/2021\/11\/21\/20n-dia-de-los-derechos-de-la-infancia\/infantil-5-d\/'><img loading=\"lazy\" decoding=\"async\" width=\"169\" height=\"300\" src=\"https:\/\/blogsaverroes.juntadeandalucia.es\/ceiplaslomas\/files\/2021\/11\/INFANTIL-5-D-169x300.jpeg\" class=\"attachment-medium size-medium\" alt=\"\" aria-describedby=\"gallery-3-11809\" srcset=\"https:\/\/blogsaverroes.juntadeandalucia.es\/ceiplaslomas\/files\/2021\/11\/INFANTIL-5-D-169x300.jpeg 169w, https:\/\/blogsaverroes.juntadeandalucia.es\/ceiplaslomas\/files\/2021\/11\/INFANTIL-5-D-576x1024.jpeg 576w, https:\/\/blogsaverroes.juntadeandalucia.es\/ceiplaslomas\/files\/2021\/11\/INFANTIL-5-D-768x1365.jpeg 768w, https:\/\/blogsaverroes.juntadeandalucia.es\/ceiplaslomas\/files\/2021\/11\/INFANTIL-5-D-864x1536.jpeg 864w, https:\/\/blogsaverroes.juntadeandalucia.es\/ceiplaslomas\/files\/2021\/11\/INFANTIL-5-D.jpeg 900w\" sizes=\"(max-width: 169px) 100vw, 169px\" \/><\/a>\n\t\t\t<\/dt>\n\t\t\t\t<dd class='wp-caption-text gallery-caption' id='gallery-3-11809'>\n\t\t\t\t5 a\u00f1os D\n\t\t\t\t<\/dd><\/dl><br style=\"clear: both\" \/>\n\t\t<\/div>\n\n<p><strong><span style=\"color: #0000ff\">Decoraci\u00f3n de puertas Equipo de Orientaci\u00f3n y Apoyo<\/span><\/strong><\/p>\n<p>&nbsp;<\/p>\n\n\t\t<style>\n\t\t\t#gallery-4 {\n\t\t\t\tmargin: auto;\n\t\t\t}\n\t\t\t#gallery-4 .gallery-item {\n\t\t\t\tfloat: left;\n\t\t\t\tmargin-top: 10px;\n\t\t\t\ttext-align: center;\n\t\t\t\twidth: 50%;\n\t\t\t}\n\t\t\t#gallery-4 img {\n\t\t\t\tborder: 2px solid #cfcfcf;\n\t\t\t}\n\t\t\t#gallery-4 .gallery-caption {\n\t\t\t\tmargin-left: 0;\n\t\t\t}\n\t\t\t\/* see gallery_shortcode() in wp-includes\/media.php *\/\n\t\t<\/style>\n\t\t<div id='gallery-4' class='gallery galleryid-11779 gallery-columns-2 gallery-size-medium'><dl class='gallery-item'>\n\t\t\t<dt class='gallery-icon portrait'>\n\t\t\t\t<a href='https:\/\/blogsaverroes.juntadeandalucia.es\/ceiplaslomas\/2021\/11\/21\/20n-dia-de-los-derechos-de-la-infancia\/al\/'><img loading=\"lazy\" decoding=\"async\" width=\"225\" height=\"300\" src=\"https:\/\/blogsaverroes.juntadeandalucia.es\/ceiplaslomas\/files\/2021\/11\/AL-225x300.jpeg\" class=\"attachment-medium size-medium\" alt=\"\" aria-describedby=\"gallery-4-11810\" srcset=\"https:\/\/blogsaverroes.juntadeandalucia.es\/ceiplaslomas\/files\/2021\/11\/AL-225x300.jpeg 225w, https:\/\/blogsaverroes.juntadeandalucia.es\/ceiplaslomas\/files\/2021\/11\/AL-768x1024.jpeg 768w, https:\/\/blogsaverroes.juntadeandalucia.es\/ceiplaslomas\/files\/2021\/11\/AL-1152x1536.jpeg 1152w, https:\/\/blogsaverroes.juntadeandalucia.es\/ceiplaslomas\/files\/2021\/11\/AL.jpeg 1200w\" sizes=\"(max-width: 225px) 100vw, 225px\" \/><\/a>\n\t\t\t<\/dt>\n\t\t\t\t<dd class='wp-caption-text gallery-caption' id='gallery-4-11810'>\n\t\t\t\tAudici\u00f3n y lenguaje\n\t\t\t\t<\/dd><\/dl><dl class='gallery-item'>\n\t\t\t<dt class='gallery-icon portrait'>\n\t\t\t\t<a href='https:\/\/blogsaverroes.juntadeandalucia.es\/ceiplaslomas\/2021\/11\/21\/20n-dia-de-los-derechos-de-la-infancia\/atal-2\/'><img loading=\"lazy\" decoding=\"async\" width=\"181\" height=\"300\" src=\"https:\/\/blogsaverroes.juntadeandalucia.es\/ceiplaslomas\/files\/2021\/11\/ATAL-181x300.jpeg\" class=\"attachment-medium size-medium\" alt=\"\" aria-describedby=\"gallery-4-11811\" srcset=\"https:\/\/blogsaverroes.juntadeandalucia.es\/ceiplaslomas\/files\/2021\/11\/ATAL-181x300.jpeg 181w, https:\/\/blogsaverroes.juntadeandalucia.es\/ceiplaslomas\/files\/2021\/11\/ATAL.jpeg 375w\" sizes=\"(max-width: 181px) 100vw, 181px\" \/><\/a>\n\t\t\t<\/dt>\n\t\t\t\t<dd class='wp-caption-text gallery-caption' id='gallery-4-11811'>\n\t\t\t\tATAL\n\t\t\t\t<\/dd><\/dl><br style=\"clear: both\" \/><dl class='gallery-item'>\n\t\t\t<dt class='gallery-icon portrait'>\n\t\t\t\t<a href='https:\/\/blogsaverroes.juntadeandalucia.es\/ceiplaslomas\/2021\/11\/21\/20n-dia-de-los-derechos-de-la-infancia\/aula-especifica-4\/'><img loading=\"lazy\" decoding=\"async\" width=\"225\" height=\"300\" src=\"https:\/\/blogsaverroes.juntadeandalucia.es\/ceiplaslomas\/files\/2021\/11\/AULA-ESPECIFICA-225x300.jpeg\" class=\"attachment-medium size-medium\" alt=\"\" aria-describedby=\"gallery-4-11812\" srcset=\"https:\/\/blogsaverroes.juntadeandalucia.es\/ceiplaslomas\/files\/2021\/11\/AULA-ESPECIFICA-225x300.jpeg 225w, https:\/\/blogsaverroes.juntadeandalucia.es\/ceiplaslomas\/files\/2021\/11\/AULA-ESPECIFICA-768x1024.jpeg 768w, https:\/\/blogsaverroes.juntadeandalucia.es\/ceiplaslomas\/files\/2021\/11\/AULA-ESPECIFICA-1152x1536.jpeg 1152w, https:\/\/blogsaverroes.juntadeandalucia.es\/ceiplaslomas\/files\/2021\/11\/AULA-ESPECIFICA.jpeg 1200w\" sizes=\"(max-width: 225px) 100vw, 225px\" \/><\/a>\n\t\t\t<\/dt>\n\t\t\t\t<dd class='wp-caption-text gallery-caption' id='gallery-4-11812'>\n\t\t\t\tAula Espec\u00edfica\n\t\t\t\t<\/dd><\/dl><dl class='gallery-item'>\n\t\t\t<dt class='gallery-icon portrait'>\n\t\t\t\t<a href='https:\/\/blogsaverroes.juntadeandalucia.es\/ceiplaslomas\/2021\/11\/21\/20n-dia-de-los-derechos-de-la-infancia\/pt-1-dalila\/'><img loading=\"lazy\" decoding=\"async\" width=\"138\" height=\"300\" src=\"https:\/\/blogsaverroes.juntadeandalucia.es\/ceiplaslomas\/files\/2021\/11\/PT-1-DALILA-138x300.jpeg\" class=\"attachment-medium size-medium\" alt=\"\" aria-describedby=\"gallery-4-11813\" srcset=\"https:\/\/blogsaverroes.juntadeandalucia.es\/ceiplaslomas\/files\/2021\/11\/PT-1-DALILA-138x300.jpeg 138w, https:\/\/blogsaverroes.juntadeandalucia.es\/ceiplaslomas\/files\/2021\/11\/PT-1-DALILA-473x1024.jpeg 473w, https:\/\/blogsaverroes.juntadeandalucia.es\/ceiplaslomas\/files\/2021\/11\/PT-1-DALILA-768x1664.jpeg 768w, https:\/\/blogsaverroes.juntadeandalucia.es\/ceiplaslomas\/files\/2021\/11\/PT-1-DALILA-709x1536.jpeg 709w, https:\/\/blogsaverroes.juntadeandalucia.es\/ceiplaslomas\/files\/2021\/11\/PT-1-DALILA.jpeg 738w\" sizes=\"(max-width: 138px) 100vw, 138px\" \/><\/a>\n\t\t\t<\/dt>\n\t\t\t\t<dd class='wp-caption-text gallery-caption' id='gallery-4-11813'>\n\t\t\t\tApoyo a la integraci\u00f3n 1\n\t\t\t\t<\/dd><\/dl><br style=\"clear: both\" \/><dl class='gallery-item'>\n\t\t\t<dt class='gallery-icon portrait'>\n\t\t\t\t<a href='https:\/\/blogsaverroes.juntadeandalucia.es\/ceiplaslomas\/2021\/11\/21\/20n-dia-de-los-derechos-de-la-infancia\/pt-2-juan\/'><img loading=\"lazy\" decoding=\"async\" width=\"224\" height=\"300\" src=\"https:\/\/blogsaverroes.juntadeandalucia.es\/ceiplaslomas\/files\/2021\/11\/PT-2-JUAN-224x300.jpeg\" class=\"attachment-medium size-medium\" alt=\"\" aria-describedby=\"gallery-4-11814\" srcset=\"https:\/\/blogsaverroes.juntadeandalucia.es\/ceiplaslomas\/files\/2021\/11\/PT-2-JUAN-224x300.jpeg 224w, https:\/\/blogsaverroes.juntadeandalucia.es\/ceiplaslomas\/files\/2021\/11\/PT-2-JUAN-765x1024.jpeg 765w, https:\/\/blogsaverroes.juntadeandalucia.es\/ceiplaslomas\/files\/2021\/11\/PT-2-JUAN-768x1027.jpeg 768w, https:\/\/blogsaverroes.juntadeandalucia.es\/ceiplaslomas\/files\/2021\/11\/PT-2-JUAN-1148x1536.jpeg 1148w, https:\/\/blogsaverroes.juntadeandalucia.es\/ceiplaslomas\/files\/2021\/11\/PT-2-JUAN.jpeg 1196w\" sizes=\"(max-width: 224px) 100vw, 224px\" \/><\/a>\n\t\t\t<\/dt>\n\t\t\t\t<dd class='wp-caption-text gallery-caption' id='gallery-4-11814'>\n\t\t\t\tApoyo a la integraci\u00f3n 2\n\t\t\t\t<\/dd><\/dl>\n\t\t\t<br style='clear: both' \/>\n\t\t<\/div>\n\n<p><strong><span style=\"color: #0000ff\">Decoraci\u00f3n de puertas del 1\u00ba ciclo<\/span><\/strong><\/p>\n\n\t\t<style>\n\t\t\t#gallery-5 {\n\t\t\t\tmargin: auto;\n\t\t\t}\n\t\t\t#gallery-5 .gallery-item {\n\t\t\t\tfloat: left;\n\t\t\t\tmargin-top: 10px;\n\t\t\t\ttext-align: center;\n\t\t\t\twidth: 33%;\n\t\t\t}\n\t\t\t#gallery-5 img {\n\t\t\t\tborder: 2px solid #cfcfcf;\n\t\t\t}\n\t\t\t#gallery-5 .gallery-caption {\n\t\t\t\tmargin-left: 0;\n\t\t\t}\n\t\t\t\/* see gallery_shortcode() in wp-includes\/media.php *\/\n\t\t<\/style>\n\t\t<div id='gallery-5' class='gallery galleryid-11779 gallery-columns-3 gallery-size-medium'><dl class='gallery-item'>\n\t\t\t<dt class='gallery-icon portrait'>\n\t\t\t\t<a href='https:\/\/blogsaverroes.juntadeandalucia.es\/ceiplaslomas\/2021\/11\/21\/20n-dia-de-los-derechos-de-la-infancia\/1o-a-2\/'><img loading=\"lazy\" decoding=\"async\" width=\"225\" height=\"300\" src=\"https:\/\/blogsaverroes.juntadeandalucia.es\/ceiplaslomas\/files\/2021\/11\/1\u00ba-A-225x300.jpeg\" class=\"attachment-medium size-medium\" alt=\"\" aria-describedby=\"gallery-5-11815\" srcset=\"https:\/\/blogsaverroes.juntadeandalucia.es\/ceiplaslomas\/files\/2021\/11\/1\u00ba-A-225x300.jpeg 225w, https:\/\/blogsaverroes.juntadeandalucia.es\/ceiplaslomas\/files\/2021\/11\/1\u00ba-A-768x1024.jpeg 768w, https:\/\/blogsaverroes.juntadeandalucia.es\/ceiplaslomas\/files\/2021\/11\/1\u00ba-A-1152x1536.jpeg 1152w, https:\/\/blogsaverroes.juntadeandalucia.es\/ceiplaslomas\/files\/2021\/11\/1\u00ba-A.jpeg 1200w\" sizes=\"(max-width: 225px) 100vw, 225px\" \/><\/a>\n\t\t\t<\/dt>\n\t\t\t\t<dd class='wp-caption-text gallery-caption' id='gallery-5-11815'>\n\t\t\t\t1\u00ba A\n\t\t\t\t<\/dd><\/dl><dl class='gallery-item'>\n\t\t\t<dt class='gallery-icon portrait'>\n\t\t\t\t<a href='https:\/\/blogsaverroes.juntadeandalucia.es\/ceiplaslomas\/2021\/11\/21\/20n-dia-de-los-derechos-de-la-infancia\/1o-b\/'><img loading=\"lazy\" decoding=\"async\" width=\"225\" height=\"300\" src=\"https:\/\/blogsaverroes.juntadeandalucia.es\/ceiplaslomas\/files\/2021\/11\/1\u00ba-B-225x300.jpeg\" class=\"attachment-medium size-medium\" alt=\"\" aria-describedby=\"gallery-5-11816\" srcset=\"https:\/\/blogsaverroes.juntadeandalucia.es\/ceiplaslomas\/files\/2021\/11\/1\u00ba-B-225x300.jpeg 225w, https:\/\/blogsaverroes.juntadeandalucia.es\/ceiplaslomas\/files\/2021\/11\/1\u00ba-B-768x1024.jpeg 768w, https:\/\/blogsaverroes.juntadeandalucia.es\/ceiplaslomas\/files\/2021\/11\/1\u00ba-B-1152x1536.jpeg 1152w, https:\/\/blogsaverroes.juntadeandalucia.es\/ceiplaslomas\/files\/2021\/11\/1\u00ba-B.jpeg 1200w\" sizes=\"(max-width: 225px) 100vw, 225px\" \/><\/a>\n\t\t\t<\/dt>\n\t\t\t\t<dd class='wp-caption-text gallery-caption' id='gallery-5-11816'>\n\t\t\t\t1\u00ba B\n\t\t\t\t<\/dd><\/dl><dl class='gallery-item'>\n\t\t\t<dt class='gallery-icon portrait'>\n\t\t\t\t<a href='https:\/\/blogsaverroes.juntadeandalucia.es\/ceiplaslomas\/2021\/11\/21\/20n-dia-de-los-derechos-de-la-infancia\/1o-c-2\/'><img loading=\"lazy\" decoding=\"async\" width=\"169\" height=\"300\" src=\"https:\/\/blogsaverroes.juntadeandalucia.es\/ceiplaslomas\/files\/2021\/11\/1\u00ba-C-169x300.jpeg\" class=\"attachment-medium size-medium\" alt=\"\" aria-describedby=\"gallery-5-11817\" srcset=\"https:\/\/blogsaverroes.juntadeandalucia.es\/ceiplaslomas\/files\/2021\/11\/1\u00ba-C-169x300.jpeg 169w, https:\/\/blogsaverroes.juntadeandalucia.es\/ceiplaslomas\/files\/2021\/11\/1\u00ba-C-576x1024.jpeg 576w, https:\/\/blogsaverroes.juntadeandalucia.es\/ceiplaslomas\/files\/2021\/11\/1\u00ba-C-768x1365.jpeg 768w, https:\/\/blogsaverroes.juntadeandalucia.es\/ceiplaslomas\/files\/2021\/11\/1\u00ba-C-864x1536.jpeg 864w, https:\/\/blogsaverroes.juntadeandalucia.es\/ceiplaslomas\/files\/2021\/11\/1\u00ba-C.jpeg 900w\" sizes=\"(max-width: 169px) 100vw, 169px\" \/><\/a>\n\t\t\t<\/dt>\n\t\t\t\t<dd class='wp-caption-text gallery-caption' id='gallery-5-11817'>\n\t\t\t\t1\u00ba C\n\t\t\t\t<\/dd><\/dl><br style=\"clear: both\" \/><dl class='gallery-item'>\n\t\t\t<dt class='gallery-icon portrait'>\n\t\t\t\t<a href='https:\/\/blogsaverroes.juntadeandalucia.es\/ceiplaslomas\/2021\/11\/21\/20n-dia-de-los-derechos-de-la-infancia\/2o-a\/'><img loading=\"lazy\" decoding=\"async\" width=\"169\" height=\"300\" src=\"https:\/\/blogsaverroes.juntadeandalucia.es\/ceiplaslomas\/files\/2021\/11\/2\u00ba-A-169x300.jpeg\" class=\"attachment-medium size-medium\" alt=\"\" aria-describedby=\"gallery-5-11818\" srcset=\"https:\/\/blogsaverroes.juntadeandalucia.es\/ceiplaslomas\/files\/2021\/11\/2\u00ba-A-169x300.jpeg 169w, https:\/\/blogsaverroes.juntadeandalucia.es\/ceiplaslomas\/files\/2021\/11\/2\u00ba-A-576x1024.jpeg 576w, https:\/\/blogsaverroes.juntadeandalucia.es\/ceiplaslomas\/files\/2021\/11\/2\u00ba-A-768x1365.jpeg 768w, https:\/\/blogsaverroes.juntadeandalucia.es\/ceiplaslomas\/files\/2021\/11\/2\u00ba-A-864x1536.jpeg 864w, https:\/\/blogsaverroes.juntadeandalucia.es\/ceiplaslomas\/files\/2021\/11\/2\u00ba-A.jpeg 900w\" sizes=\"(max-width: 169px) 100vw, 169px\" \/><\/a>\n\t\t\t<\/dt>\n\t\t\t\t<dd class='wp-caption-text gallery-caption' id='gallery-5-11818'>\n\t\t\t\t2\u00ba A\n\t\t\t\t<\/dd><\/dl><dl class='gallery-item'>\n\t\t\t<dt class='gallery-icon portrait'>\n\t\t\t\t<a href='https:\/\/blogsaverroes.juntadeandalucia.es\/ceiplaslomas\/2021\/11\/21\/20n-dia-de-los-derechos-de-la-infancia\/2o-b-2\/'><img loading=\"lazy\" decoding=\"async\" width=\"225\" height=\"300\" src=\"https:\/\/blogsaverroes.juntadeandalucia.es\/ceiplaslomas\/files\/2021\/11\/2\u00ba-B-225x300.jpeg\" class=\"attachment-medium size-medium\" alt=\"\" aria-describedby=\"gallery-5-11819\" srcset=\"https:\/\/blogsaverroes.juntadeandalucia.es\/ceiplaslomas\/files\/2021\/11\/2\u00ba-B-225x300.jpeg 225w, https:\/\/blogsaverroes.juntadeandalucia.es\/ceiplaslomas\/files\/2021\/11\/2\u00ba-B-768x1024.jpeg 768w, https:\/\/blogsaverroes.juntadeandalucia.es\/ceiplaslomas\/files\/2021\/11\/2\u00ba-B-1152x1536.jpeg 1152w, https:\/\/blogsaverroes.juntadeandalucia.es\/ceiplaslomas\/files\/2021\/11\/2\u00ba-B.jpeg 1200w\" sizes=\"(max-width: 225px) 100vw, 225px\" \/><\/a>\n\t\t\t<\/dt>\n\t\t\t\t<dd class='wp-caption-text gallery-caption' id='gallery-5-11819'>\n\t\t\t\t2\u00ba B\n\t\t\t\t<\/dd><\/dl><dl class='gallery-item'>\n\t\t\t<dt class='gallery-icon portrait'>\n\t\t\t\t<a href='https:\/\/blogsaverroes.juntadeandalucia.es\/ceiplaslomas\/2021\/11\/21\/20n-dia-de-los-derechos-de-la-infancia\/2o-c-2\/'><img loading=\"lazy\" decoding=\"async\" width=\"169\" height=\"300\" src=\"https:\/\/blogsaverroes.juntadeandalucia.es\/ceiplaslomas\/files\/2021\/11\/2\u00ba-C-169x300.jpeg\" class=\"attachment-medium size-medium\" alt=\"\" aria-describedby=\"gallery-5-11820\" srcset=\"https:\/\/blogsaverroes.juntadeandalucia.es\/ceiplaslomas\/files\/2021\/11\/2\u00ba-C-169x300.jpeg 169w, https:\/\/blogsaverroes.juntadeandalucia.es\/ceiplaslomas\/files\/2021\/11\/2\u00ba-C-576x1024.jpeg 576w, https:\/\/blogsaverroes.juntadeandalucia.es\/ceiplaslomas\/files\/2021\/11\/2\u00ba-C-768x1365.jpeg 768w, https:\/\/blogsaverroes.juntadeandalucia.es\/ceiplaslomas\/files\/2021\/11\/2\u00ba-C-864x1536.jpeg 864w, https:\/\/blogsaverroes.juntadeandalucia.es\/ceiplaslomas\/files\/2021\/11\/2\u00ba-C.jpeg 900w\" sizes=\"(max-width: 169px) 100vw, 169px\" \/><\/a>\n\t\t\t<\/dt>\n\t\t\t\t<dd class='wp-caption-text gallery-caption' id='gallery-5-11820'>\n\t\t\t\t2\u00ba C\n\t\t\t\t<\/dd><\/dl><br style=\"clear: both\" \/>\n\t\t<\/div>\n\n<p>&nbsp;<\/p>\n<p><strong><span style=\"color: #0000ff\">Decoraci\u00f3n de puertas del 2\u00ba ciclo<\/span><\/strong><\/p>\n\n\t\t<style>\n\t\t\t#gallery-6 {\n\t\t\t\tmargin: auto;\n\t\t\t}\n\t\t\t#gallery-6 .gallery-item {\n\t\t\t\tfloat: left;\n\t\t\t\tmargin-top: 10px;\n\t\t\t\ttext-align: center;\n\t\t\t\twidth: 33%;\n\t\t\t}\n\t\t\t#gallery-6 img {\n\t\t\t\tborder: 2px solid #cfcfcf;\n\t\t\t}\n\t\t\t#gallery-6 .gallery-caption {\n\t\t\t\tmargin-left: 0;\n\t\t\t}\n\t\t\t\/* see gallery_shortcode() in wp-includes\/media.php *\/\n\t\t<\/style>\n\t\t<div id='gallery-6' class='gallery galleryid-11779 gallery-columns-3 gallery-size-medium'><dl class='gallery-item'>\n\t\t\t<dt class='gallery-icon portrait'>\n\t\t\t\t<a href='https:\/\/blogsaverroes.juntadeandalucia.es\/ceiplaslomas\/2021\/11\/21\/20n-dia-de-los-derechos-de-la-infancia\/3o-a\/'><img loading=\"lazy\" decoding=\"async\" width=\"225\" height=\"300\" src=\"https:\/\/blogsaverroes.juntadeandalucia.es\/ceiplaslomas\/files\/2021\/11\/3\u00ba-A-225x300.jpeg\" class=\"attachment-medium size-medium\" alt=\"\" aria-describedby=\"gallery-6-11821\" srcset=\"https:\/\/blogsaverroes.juntadeandalucia.es\/ceiplaslomas\/files\/2021\/11\/3\u00ba-A-225x300.jpeg 225w, https:\/\/blogsaverroes.juntadeandalucia.es\/ceiplaslomas\/files\/2021\/11\/3\u00ba-A.jpeg 768w\" sizes=\"(max-width: 225px) 100vw, 225px\" \/><\/a>\n\t\t\t<\/dt>\n\t\t\t\t<dd class='wp-caption-text gallery-caption' id='gallery-6-11821'>\n\t\t\t\t2\u00ba A\n\t\t\t\t<\/dd><\/dl><dl class='gallery-item'>\n\t\t\t<dt class='gallery-icon portrait'>\n\t\t\t\t<a href='https:\/\/blogsaverroes.juntadeandalucia.es\/ceiplaslomas\/2021\/11\/21\/20n-dia-de-los-derechos-de-la-infancia\/3o-b\/'><img loading=\"lazy\" decoding=\"async\" width=\"169\" height=\"300\" src=\"https:\/\/blogsaverroes.juntadeandalucia.es\/ceiplaslomas\/files\/2021\/11\/3\u00ba-B-169x300.jpeg\" class=\"attachment-medium size-medium\" alt=\"\" aria-describedby=\"gallery-6-11822\" srcset=\"https:\/\/blogsaverroes.juntadeandalucia.es\/ceiplaslomas\/files\/2021\/11\/3\u00ba-B-169x300.jpeg 169w, https:\/\/blogsaverroes.juntadeandalucia.es\/ceiplaslomas\/files\/2021\/11\/3\u00ba-B-576x1024.jpeg 576w, https:\/\/blogsaverroes.juntadeandalucia.es\/ceiplaslomas\/files\/2021\/11\/3\u00ba-B-768x1365.jpeg 768w, https:\/\/blogsaverroes.juntadeandalucia.es\/ceiplaslomas\/files\/2021\/11\/3\u00ba-B-864x1536.jpeg 864w, https:\/\/blogsaverroes.juntadeandalucia.es\/ceiplaslomas\/files\/2021\/11\/3\u00ba-B.jpeg 900w\" sizes=\"(max-width: 169px) 100vw, 169px\" \/><\/a>\n\t\t\t<\/dt>\n\t\t\t\t<dd class='wp-caption-text gallery-caption' id='gallery-6-11822'>\n\t\t\t\t2\u00ba B\n\t\t\t\t<\/dd><\/dl><dl class='gallery-item'>\n\t\t\t<dt class='gallery-icon portrait'>\n\t\t\t\t<a href='https:\/\/blogsaverroes.juntadeandalucia.es\/ceiplaslomas\/2021\/11\/21\/20n-dia-de-los-derechos-de-la-infancia\/3o-c\/'><img loading=\"lazy\" decoding=\"async\" width=\"169\" height=\"300\" src=\"https:\/\/blogsaverroes.juntadeandalucia.es\/ceiplaslomas\/files\/2021\/11\/3\u00ba-C-169x300.jpeg\" class=\"attachment-medium size-medium\" alt=\"\" aria-describedby=\"gallery-6-11823\" srcset=\"https:\/\/blogsaverroes.juntadeandalucia.es\/ceiplaslomas\/files\/2021\/11\/3\u00ba-C-169x300.jpeg 169w, https:\/\/blogsaverroes.juntadeandalucia.es\/ceiplaslomas\/files\/2021\/11\/3\u00ba-C-576x1024.jpeg 576w, https:\/\/blogsaverroes.juntadeandalucia.es\/ceiplaslomas\/files\/2021\/11\/3\u00ba-C-768x1366.jpeg 768w, https:\/\/blogsaverroes.juntadeandalucia.es\/ceiplaslomas\/files\/2021\/11\/3\u00ba-C-864x1536.jpeg 864w, https:\/\/blogsaverroes.juntadeandalucia.es\/ceiplaslomas\/files\/2021\/11\/3\u00ba-C.jpeg 899w\" sizes=\"(max-width: 169px) 100vw, 169px\" \/><\/a>\n\t\t\t<\/dt>\n\t\t\t\t<dd class='wp-caption-text gallery-caption' id='gallery-6-11823'>\n\t\t\t\t2\u00ba C\n\t\t\t\t<\/dd><\/dl><br style=\"clear: both\" \/><dl class='gallery-item'>\n\t\t\t<dt class='gallery-icon portrait'>\n\t\t\t\t<a href='https:\/\/blogsaverroes.juntadeandalucia.es\/ceiplaslomas\/2021\/11\/21\/20n-dia-de-los-derechos-de-la-infancia\/3o-d\/'><img loading=\"lazy\" decoding=\"async\" width=\"225\" height=\"300\" src=\"https:\/\/blogsaverroes.juntadeandalucia.es\/ceiplaslomas\/files\/2021\/11\/3\u00ba-D-225x300.jpeg\" class=\"attachment-medium size-medium\" alt=\"\" aria-describedby=\"gallery-6-11824\" srcset=\"https:\/\/blogsaverroes.juntadeandalucia.es\/ceiplaslomas\/files\/2021\/11\/3\u00ba-D-225x300.jpeg 225w, https:\/\/blogsaverroes.juntadeandalucia.es\/ceiplaslomas\/files\/2021\/11\/3\u00ba-D-768x1024.jpeg 768w, https:\/\/blogsaverroes.juntadeandalucia.es\/ceiplaslomas\/files\/2021\/11\/3\u00ba-D-1152x1536.jpeg 1152w, https:\/\/blogsaverroes.juntadeandalucia.es\/ceiplaslomas\/files\/2021\/11\/3\u00ba-D.jpeg 1200w\" sizes=\"(max-width: 225px) 100vw, 225px\" \/><\/a>\n\t\t\t<\/dt>\n\t\t\t\t<dd class='wp-caption-text gallery-caption' id='gallery-6-11824'>\n\t\t\t\t2\u00ba D\n\t\t\t\t<\/dd><\/dl><dl class='gallery-item'>\n\t\t\t<dt class='gallery-icon portrait'>\n\t\t\t\t<a href='https:\/\/blogsaverroes.juntadeandalucia.es\/ceiplaslomas\/2021\/11\/21\/20n-dia-de-los-derechos-de-la-infancia\/4o-a\/'><img loading=\"lazy\" decoding=\"async\" width=\"225\" height=\"300\" src=\"https:\/\/blogsaverroes.juntadeandalucia.es\/ceiplaslomas\/files\/2021\/11\/4\u00ba-A-225x300.jpeg\" class=\"attachment-medium size-medium\" alt=\"\" aria-describedby=\"gallery-6-11825\" srcset=\"https:\/\/blogsaverroes.juntadeandalucia.es\/ceiplaslomas\/files\/2021\/11\/4\u00ba-A-225x300.jpeg 225w, https:\/\/blogsaverroes.juntadeandalucia.es\/ceiplaslomas\/files\/2021\/11\/4\u00ba-A-768x1024.jpeg 768w, https:\/\/blogsaverroes.juntadeandalucia.es\/ceiplaslomas\/files\/2021\/11\/4\u00ba-A-1152x1536.jpeg 1152w, https:\/\/blogsaverroes.juntadeandalucia.es\/ceiplaslomas\/files\/2021\/11\/4\u00ba-A.jpeg 1200w\" sizes=\"(max-width: 225px) 100vw, 225px\" \/><\/a>\n\t\t\t<\/dt>\n\t\t\t\t<dd class='wp-caption-text gallery-caption' id='gallery-6-11825'>\n\t\t\t\t3\u00ba A\n\t\t\t\t<\/dd><\/dl><dl class='gallery-item'>\n\t\t\t<dt class='gallery-icon portrait'>\n\t\t\t\t<a href='https:\/\/blogsaverroes.juntadeandalucia.es\/ceiplaslomas\/2021\/11\/21\/20n-dia-de-los-derechos-de-la-infancia\/4o-b\/'><img loading=\"lazy\" decoding=\"async\" width=\"169\" height=\"300\" src=\"https:\/\/blogsaverroes.juntadeandalucia.es\/ceiplaslomas\/files\/2021\/11\/4\u00ba-B-169x300.jpeg\" class=\"attachment-medium size-medium\" alt=\"\" aria-describedby=\"gallery-6-11826\" srcset=\"https:\/\/blogsaverroes.juntadeandalucia.es\/ceiplaslomas\/files\/2021\/11\/4\u00ba-B-169x300.jpeg 169w, https:\/\/blogsaverroes.juntadeandalucia.es\/ceiplaslomas\/files\/2021\/11\/4\u00ba-B-576x1024.jpeg 576w, https:\/\/blogsaverroes.juntadeandalucia.es\/ceiplaslomas\/files\/2021\/11\/4\u00ba-B-768x1365.jpeg 768w, https:\/\/blogsaverroes.juntadeandalucia.es\/ceiplaslomas\/files\/2021\/11\/4\u00ba-B-864x1536.jpeg 864w, https:\/\/blogsaverroes.juntadeandalucia.es\/ceiplaslomas\/files\/2021\/11\/4\u00ba-B.jpeg 900w\" sizes=\"(max-width: 169px) 100vw, 169px\" \/><\/a>\n\t\t\t<\/dt>\n\t\t\t\t<dd class='wp-caption-text gallery-caption' id='gallery-6-11826'>\n\t\t\t\t3\u00ba B\n\t\t\t\t<\/dd><\/dl><br style=\"clear: both\" \/><dl class='gallery-item'>\n\t\t\t<dt class='gallery-icon portrait'>\n\t\t\t\t<a href='https:\/\/blogsaverroes.juntadeandalucia.es\/ceiplaslomas\/2021\/11\/21\/20n-dia-de-los-derechos-de-la-infancia\/4o-c\/'><img loading=\"lazy\" decoding=\"async\" width=\"225\" height=\"300\" src=\"https:\/\/blogsaverroes.juntadeandalucia.es\/ceiplaslomas\/files\/2021\/11\/4\u00ba-C-225x300.jpeg\" class=\"attachment-medium size-medium\" alt=\"\" aria-describedby=\"gallery-6-11827\" srcset=\"https:\/\/blogsaverroes.juntadeandalucia.es\/ceiplaslomas\/files\/2021\/11\/4\u00ba-C-225x300.jpeg 225w, https:\/\/blogsaverroes.juntadeandalucia.es\/ceiplaslomas\/files\/2021\/11\/4\u00ba-C-768x1024.jpeg 768w, https:\/\/blogsaverroes.juntadeandalucia.es\/ceiplaslomas\/files\/2021\/11\/4\u00ba-C-1152x1536.jpeg 1152w, https:\/\/blogsaverroes.juntadeandalucia.es\/ceiplaslomas\/files\/2021\/11\/4\u00ba-C.jpeg 1200w\" sizes=\"(max-width: 225px) 100vw, 225px\" \/><\/a>\n\t\t\t<\/dt>\n\t\t\t\t<dd class='wp-caption-text gallery-caption' id='gallery-6-11827'>\n\t\t\t\t3\u00ba C\n\t\t\t\t<\/dd><\/dl><dl class='gallery-item'>\n\t\t\t<dt class='gallery-icon portrait'>\n\t\t\t\t<a href='https:\/\/blogsaverroes.juntadeandalucia.es\/ceiplaslomas\/2021\/11\/21\/20n-dia-de-los-derechos-de-la-infancia\/4o-d\/'><img loading=\"lazy\" decoding=\"async\" width=\"225\" height=\"300\" src=\"https:\/\/blogsaverroes.juntadeandalucia.es\/ceiplaslomas\/files\/2021\/11\/4\u00ba-D-225x300.jpeg\" class=\"attachment-medium size-medium\" alt=\"\" aria-describedby=\"gallery-6-11828\" srcset=\"https:\/\/blogsaverroes.juntadeandalucia.es\/ceiplaslomas\/files\/2021\/11\/4\u00ba-D-225x300.jpeg 225w, https:\/\/blogsaverroes.juntadeandalucia.es\/ceiplaslomas\/files\/2021\/11\/4\u00ba-D-768x1024.jpeg 768w, https:\/\/blogsaverroes.juntadeandalucia.es\/ceiplaslomas\/files\/2021\/11\/4\u00ba-D-1152x1536.jpeg 1152w, https:\/\/blogsaverroes.juntadeandalucia.es\/ceiplaslomas\/files\/2021\/11\/4\u00ba-D.jpeg 1200w\" sizes=\"(max-width: 225px) 100vw, 225px\" \/><\/a>\n\t\t\t<\/dt>\n\t\t\t\t<dd class='wp-caption-text gallery-caption' id='gallery-6-11828'>\n\t\t\t\t3\u00ba D\n\t\t\t\t<\/dd><\/dl><dl class='gallery-item'>\n\t\t\t<dt class='gallery-icon portrait'>\n\t\t\t\t<a href='https:\/\/blogsaverroes.juntadeandalucia.es\/ceiplaslomas\/2021\/11\/21\/20n-dia-de-los-derechos-de-la-infancia\/religion-dori\/'><img loading=\"lazy\" decoding=\"async\" width=\"169\" height=\"300\" src=\"https:\/\/blogsaverroes.juntadeandalucia.es\/ceiplaslomas\/files\/2021\/11\/RELIGION-DORI-169x300.jpeg\" class=\"attachment-medium size-medium\" alt=\"\" aria-describedby=\"gallery-6-11829\" srcset=\"https:\/\/blogsaverroes.juntadeandalucia.es\/ceiplaslomas\/files\/2021\/11\/RELIGION-DORI-169x300.jpeg 169w, https:\/\/blogsaverroes.juntadeandalucia.es\/ceiplaslomas\/files\/2021\/11\/RELIGION-DORI-576x1024.jpeg 576w, https:\/\/blogsaverroes.juntadeandalucia.es\/ceiplaslomas\/files\/2021\/11\/RELIGION-DORI-768x1366.jpeg 768w, https:\/\/blogsaverroes.juntadeandalucia.es\/ceiplaslomas\/files\/2021\/11\/RELIGION-DORI-864x1536.jpeg 864w, https:\/\/blogsaverroes.juntadeandalucia.es\/ceiplaslomas\/files\/2021\/11\/RELIGION-DORI.jpeg 899w\" sizes=\"(max-width: 169px) 100vw, 169px\" \/><\/a>\n\t\t\t<\/dt>\n\t\t\t\t<dd class='wp-caption-text gallery-caption' id='gallery-6-11829'>\n\t\t\t\tReligi\u00f3n Dori\n\t\t\t\t<\/dd><\/dl><br style=\"clear: both\" \/>\n\t\t<\/div>\n\n<p>&nbsp;<\/p>\n<p><strong><span style=\"color: #0000ff\">Decoraci\u00f3n de puertas del 3\u00ba ciclo<\/span><\/strong><\/p>\n\n\t\t<style>\n\t\t\t#gallery-7 {\n\t\t\t\tmargin: auto;\n\t\t\t}\n\t\t\t#gallery-7 .gallery-item {\n\t\t\t\tfloat: left;\n\t\t\t\tmargin-top: 10px;\n\t\t\t\ttext-align: center;\n\t\t\t\twidth: 33%;\n\t\t\t}\n\t\t\t#gallery-7 img {\n\t\t\t\tborder: 2px solid #cfcfcf;\n\t\t\t}\n\t\t\t#gallery-7 .gallery-caption {\n\t\t\t\tmargin-left: 0;\n\t\t\t}\n\t\t\t\/* see gallery_shortcode() in wp-includes\/media.php *\/\n\t\t<\/style>\n\t\t<div id='gallery-7' class='gallery galleryid-11779 gallery-columns-3 gallery-size-medium'><dl class='gallery-item'>\n\t\t\t<dt class='gallery-icon portrait'>\n\t\t\t\t<a href='https:\/\/blogsaverroes.juntadeandalucia.es\/ceiplaslomas\/2021\/11\/21\/20n-dia-de-los-derechos-de-la-infancia\/5o-a\/'><img loading=\"lazy\" decoding=\"async\" width=\"224\" height=\"300\" src=\"https:\/\/blogsaverroes.juntadeandalucia.es\/ceiplaslomas\/files\/2021\/11\/5\u00ba-A-224x300.jpeg\" class=\"attachment-medium size-medium\" alt=\"\" aria-describedby=\"gallery-7-11830\" srcset=\"https:\/\/blogsaverroes.juntadeandalucia.es\/ceiplaslomas\/files\/2021\/11\/5\u00ba-A-224x300.jpeg 224w, https:\/\/blogsaverroes.juntadeandalucia.es\/ceiplaslomas\/files\/2021\/11\/5\u00ba-A-766x1024.jpeg 766w, https:\/\/blogsaverroes.juntadeandalucia.es\/ceiplaslomas\/files\/2021\/11\/5\u00ba-A-768x1027.jpeg 768w, https:\/\/blogsaverroes.juntadeandalucia.es\/ceiplaslomas\/files\/2021\/11\/5\u00ba-A-1149x1536.jpeg 1149w, https:\/\/blogsaverroes.juntadeandalucia.es\/ceiplaslomas\/files\/2021\/11\/5\u00ba-A.jpeg 1197w\" sizes=\"(max-width: 224px) 100vw, 224px\" \/><\/a>\n\t\t\t<\/dt>\n\t\t\t\t<dd class='wp-caption-text gallery-caption' id='gallery-7-11830'>\n\t\t\t\t5\u00ba A\n\t\t\t\t<\/dd><\/dl><dl class='gallery-item'>\n\t\t\t<dt class='gallery-icon portrait'>\n\t\t\t\t<a href='https:\/\/blogsaverroes.juntadeandalucia.es\/ceiplaslomas\/2021\/11\/21\/20n-dia-de-los-derechos-de-la-infancia\/5o-b\/'><img loading=\"lazy\" decoding=\"async\" width=\"138\" height=\"300\" src=\"https:\/\/blogsaverroes.juntadeandalucia.es\/ceiplaslomas\/files\/2021\/11\/5\u00ba-B-138x300.jpeg\" class=\"attachment-medium size-medium\" alt=\"\" aria-describedby=\"gallery-7-11831\" srcset=\"https:\/\/blogsaverroes.juntadeandalucia.es\/ceiplaslomas\/files\/2021\/11\/5\u00ba-B-138x300.jpeg 138w, https:\/\/blogsaverroes.juntadeandalucia.es\/ceiplaslomas\/files\/2021\/11\/5\u00ba-B-472x1024.jpeg 472w, https:\/\/blogsaverroes.juntadeandalucia.es\/ceiplaslomas\/files\/2021\/11\/5\u00ba-B-708x1536.jpeg 708w, https:\/\/blogsaverroes.juntadeandalucia.es\/ceiplaslomas\/files\/2021\/11\/5\u00ba-B.jpeg 738w\" sizes=\"(max-width: 138px) 100vw, 138px\" \/><\/a>\n\t\t\t<\/dt>\n\t\t\t\t<dd class='wp-caption-text gallery-caption' id='gallery-7-11831'>\n\t\t\t\t5\u00ba B\n\t\t\t\t<\/dd><\/dl><dl class='gallery-item'>\n\t\t\t<dt class='gallery-icon portrait'>\n\t\t\t\t<a href='https:\/\/blogsaverroes.juntadeandalucia.es\/ceiplaslomas\/2021\/11\/21\/20n-dia-de-los-derechos-de-la-infancia\/5o-c\/'><img loading=\"lazy\" decoding=\"async\" width=\"225\" height=\"300\" src=\"https:\/\/blogsaverroes.juntadeandalucia.es\/ceiplaslomas\/files\/2021\/11\/5\u00ba-C-225x300.jpeg\" class=\"attachment-medium size-medium\" alt=\"\" aria-describedby=\"gallery-7-11832\" srcset=\"https:\/\/blogsaverroes.juntadeandalucia.es\/ceiplaslomas\/files\/2021\/11\/5\u00ba-C-225x300.jpeg 225w, https:\/\/blogsaverroes.juntadeandalucia.es\/ceiplaslomas\/files\/2021\/11\/5\u00ba-C-768x1024.jpeg 768w, https:\/\/blogsaverroes.juntadeandalucia.es\/ceiplaslomas\/files\/2021\/11\/5\u00ba-C-1152x1536.jpeg 1152w, https:\/\/blogsaverroes.juntadeandalucia.es\/ceiplaslomas\/files\/2021\/11\/5\u00ba-C.jpeg 1200w\" sizes=\"(max-width: 225px) 100vw, 225px\" \/><\/a>\n\t\t\t<\/dt>\n\t\t\t\t<dd class='wp-caption-text gallery-caption' id='gallery-7-11832'>\n\t\t\t\t5\u00ba C\n\t\t\t\t<\/dd><\/dl><br style=\"clear: both\" \/><dl class='gallery-item'>\n\t\t\t<dt class='gallery-icon portrait'>\n\t\t\t\t<a href='https:\/\/blogsaverroes.juntadeandalucia.es\/ceiplaslomas\/2021\/11\/21\/20n-dia-de-los-derechos-de-la-infancia\/5o-d\/'><img loading=\"lazy\" decoding=\"async\" width=\"225\" height=\"300\" src=\"https:\/\/blogsaverroes.juntadeandalucia.es\/ceiplaslomas\/files\/2021\/11\/5\u00ba-D-225x300.jpeg\" class=\"attachment-medium size-medium\" alt=\"\" aria-describedby=\"gallery-7-11833\" srcset=\"https:\/\/blogsaverroes.juntadeandalucia.es\/ceiplaslomas\/files\/2021\/11\/5\u00ba-D-225x300.jpeg 225w, https:\/\/blogsaverroes.juntadeandalucia.es\/ceiplaslomas\/files\/2021\/11\/5\u00ba-D-768x1024.jpeg 768w, https:\/\/blogsaverroes.juntadeandalucia.es\/ceiplaslomas\/files\/2021\/11\/5\u00ba-D-1152x1536.jpeg 1152w, https:\/\/blogsaverroes.juntadeandalucia.es\/ceiplaslomas\/files\/2021\/11\/5\u00ba-D.jpeg 1200w\" sizes=\"(max-width: 225px) 100vw, 225px\" \/><\/a>\n\t\t\t<\/dt>\n\t\t\t\t<dd class='wp-caption-text gallery-caption' id='gallery-7-11833'>\n\t\t\t\t5\u00ba D\n\t\t\t\t<\/dd><\/dl><dl class='gallery-item'>\n\t\t\t<dt class='gallery-icon landscape'>\n\t\t\t\t<a href='https:\/\/blogsaverroes.juntadeandalucia.es\/ceiplaslomas\/2021\/11\/21\/20n-dia-de-los-derechos-de-la-infancia\/6o-a\/'><img loading=\"lazy\" decoding=\"async\" width=\"300\" height=\"257\" src=\"https:\/\/blogsaverroes.juntadeandalucia.es\/ceiplaslomas\/files\/2021\/11\/6\u00ba-A-300x257.jpeg\" class=\"attachment-medium size-medium\" alt=\"\" aria-describedby=\"gallery-7-11834\" srcset=\"https:\/\/blogsaverroes.juntadeandalucia.es\/ceiplaslomas\/files\/2021\/11\/6\u00ba-A-300x257.jpeg 300w, https:\/\/blogsaverroes.juntadeandalucia.es\/ceiplaslomas\/files\/2021\/11\/6\u00ba-A-1024x876.jpeg 1024w, https:\/\/blogsaverroes.juntadeandalucia.es\/ceiplaslomas\/files\/2021\/11\/6\u00ba-A-768x657.jpeg 768w, https:\/\/blogsaverroes.juntadeandalucia.es\/ceiplaslomas\/files\/2021\/11\/6\u00ba-A.jpeg 1409w\" sizes=\"(max-width: 300px) 100vw, 300px\" \/><\/a>\n\t\t\t<\/dt>\n\t\t\t\t<dd class='wp-caption-text gallery-caption' id='gallery-7-11834'>\n\t\t\t\t6\u00ba A\n\t\t\t\t<\/dd><\/dl><dl class='gallery-item'>\n\t\t\t<dt class='gallery-icon portrait'>\n\t\t\t\t<a href='https:\/\/blogsaverroes.juntadeandalucia.es\/ceiplaslomas\/2021\/11\/21\/20n-dia-de-los-derechos-de-la-infancia\/6o-b\/'><img loading=\"lazy\" decoding=\"async\" width=\"225\" height=\"300\" src=\"https:\/\/blogsaverroes.juntadeandalucia.es\/ceiplaslomas\/files\/2021\/11\/6\u00ba-B-225x300.jpeg\" class=\"attachment-medium size-medium\" alt=\"\" aria-describedby=\"gallery-7-11835\" srcset=\"https:\/\/blogsaverroes.juntadeandalucia.es\/ceiplaslomas\/files\/2021\/11\/6\u00ba-B-225x300.jpeg 225w, https:\/\/blogsaverroes.juntadeandalucia.es\/ceiplaslomas\/files\/2021\/11\/6\u00ba-B-768x1024.jpeg 768w, https:\/\/blogsaverroes.juntadeandalucia.es\/ceiplaslomas\/files\/2021\/11\/6\u00ba-B-1152x1536.jpeg 1152w, https:\/\/blogsaverroes.juntadeandalucia.es\/ceiplaslomas\/files\/2021\/11\/6\u00ba-B.jpeg 1200w\" sizes=\"(max-width: 225px) 100vw, 225px\" \/><\/a>\n\t\t\t<\/dt>\n\t\t\t\t<dd class='wp-caption-text gallery-caption' id='gallery-7-11835'>\n\t\t\t\t6\u00ba B\n\t\t\t\t<\/dd><\/dl><br style=\"clear: both\" \/><dl class='gallery-item'>\n\t\t\t<dt class='gallery-icon portrait'>\n\t\t\t\t<a href='https:\/\/blogsaverroes.juntadeandalucia.es\/ceiplaslomas\/2021\/11\/21\/20n-dia-de-los-derechos-de-la-infancia\/6o-c\/'><img loading=\"lazy\" decoding=\"async\" width=\"169\" height=\"300\" src=\"https:\/\/blogsaverroes.juntadeandalucia.es\/ceiplaslomas\/files\/2021\/11\/6\u00ba-C-169x300.jpeg\" class=\"attachment-medium size-medium\" alt=\"\" aria-describedby=\"gallery-7-11836\" srcset=\"https:\/\/blogsaverroes.juntadeandalucia.es\/ceiplaslomas\/files\/2021\/11\/6\u00ba-C-169x300.jpeg 169w, https:\/\/blogsaverroes.juntadeandalucia.es\/ceiplaslomas\/files\/2021\/11\/6\u00ba-C-576x1024.jpeg 576w, https:\/\/blogsaverroes.juntadeandalucia.es\/ceiplaslomas\/files\/2021\/11\/6\u00ba-C-768x1366.jpeg 768w, https:\/\/blogsaverroes.juntadeandalucia.es\/ceiplaslomas\/files\/2021\/11\/6\u00ba-C-864x1536.jpeg 864w, https:\/\/blogsaverroes.juntadeandalucia.es\/ceiplaslomas\/files\/2021\/11\/6\u00ba-C.jpeg 899w\" sizes=\"(max-width: 169px) 100vw, 169px\" \/><\/a>\n\t\t\t<\/dt>\n\t\t\t\t<dd class='wp-caption-text gallery-caption' id='gallery-7-11836'>\n\t\t\t\t6\u00ba C\n\t\t\t\t<\/dd><\/dl><dl class='gallery-item'>\n\t\t\t<dt class='gallery-icon portrait'>\n\t\t\t\t<a href='https:\/\/blogsaverroes.juntadeandalucia.es\/ceiplaslomas\/2021\/11\/21\/20n-dia-de-los-derechos-de-la-infancia\/6o-d\/'><img loading=\"lazy\" decoding=\"async\" width=\"225\" height=\"300\" src=\"https:\/\/blogsaverroes.juntadeandalucia.es\/ceiplaslomas\/files\/2021\/11\/6\u00ba-D-225x300.jpeg\" class=\"attachment-medium size-medium\" alt=\"\" aria-describedby=\"gallery-7-11837\" srcset=\"https:\/\/blogsaverroes.juntadeandalucia.es\/ceiplaslomas\/files\/2021\/11\/6\u00ba-D-225x300.jpeg 225w, https:\/\/blogsaverroes.juntadeandalucia.es\/ceiplaslomas\/files\/2021\/11\/6\u00ba-D.jpeg 768w\" sizes=\"(max-width: 225px) 100vw, 225px\" \/><\/a>\n\t\t\t<\/dt>\n\t\t\t\t<dd class='wp-caption-text gallery-caption' id='gallery-7-11837'>\n\t\t\t\t6\u00ba D\n\t\t\t\t<\/dd><\/dl><dl class='gallery-item'>\n\t\t\t<dt class='gallery-icon portrait'>\n\t\t\t\t<a href='https:\/\/blogsaverroes.juntadeandalucia.es\/ceiplaslomas\/2021\/11\/21\/20n-dia-de-los-derechos-de-la-infancia\/religion-pepi\/'><img loading=\"lazy\" decoding=\"async\" width=\"224\" height=\"300\" src=\"https:\/\/blogsaverroes.juntadeandalucia.es\/ceiplaslomas\/files\/2021\/11\/RELIGION-PEPI-224x300.jpeg\" class=\"attachment-medium size-medium\" alt=\"\" aria-describedby=\"gallery-7-11838\" srcset=\"https:\/\/blogsaverroes.juntadeandalucia.es\/ceiplaslomas\/files\/2021\/11\/RELIGION-PEPI-224x300.jpeg 224w, https:\/\/blogsaverroes.juntadeandalucia.es\/ceiplaslomas\/files\/2021\/11\/RELIGION-PEPI-765x1024.jpeg 765w, https:\/\/blogsaverroes.juntadeandalucia.es\/ceiplaslomas\/files\/2021\/11\/RELIGION-PEPI-768x1027.jpeg 768w, https:\/\/blogsaverroes.juntadeandalucia.es\/ceiplaslomas\/files\/2021\/11\/RELIGION-PEPI-1148x1536.jpeg 1148w, https:\/\/blogsaverroes.juntadeandalucia.es\/ceiplaslomas\/files\/2021\/11\/RELIGION-PEPI.jpeg 1196w\" sizes=\"(max-width: 224px) 100vw, 224px\" \/><\/a>\n\t\t\t<\/dt>\n\t\t\t\t<dd class='wp-caption-text gallery-caption' id='gallery-7-11838'>\n\t\t\t\tReligi\u00f3n Pepi\n\t\t\t\t<\/dd><\/dl><br style=\"clear: both\" \/>\n\t\t<\/div>\n\n<p>&nbsp;<\/p>\n<p><strong><span style=\"color: #0000ff\">Decoraci\u00f3n de puertas jefatura de estudios y direcci\u00f3n<\/span><\/strong><\/p>\n\n\t\t<style>\n\t\t\t#gallery-8 {\n\t\t\t\tmargin: auto;\n\t\t\t}\n\t\t\t#gallery-8 .gallery-item {\n\t\t\t\tfloat: left;\n\t\t\t\tmargin-top: 10px;\n\t\t\t\ttext-align: center;\n\t\t\t\twidth: 50%;\n\t\t\t}\n\t\t\t#gallery-8 img {\n\t\t\t\tborder: 2px solid #cfcfcf;\n\t\t\t}\n\t\t\t#gallery-8 .gallery-caption {\n\t\t\t\tmargin-left: 0;\n\t\t\t}\n\t\t\t\/* see gallery_shortcode() in wp-includes\/media.php *\/\n\t\t<\/style>\n\t\t<div id='gallery-8' class='gallery galleryid-11779 gallery-columns-2 gallery-size-medium'><dl class='gallery-item'>\n\t\t\t<dt class='gallery-icon portrait'>\n\t\t\t\t<a href='https:\/\/blogsaverroes.juntadeandalucia.es\/ceiplaslomas\/2021\/11\/21\/20n-dia-de-los-derechos-de-la-infancia\/20211122_131726\/'><img loading=\"lazy\" decoding=\"async\" width=\"225\" height=\"300\" src=\"https:\/\/blogsaverroes.juntadeandalucia.es\/ceiplaslomas\/files\/2021\/11\/20211122_131726-225x300.jpg\" class=\"attachment-medium size-medium\" alt=\"\" aria-describedby=\"gallery-8-11842\" srcset=\"https:\/\/blogsaverroes.juntadeandalucia.es\/ceiplaslomas\/files\/2021\/11\/20211122_131726-225x300.jpg 225w, https:\/\/blogsaverroes.juntadeandalucia.es\/ceiplaslomas\/files\/2021\/11\/20211122_131726-768x1024.jpg 768w, https:\/\/blogsaverroes.juntadeandalucia.es\/ceiplaslomas\/files\/2021\/11\/20211122_131726-1152x1536.jpg 1152w, https:\/\/blogsaverroes.juntadeandalucia.es\/ceiplaslomas\/files\/2021\/11\/20211122_131726-1536x2048.jpg 1536w, https:\/\/blogsaverroes.juntadeandalucia.es\/ceiplaslomas\/files\/2021\/11\/20211122_131726-scaled.jpg 1200w\" sizes=\"(max-width: 225px) 100vw, 225px\" \/><\/a>\n\t\t\t<\/dt>\n\t\t\t\t<dd class='wp-caption-text gallery-caption' id='gallery-8-11842'>\n\t\t\t\tJefatura de estudios\n\t\t\t\t<\/dd><\/dl><dl class='gallery-item'>\n\t\t\t<dt class='gallery-icon portrait'>\n\t\t\t\t<a href='https:\/\/blogsaverroes.juntadeandalucia.es\/ceiplaslomas\/2021\/11\/21\/20n-dia-de-los-derechos-de-la-infancia\/20211122_131742\/'><img loading=\"lazy\" decoding=\"async\" width=\"225\" height=\"300\" src=\"https:\/\/blogsaverroes.juntadeandalucia.es\/ceiplaslomas\/files\/2021\/11\/20211122_131742-225x300.jpg\" class=\"attachment-medium size-medium\" alt=\"\" aria-describedby=\"gallery-8-11841\" srcset=\"https:\/\/blogsaverroes.juntadeandalucia.es\/ceiplaslomas\/files\/2021\/11\/20211122_131742-225x300.jpg 225w, https:\/\/blogsaverroes.juntadeandalucia.es\/ceiplaslomas\/files\/2021\/11\/20211122_131742-768x1024.jpg 768w, https:\/\/blogsaverroes.juntadeandalucia.es\/ceiplaslomas\/files\/2021\/11\/20211122_131742-1152x1536.jpg 1152w, https:\/\/blogsaverroes.juntadeandalucia.es\/ceiplaslomas\/files\/2021\/11\/20211122_131742-1536x2048.jpg 1536w, https:\/\/blogsaverroes.juntadeandalucia.es\/ceiplaslomas\/files\/2021\/11\/20211122_131742-scaled.jpg 1200w\" sizes=\"(max-width: 225px) 100vw, 225px\" \/><\/a>\n\t\t\t<\/dt>\n\t\t\t\t<dd class='wp-caption-text gallery-caption' id='gallery-8-11841'>\n\t\t\t\tDirecci\u00f3n\n\t\t\t\t<\/dd><\/dl><br style=\"clear: both\" \/>\n\t\t<\/div>\n\n<p>&nbsp;<\/p>\n<p>&nbsp;<\/p>\n<p>&nbsp;<\/p>\n","protected":false},"excerpt":{"rendered":"<p>El 20 de noviembre se celebra el D\u00eda Universal de los Derechos de los Ni\u00f1os y de las Ni\u00f1as. Tal y como recuerda UNICEF&nbsp;es necesario llamar la atenci\u00f3n sobre la situaci\u00f3n de los&nbsp;ni\u00f1os y&#46;&#46;&#46;<\/p>\n","protected":false},"author":5742,"featured_media":11780,"comment_status":"closed","ping_status":"closed","sticky":false,"template":"","format":"standard","meta":{"ngg_post_thumbnail":0,"footnotes":""},"categories":[1903610,3981,526,20003],"tags":[],"aioseo_notices":[],"_links":{"self":[{"href":"https:\/\/blogsaverroes.juntadeandalucia.es\/ceiplaslomas\/wp-json\/wp\/v2\/posts\/11779"}],"collection":[{"href":"https:\/\/blogsaverroes.juntadeandalucia.es\/ceiplaslomas\/wp-json\/wp\/v2\/posts"}],"about":[{"href":"https:\/\/blogsaverroes.juntadeandalucia.es\/ceiplaslomas\/wp-json\/wp\/v2\/types\/post"}],"author":[{"embeddable":true,"href":"https:\/\/blogsaverroes.juntadeandalucia.es\/ceiplaslomas\/wp-json\/wp\/v2\/users\/5742"}],"replies":[{"embeddable":true,"href":"https:\/\/blogsaverroes.juntadeandalucia.es\/ceiplaslomas\/wp-json\/wp\/v2\/comments?post=11779"}],"version-history":[{"count":15,"href":"https:\/\/blogsaverroes.juntadeandalucia.es\/ceiplaslomas\/wp-json\/wp\/v2\/posts\/11779\/revisions"}],"predecessor-version":[{"id":14023,"href":"https:\/\/blogsaverroes.juntadeandalucia.es\/ceiplaslomas\/wp-json\/wp\/v2\/posts\/11779\/revisions\/14023"}],"wp:featuredmedia":[{"embeddable":true,"href":"https:\/\/blogsaverroes.juntadeandalucia.es\/ceiplaslomas\/wp-json\/wp\/v2\/media\/11780"}],"wp:attachment":[{"href":"https:\/\/blogsaverroes.juntadeandalucia.es\/ceiplaslomas\/wp-json\/wp\/v2\/media?parent=11779"}],"wp:term":[{"taxonomy":"category","embeddable":true,"href":"https:\/\/blogsaverroes.juntadeandalucia.es\/ceiplaslomas\/wp-json\/wp\/v2\/categories?post=11779"},{"taxonomy":"post_tag","embeddable":true,"href":"https:\/\/blogsaverroes.juntadeandalucia.es\/ceiplaslomas\/wp-json\/wp\/v2\/tags?post=11779"}],"curies":[{"name":"wp","href":"https:\/\/api.w.org\/{rel}","templated":true}]}}