{"id":13388,"date":"2022-09-30T17:44:40","date_gmt":"2022-09-30T17:44:40","guid":{"rendered":"https:\/\/blogsaverroes.juntadeandalucia.es\/ceiplaslomas\/?p=13388"},"modified":"2022-09-30T17:48:58","modified_gmt":"2022-09-30T17:48:58","slug":"programa-unidades-de-acompanamiento-y-orientacion-personal-y-familiar","status":"publish","type":"post","link":"https:\/\/blogsaverroes.juntadeandalucia.es\/ceiplaslomas\/2022\/09\/30\/programa-unidades-de-acompanamiento-y-orientacion-personal-y-familiar\/","title":{"rendered":"Programa Unidades de Acompa\u00f1amiento y Orientaci\u00f3n Personal y Familiar"},"content":{"rendered":"<p style=\"text-align: justify\">Nuestro colegio, como el curso pasado, es uno de los centros educativos que va a contar con un <strong>Programa de Unidades de Acompa\u00f1amiento y Orientaci\u00f3n Personal y Familiar<\/strong>, dotando al centro de una orientadora m\u00e1s.<\/p>\n<p style=\"text-align: justify\">Este programa viene a reforzar los objetivos que nos proponemos desde nuestro centro, entre los que destacan, prevenir el absentismo escolar, contribuir a la reducci\u00f3n del abandono y acompa\u00f1ar a las familias de este alumnado, ofreci\u00e9ndoles habilidades y recursos para que puedan lograr una mayor implicaci\u00f3n en los procesos educativos de sus hijos.<\/p>\n<p>\u21d2 Informaci\u00f3n del programa elaborada por la orientadora pinchando <strong><span style=\"color: #0000ff\"><a style=\"color: #0000ff\" href=\"https:\/\/blogsaverroes.juntadeandalucia.es\/ceiplaslomas\/files\/2022\/09\/d\u00edptico-CEIP-Las-Lomas.pdf\">aqu\u00ed<\/a><\/span><\/strong><\/p>\n","protected":false},"excerpt":{"rendered":"<p>Nuestro colegio, como el curso pasado, es uno de los centros educativos que va a contar con un Programa de Unidades de Acompa\u00f1amiento y Orientaci\u00f3n Personal y Familiar, dotando al centro de una orientadora&#46;&#46;&#46;<\/p>\n","protected":false},"author":5742,"featured_media":13390,"comment_status":"closed","ping_status":"closed","sticky":false,"template":"","format":"standard","meta":{"ngg_post_thumbnail":0,"footnotes":""},"categories":[526],"tags":[],"aioseo_notices":[],"_links":{"self":[{"href":"https:\/\/blogsaverroes.juntadeandalucia.es\/ceiplaslomas\/wp-json\/wp\/v2\/posts\/13388"}],"collection":[{"href":"https:\/\/blogsaverroes.juntadeandalucia.es\/ceiplaslomas\/wp-json\/wp\/v2\/posts"}],"about":[{"href":"https:\/\/blogsaverroes.juntadeandalucia.es\/ceiplaslomas\/wp-json\/wp\/v2\/types\/post"}],"author":[{"embeddable":true,"href":"https:\/\/blogsaverroes.juntadeandalucia.es\/ceiplaslomas\/wp-json\/wp\/v2\/users\/5742"}],"replies":[{"embeddable":true,"href":"https:\/\/blogsaverroes.juntadeandalucia.es\/ceiplaslomas\/wp-json\/wp\/v2\/comments?post=13388"}],"version-history":[{"count":4,"href":"https:\/\/blogsaverroes.juntadeandalucia.es\/ceiplaslomas\/wp-json\/wp\/v2\/posts\/13388\/revisions"}],"predecessor-version":[{"id":13395,"href":"https:\/\/blogsaverroes.juntadeandalucia.es\/ceiplaslomas\/wp-json\/wp\/v2\/posts\/13388\/revisions\/13395"}],"wp:featuredmedia":[{"embeddable":true,"href":"https:\/\/blogsaverroes.juntadeandalucia.es\/ceiplaslomas\/wp-json\/wp\/v2\/media\/13390"}],"wp:attachment":[{"href":"https:\/\/blogsaverroes.juntadeandalucia.es\/ceiplaslomas\/wp-json\/wp\/v2\/media?parent=13388"}],"wp:term":[{"taxonomy":"category","embeddable":true,"href":"https:\/\/blogsaverroes.juntadeandalucia.es\/ceiplaslomas\/wp-json\/wp\/v2\/categories?post=13388"},{"taxonomy":"post_tag","embeddable":true,"href":"https:\/\/blogsaverroes.juntadeandalucia.es\/ceiplaslomas\/wp-json\/wp\/v2\/tags?post=13388"}],"curies":[{"name":"wp","href":"https:\/\/api.w.org\/{rel}","templated":true}]}}