{"id":13858,"date":"2022-11-24T10:13:40","date_gmt":"2022-11-24T10:13:40","guid":{"rendered":"https:\/\/blogsaverroes.juntadeandalucia.es\/ceiplaslomas\/?p=13858"},"modified":"2023-04-04T10:34:25","modified_gmt":"2023-04-04T10:34:25","slug":"visitamos-el-castillo-de-santa-ana","status":"publish","type":"post","link":"https:\/\/blogsaverroes.juntadeandalucia.es\/ceiplaslomas\/2022\/11\/24\/visitamos-el-castillo-de-santa-ana\/","title":{"rendered":"Cuentos en el Castillo de Santa Ana"},"content":{"rendered":"<p style=\"font-weight: 400;text-align: justify\"><strong>Cuentos en el Castillo de Roquetas de Mar<\/strong><\/p>\n<p style=\"font-weight: 400;text-align: justify\">Ayer mi\u00e9rcoles 23 de noviembre, el alumnado de 5\u00ba D y 6\u00ba B se han trasladado al Castillo de Santa Ana para participar en una actividad de animaci\u00f3n a la lectura y educaci\u00f3n ambiental. La actividad, subvencionada por el Ayuntamiento de Roquetas de Mar, ha estado dirigida y desarrollada por Mois\u00e9s Palmero, el autor de los libros trabajados.<\/p>\n<p style=\"font-weight: 400;text-align: justify\">Dicho autor les ha presentado al alumnado, de forma amena y divertida, dos de sus libros: El \u00e1rbol de las piruletas y Julita la pirata del Mar de Albor\u00e1n. Ambos libros abordan tem\u00e1ticas medioambientales cercanas al alumnado, teniendo como eje motivador lugares de nuestro entorno m\u00e1s pr\u00f3ximo, como las costas del Poniente almeriense o Sierra Nevada.<\/p>\n<p style=\"font-weight: 400;text-align: justify\">Adem\u00e1s del cuentacuentos el autor les ha ense\u00f1ado a identificar restos de animales y diferentes plantas arom\u00e1ticas, realizando finalmente un taller de sales de ba\u00f1o, que se han podido llevar a casa.<\/p>\n<p style=\"font-weight: 400;text-align: justify\">Tras tomar su desayuno en el anfiteatro, el alumnado ha seguido divirti\u00e9ndose y aprendiendo conceptos medioambientales, esta vez jugando con un paraca\u00eddas.<\/p>\n<p style=\"font-weight: 400;text-align: justify\">Sin lugar a dudas ha sido una jornada muy divertida y muy bien aprovechada, donde nuestro alumnado ha vuelto a destacar por su comportamiento, atenci\u00f3n y concienciaci\u00f3n medioambiental.<\/p>\n\n\t\t<style>\n\t\t\t#gallery-1 {\n\t\t\t\tmargin: auto;\n\t\t\t}\n\t\t\t#gallery-1 .gallery-item {\n\t\t\t\tfloat: left;\n\t\t\t\tmargin-top: 10px;\n\t\t\t\ttext-align: center;\n\t\t\t\twidth: 33%;\n\t\t\t}\n\t\t\t#gallery-1 img {\n\t\t\t\tborder: 2px solid #cfcfcf;\n\t\t\t}\n\t\t\t#gallery-1 .gallery-caption {\n\t\t\t\tmargin-left: 0;\n\t\t\t}\n\t\t\t\/* see gallery_shortcode() in wp-includes\/media.php *\/\n\t\t<\/style>\n\t\t<div id='gallery-1' class='gallery galleryid-13858 gallery-columns-3 gallery-size-medium'><dl class='gallery-item'>\n\t\t\t<dt class='gallery-icon landscape'>\n\t\t\t\t<a href='https:\/\/blogsaverroes.juntadeandalucia.es\/ceiplaslomas\/2022\/11\/24\/visitamos-el-castillo-de-santa-ana\/img_20221123_100823\/'><img loading=\"lazy\" decoding=\"async\" width=\"300\" height=\"169\" src=\"https:\/\/blogsaverroes.juntadeandalucia.es\/ceiplaslomas\/files\/2022\/11\/IMG_20221123_100823-300x169.jpg\" class=\"attachment-medium size-medium\" alt=\"\" srcset=\"https:\/\/blogsaverroes.juntadeandalucia.es\/ceiplaslomas\/files\/2022\/11\/IMG_20221123_100823-300x169.jpg 300w, https:\/\/blogsaverroes.juntadeandalucia.es\/ceiplaslomas\/files\/2022\/11\/IMG_20221123_100823-1024x576.jpg 1024w, https:\/\/blogsaverroes.juntadeandalucia.es\/ceiplaslomas\/files\/2022\/11\/IMG_20221123_100823-768x432.jpg 768w, https:\/\/blogsaverroes.juntadeandalucia.es\/ceiplaslomas\/files\/2022\/11\/IMG_20221123_100823-1536x864.jpg 1536w, https:\/\/blogsaverroes.juntadeandalucia.es\/ceiplaslomas\/files\/2022\/11\/IMG_20221123_100823.jpg 1600w\" sizes=\"(max-width: 300px) 100vw, 300px\" \/><\/a>\n\t\t\t<\/dt><\/dl><dl class='gallery-item'>\n\t\t\t<dt class='gallery-icon landscape'>\n\t\t\t\t<a href='https:\/\/blogsaverroes.juntadeandalucia.es\/ceiplaslomas\/2022\/11\/24\/visitamos-el-castillo-de-santa-ana\/img_20221123_102731\/'><img loading=\"lazy\" decoding=\"async\" width=\"300\" height=\"169\" src=\"https:\/\/blogsaverroes.juntadeandalucia.es\/ceiplaslomas\/files\/2022\/11\/IMG_20221123_102731-300x169.jpg\" class=\"attachment-medium size-medium\" alt=\"\" srcset=\"https:\/\/blogsaverroes.juntadeandalucia.es\/ceiplaslomas\/files\/2022\/11\/IMG_20221123_102731-300x169.jpg 300w, https:\/\/blogsaverroes.juntadeandalucia.es\/ceiplaslomas\/files\/2022\/11\/IMG_20221123_102731-1024x576.jpg 1024w, https:\/\/blogsaverroes.juntadeandalucia.es\/ceiplaslomas\/files\/2022\/11\/IMG_20221123_102731-768x432.jpg 768w, https:\/\/blogsaverroes.juntadeandalucia.es\/ceiplaslomas\/files\/2022\/11\/IMG_20221123_102731-1536x864.jpg 1536w, https:\/\/blogsaverroes.juntadeandalucia.es\/ceiplaslomas\/files\/2022\/11\/IMG_20221123_102731.jpg 1600w\" sizes=\"(max-width: 300px) 100vw, 300px\" \/><\/a>\n\t\t\t<\/dt><\/dl><dl class='gallery-item'>\n\t\t\t<dt class='gallery-icon landscape'>\n\t\t\t\t<a href='https:\/\/blogsaverroes.juntadeandalucia.es\/ceiplaslomas\/2022\/11\/24\/visitamos-el-castillo-de-santa-ana\/img_20221123_102735\/'><img loading=\"lazy\" decoding=\"async\" width=\"300\" height=\"169\" src=\"https:\/\/blogsaverroes.juntadeandalucia.es\/ceiplaslomas\/files\/2022\/11\/IMG_20221123_102735-300x169.jpg\" class=\"attachment-medium size-medium\" alt=\"\" srcset=\"https:\/\/blogsaverroes.juntadeandalucia.es\/ceiplaslomas\/files\/2022\/11\/IMG_20221123_102735-300x169.jpg 300w, https:\/\/blogsaverroes.juntadeandalucia.es\/ceiplaslomas\/files\/2022\/11\/IMG_20221123_102735-1024x576.jpg 1024w, https:\/\/blogsaverroes.juntadeandalucia.es\/ceiplaslomas\/files\/2022\/11\/IMG_20221123_102735-768x432.jpg 768w, https:\/\/blogsaverroes.juntadeandalucia.es\/ceiplaslomas\/files\/2022\/11\/IMG_20221123_102735-1536x864.jpg 1536w, https:\/\/blogsaverroes.juntadeandalucia.es\/ceiplaslomas\/files\/2022\/11\/IMG_20221123_102735.jpg 1600w\" sizes=\"(max-width: 300px) 100vw, 300px\" \/><\/a>\n\t\t\t<\/dt><\/dl><br style=\"clear: both\" \/><dl class='gallery-item'>\n\t\t\t<dt class='gallery-icon landscape'>\n\t\t\t\t<a href='https:\/\/blogsaverroes.juntadeandalucia.es\/ceiplaslomas\/2022\/11\/24\/visitamos-el-castillo-de-santa-ana\/img_20221123_105309\/'><img loading=\"lazy\" decoding=\"async\" width=\"300\" height=\"169\" src=\"https:\/\/blogsaverroes.juntadeandalucia.es\/ceiplaslomas\/files\/2022\/11\/IMG_20221123_105309-300x169.jpg\" class=\"attachment-medium size-medium\" alt=\"\" srcset=\"https:\/\/blogsaverroes.juntadeandalucia.es\/ceiplaslomas\/files\/2022\/11\/IMG_20221123_105309-300x169.jpg 300w, https:\/\/blogsaverroes.juntadeandalucia.es\/ceiplaslomas\/files\/2022\/11\/IMG_20221123_105309-1024x576.jpg 1024w, https:\/\/blogsaverroes.juntadeandalucia.es\/ceiplaslomas\/files\/2022\/11\/IMG_20221123_105309-768x432.jpg 768w, https:\/\/blogsaverroes.juntadeandalucia.es\/ceiplaslomas\/files\/2022\/11\/IMG_20221123_105309-1536x864.jpg 1536w, https:\/\/blogsaverroes.juntadeandalucia.es\/ceiplaslomas\/files\/2022\/11\/IMG_20221123_105309.jpg 1600w\" sizes=\"(max-width: 300px) 100vw, 300px\" \/><\/a>\n\t\t\t<\/dt><\/dl><dl class='gallery-item'>\n\t\t\t<dt class='gallery-icon landscape'>\n\t\t\t\t<a href='https:\/\/blogsaverroes.juntadeandalucia.es\/ceiplaslomas\/2022\/11\/24\/visitamos-el-castillo-de-santa-ana\/img_20221123_105315\/'><img loading=\"lazy\" decoding=\"async\" width=\"300\" height=\"169\" src=\"https:\/\/blogsaverroes.juntadeandalucia.es\/ceiplaslomas\/files\/2022\/11\/IMG_20221123_105315-300x169.jpg\" class=\"attachment-medium size-medium\" alt=\"\" srcset=\"https:\/\/blogsaverroes.juntadeandalucia.es\/ceiplaslomas\/files\/2022\/11\/IMG_20221123_105315-300x169.jpg 300w, https:\/\/blogsaverroes.juntadeandalucia.es\/ceiplaslomas\/files\/2022\/11\/IMG_20221123_105315-1024x576.jpg 1024w, https:\/\/blogsaverroes.juntadeandalucia.es\/ceiplaslomas\/files\/2022\/11\/IMG_20221123_105315-768x432.jpg 768w, https:\/\/blogsaverroes.juntadeandalucia.es\/ceiplaslomas\/files\/2022\/11\/IMG_20221123_105315-1536x864.jpg 1536w, https:\/\/blogsaverroes.juntadeandalucia.es\/ceiplaslomas\/files\/2022\/11\/IMG_20221123_105315.jpg 1600w\" sizes=\"(max-width: 300px) 100vw, 300px\" \/><\/a>\n\t\t\t<\/dt><\/dl><dl class='gallery-item'>\n\t\t\t<dt class='gallery-icon landscape'>\n\t\t\t\t<a href='https:\/\/blogsaverroes.juntadeandalucia.es\/ceiplaslomas\/2022\/11\/24\/visitamos-el-castillo-de-santa-ana\/img_20221123_111932\/'><img loading=\"lazy\" decoding=\"async\" width=\"300\" height=\"169\" src=\"https:\/\/blogsaverroes.juntadeandalucia.es\/ceiplaslomas\/files\/2022\/11\/IMG_20221123_111932-300x169.jpg\" class=\"attachment-medium size-medium\" alt=\"\" srcset=\"https:\/\/blogsaverroes.juntadeandalucia.es\/ceiplaslomas\/files\/2022\/11\/IMG_20221123_111932-300x169.jpg 300w, https:\/\/blogsaverroes.juntadeandalucia.es\/ceiplaslomas\/files\/2022\/11\/IMG_20221123_111932-1024x576.jpg 1024w, https:\/\/blogsaverroes.juntadeandalucia.es\/ceiplaslomas\/files\/2022\/11\/IMG_20221123_111932-768x432.jpg 768w, https:\/\/blogsaverroes.juntadeandalucia.es\/ceiplaslomas\/files\/2022\/11\/IMG_20221123_111932-1536x864.jpg 1536w, https:\/\/blogsaverroes.juntadeandalucia.es\/ceiplaslomas\/files\/2022\/11\/IMG_20221123_111932.jpg 1600w\" sizes=\"(max-width: 300px) 100vw, 300px\" \/><\/a>\n\t\t\t<\/dt><\/dl><br style=\"clear: both\" \/><dl class='gallery-item'>\n\t\t\t<dt class='gallery-icon landscape'>\n\t\t\t\t<a href='https:\/\/blogsaverroes.juntadeandalucia.es\/ceiplaslomas\/2022\/11\/24\/visitamos-el-castillo-de-santa-ana\/img_20221123_114533\/'><img loading=\"lazy\" decoding=\"async\" width=\"300\" height=\"169\" src=\"https:\/\/blogsaverroes.juntadeandalucia.es\/ceiplaslomas\/files\/2022\/11\/IMG_20221123_114533-300x169.jpg\" class=\"attachment-medium size-medium\" alt=\"\" srcset=\"https:\/\/blogsaverroes.juntadeandalucia.es\/ceiplaslomas\/files\/2022\/11\/IMG_20221123_114533-300x169.jpg 300w, https:\/\/blogsaverroes.juntadeandalucia.es\/ceiplaslomas\/files\/2022\/11\/IMG_20221123_114533-1024x576.jpg 1024w, https:\/\/blogsaverroes.juntadeandalucia.es\/ceiplaslomas\/files\/2022\/11\/IMG_20221123_114533-768x432.jpg 768w, https:\/\/blogsaverroes.juntadeandalucia.es\/ceiplaslomas\/files\/2022\/11\/IMG_20221123_114533-1536x864.jpg 1536w, https:\/\/blogsaverroes.juntadeandalucia.es\/ceiplaslomas\/files\/2022\/11\/IMG_20221123_114533.jpg 1600w\" sizes=\"(max-width: 300px) 100vw, 300px\" \/><\/a>\n\t\t\t<\/dt><\/dl><dl class='gallery-item'>\n\t\t\t<dt class='gallery-icon landscape'>\n\t\t\t\t<a href='https:\/\/blogsaverroes.juntadeandalucia.es\/ceiplaslomas\/2022\/11\/24\/visitamos-el-castillo-de-santa-ana\/img_20221123_114555\/'><img loading=\"lazy\" decoding=\"async\" width=\"300\" height=\"169\" src=\"https:\/\/blogsaverroes.juntadeandalucia.es\/ceiplaslomas\/files\/2022\/11\/IMG_20221123_114555-300x169.jpg\" class=\"attachment-medium size-medium\" alt=\"\" srcset=\"https:\/\/blogsaverroes.juntadeandalucia.es\/ceiplaslomas\/files\/2022\/11\/IMG_20221123_114555-300x169.jpg 300w, https:\/\/blogsaverroes.juntadeandalucia.es\/ceiplaslomas\/files\/2022\/11\/IMG_20221123_114555-1024x576.jpg 1024w, https:\/\/blogsaverroes.juntadeandalucia.es\/ceiplaslomas\/files\/2022\/11\/IMG_20221123_114555-768x432.jpg 768w, https:\/\/blogsaverroes.juntadeandalucia.es\/ceiplaslomas\/files\/2022\/11\/IMG_20221123_114555-1536x864.jpg 1536w, https:\/\/blogsaverroes.juntadeandalucia.es\/ceiplaslomas\/files\/2022\/11\/IMG_20221123_114555.jpg 1600w\" sizes=\"(max-width: 300px) 100vw, 300px\" \/><\/a>\n\t\t\t<\/dt><\/dl><dl class='gallery-item'>\n\t\t\t<dt class='gallery-icon landscape'>\n\t\t\t\t<a href='https:\/\/blogsaverroes.juntadeandalucia.es\/ceiplaslomas\/2022\/11\/24\/visitamos-el-castillo-de-santa-ana\/img_20221123_115723\/'><img loading=\"lazy\" decoding=\"async\" width=\"300\" height=\"169\" src=\"https:\/\/blogsaverroes.juntadeandalucia.es\/ceiplaslomas\/files\/2022\/11\/IMG_20221123_115723-300x169.jpg\" class=\"attachment-medium size-medium\" alt=\"\" srcset=\"https:\/\/blogsaverroes.juntadeandalucia.es\/ceiplaslomas\/files\/2022\/11\/IMG_20221123_115723-300x169.jpg 300w, https:\/\/blogsaverroes.juntadeandalucia.es\/ceiplaslomas\/files\/2022\/11\/IMG_20221123_115723-1024x576.jpg 1024w, https:\/\/blogsaverroes.juntadeandalucia.es\/ceiplaslomas\/files\/2022\/11\/IMG_20221123_115723-768x432.jpg 768w, https:\/\/blogsaverroes.juntadeandalucia.es\/ceiplaslomas\/files\/2022\/11\/IMG_20221123_115723-1536x864.jpg 1536w, https:\/\/blogsaverroes.juntadeandalucia.es\/ceiplaslomas\/files\/2022\/11\/IMG_20221123_115723.jpg 1600w\" sizes=\"(max-width: 300px) 100vw, 300px\" \/><\/a>\n\t\t\t<\/dt><\/dl><br style=\"clear: both\" \/><dl class='gallery-item'>\n\t\t\t<dt class='gallery-icon landscape'>\n\t\t\t\t<a href='https:\/\/blogsaverroes.juntadeandalucia.es\/ceiplaslomas\/2022\/11\/24\/visitamos-el-castillo-de-santa-ana\/img_20221123_115755\/'><img loading=\"lazy\" decoding=\"async\" width=\"300\" height=\"169\" src=\"https:\/\/blogsaverroes.juntadeandalucia.es\/ceiplaslomas\/files\/2022\/11\/IMG_20221123_115755-300x169.jpg\" class=\"attachment-medium size-medium\" alt=\"\" srcset=\"https:\/\/blogsaverroes.juntadeandalucia.es\/ceiplaslomas\/files\/2022\/11\/IMG_20221123_115755-300x169.jpg 300w, https:\/\/blogsaverroes.juntadeandalucia.es\/ceiplaslomas\/files\/2022\/11\/IMG_20221123_115755-1024x576.jpg 1024w, https:\/\/blogsaverroes.juntadeandalucia.es\/ceiplaslomas\/files\/2022\/11\/IMG_20221123_115755-768x432.jpg 768w, https:\/\/blogsaverroes.juntadeandalucia.es\/ceiplaslomas\/files\/2022\/11\/IMG_20221123_115755-1536x864.jpg 1536w, https:\/\/blogsaverroes.juntadeandalucia.es\/ceiplaslomas\/files\/2022\/11\/IMG_20221123_115755.jpg 1600w\" sizes=\"(max-width: 300px) 100vw, 300px\" \/><\/a>\n\t\t\t<\/dt><\/dl><dl class='gallery-item'>\n\t\t\t<dt class='gallery-icon landscape'>\n\t\t\t\t<a href='https:\/\/blogsaverroes.juntadeandalucia.es\/ceiplaslomas\/2022\/11\/24\/visitamos-el-castillo-de-santa-ana\/img_20221123_122653\/'><img loading=\"lazy\" decoding=\"async\" width=\"300\" height=\"169\" src=\"https:\/\/blogsaverroes.juntadeandalucia.es\/ceiplaslomas\/files\/2022\/11\/IMG_20221123_122653-300x169.jpg\" class=\"attachment-medium size-medium\" alt=\"\" srcset=\"https:\/\/blogsaverroes.juntadeandalucia.es\/ceiplaslomas\/files\/2022\/11\/IMG_20221123_122653-300x169.jpg 300w, https:\/\/blogsaverroes.juntadeandalucia.es\/ceiplaslomas\/files\/2022\/11\/IMG_20221123_122653-1024x576.jpg 1024w, https:\/\/blogsaverroes.juntadeandalucia.es\/ceiplaslomas\/files\/2022\/11\/IMG_20221123_122653-768x432.jpg 768w, https:\/\/blogsaverroes.juntadeandalucia.es\/ceiplaslomas\/files\/2022\/11\/IMG_20221123_122653-1536x864.jpg 1536w, https:\/\/blogsaverroes.juntadeandalucia.es\/ceiplaslomas\/files\/2022\/11\/IMG_20221123_122653.jpg 1600w\" sizes=\"(max-width: 300px) 100vw, 300px\" \/><\/a>\n\t\t\t<\/dt><\/dl><dl class='gallery-item'>\n\t\t\t<dt class='gallery-icon landscape'>\n\t\t\t\t<a href='https:\/\/blogsaverroes.juntadeandalucia.es\/ceiplaslomas\/2022\/11\/24\/visitamos-el-castillo-de-santa-ana\/img_20221123_122710\/'><img loading=\"lazy\" decoding=\"async\" width=\"300\" height=\"169\" src=\"https:\/\/blogsaverroes.juntadeandalucia.es\/ceiplaslomas\/files\/2022\/11\/IMG_20221123_122710-300x169.jpg\" class=\"attachment-medium size-medium\" alt=\"\" srcset=\"https:\/\/blogsaverroes.juntadeandalucia.es\/ceiplaslomas\/files\/2022\/11\/IMG_20221123_122710-300x169.jpg 300w, https:\/\/blogsaverroes.juntadeandalucia.es\/ceiplaslomas\/files\/2022\/11\/IMG_20221123_122710-1024x576.jpg 1024w, https:\/\/blogsaverroes.juntadeandalucia.es\/ceiplaslomas\/files\/2022\/11\/IMG_20221123_122710-768x432.jpg 768w, https:\/\/blogsaverroes.juntadeandalucia.es\/ceiplaslomas\/files\/2022\/11\/IMG_20221123_122710-1536x864.jpg 1536w, https:\/\/blogsaverroes.juntadeandalucia.es\/ceiplaslomas\/files\/2022\/11\/IMG_20221123_122710.jpg 1600w\" sizes=\"(max-width: 300px) 100vw, 300px\" \/><\/a>\n\t\t\t<\/dt><\/dl><br style=\"clear: both\" \/><dl class='gallery-item'>\n\t\t\t<dt class='gallery-icon landscape'>\n\t\t\t\t<a href='https:\/\/blogsaverroes.juntadeandalucia.es\/ceiplaslomas\/2022\/11\/24\/visitamos-el-castillo-de-santa-ana\/img_20221123_122744\/'><img loading=\"lazy\" decoding=\"async\" width=\"300\" height=\"169\" src=\"https:\/\/blogsaverroes.juntadeandalucia.es\/ceiplaslomas\/files\/2022\/11\/IMG_20221123_122744-300x169.jpg\" class=\"attachment-medium size-medium\" alt=\"\" srcset=\"https:\/\/blogsaverroes.juntadeandalucia.es\/ceiplaslomas\/files\/2022\/11\/IMG_20221123_122744-300x169.jpg 300w, https:\/\/blogsaverroes.juntadeandalucia.es\/ceiplaslomas\/files\/2022\/11\/IMG_20221123_122744-1024x576.jpg 1024w, https:\/\/blogsaverroes.juntadeandalucia.es\/ceiplaslomas\/files\/2022\/11\/IMG_20221123_122744-768x432.jpg 768w, https:\/\/blogsaverroes.juntadeandalucia.es\/ceiplaslomas\/files\/2022\/11\/IMG_20221123_122744-1536x864.jpg 1536w, https:\/\/blogsaverroes.juntadeandalucia.es\/ceiplaslomas\/files\/2022\/11\/IMG_20221123_122744.jpg 1600w\" sizes=\"(max-width: 300px) 100vw, 300px\" \/><\/a>\n\t\t\t<\/dt><\/dl><dl class='gallery-item'>\n\t\t\t<dt class='gallery-icon landscape'>\n\t\t\t\t<a href='https:\/\/blogsaverroes.juntadeandalucia.es\/ceiplaslomas\/2022\/11\/24\/visitamos-el-castillo-de-santa-ana\/img_20221123_123259\/'><img loading=\"lazy\" decoding=\"async\" width=\"300\" height=\"169\" src=\"https:\/\/blogsaverroes.juntadeandalucia.es\/ceiplaslomas\/files\/2022\/11\/IMG_20221123_123259-300x169.jpg\" class=\"attachment-medium size-medium\" alt=\"\" srcset=\"https:\/\/blogsaverroes.juntadeandalucia.es\/ceiplaslomas\/files\/2022\/11\/IMG_20221123_123259-300x169.jpg 300w, https:\/\/blogsaverroes.juntadeandalucia.es\/ceiplaslomas\/files\/2022\/11\/IMG_20221123_123259-1024x576.jpg 1024w, https:\/\/blogsaverroes.juntadeandalucia.es\/ceiplaslomas\/files\/2022\/11\/IMG_20221123_123259-768x432.jpg 768w, https:\/\/blogsaverroes.juntadeandalucia.es\/ceiplaslomas\/files\/2022\/11\/IMG_20221123_123259-1536x864.jpg 1536w, https:\/\/blogsaverroes.juntadeandalucia.es\/ceiplaslomas\/files\/2022\/11\/IMG_20221123_123259.jpg 1600w\" sizes=\"(max-width: 300px) 100vw, 300px\" \/><\/a>\n\t\t\t<\/dt><\/dl><dl class='gallery-item'>\n\t\t\t<dt class='gallery-icon landscape'>\n\t\t\t\t<a href='https:\/\/blogsaverroes.juntadeandalucia.es\/ceiplaslomas\/2022\/11\/24\/visitamos-el-castillo-de-santa-ana\/img_20221123_123338\/'><img loading=\"lazy\" decoding=\"async\" width=\"300\" height=\"169\" src=\"https:\/\/blogsaverroes.juntadeandalucia.es\/ceiplaslomas\/files\/2022\/11\/IMG_20221123_123338-300x169.jpg\" class=\"attachment-medium size-medium\" alt=\"\" srcset=\"https:\/\/blogsaverroes.juntadeandalucia.es\/ceiplaslomas\/files\/2022\/11\/IMG_20221123_123338-300x169.jpg 300w, https:\/\/blogsaverroes.juntadeandalucia.es\/ceiplaslomas\/files\/2022\/11\/IMG_20221123_123338-1024x576.jpg 1024w, https:\/\/blogsaverroes.juntadeandalucia.es\/ceiplaslomas\/files\/2022\/11\/IMG_20221123_123338-768x432.jpg 768w, https:\/\/blogsaverroes.juntadeandalucia.es\/ceiplaslomas\/files\/2022\/11\/IMG_20221123_123338-1536x864.jpg 1536w, https:\/\/blogsaverroes.juntadeandalucia.es\/ceiplaslomas\/files\/2022\/11\/IMG_20221123_123338.jpg 1600w\" sizes=\"(max-width: 300px) 100vw, 300px\" \/><\/a>\n\t\t\t<\/dt><\/dl><br style=\"clear: both\" \/><dl class='gallery-item'>\n\t\t\t<dt class='gallery-icon landscape'>\n\t\t\t\t<a href='https:\/\/blogsaverroes.juntadeandalucia.es\/ceiplaslomas\/2022\/11\/24\/visitamos-el-castillo-de-santa-ana\/img_20221123_124300\/'><img loading=\"lazy\" decoding=\"async\" width=\"300\" height=\"169\" src=\"https:\/\/blogsaverroes.juntadeandalucia.es\/ceiplaslomas\/files\/2022\/11\/IMG_20221123_124300-300x169.jpg\" class=\"attachment-medium size-medium\" alt=\"\" srcset=\"https:\/\/blogsaverroes.juntadeandalucia.es\/ceiplaslomas\/files\/2022\/11\/IMG_20221123_124300-300x169.jpg 300w, https:\/\/blogsaverroes.juntadeandalucia.es\/ceiplaslomas\/files\/2022\/11\/IMG_20221123_124300-1024x576.jpg 1024w, https:\/\/blogsaverroes.juntadeandalucia.es\/ceiplaslomas\/files\/2022\/11\/IMG_20221123_124300-768x432.jpg 768w, https:\/\/blogsaverroes.juntadeandalucia.es\/ceiplaslomas\/files\/2022\/11\/IMG_20221123_124300-1536x864.jpg 1536w, https:\/\/blogsaverroes.juntadeandalucia.es\/ceiplaslomas\/files\/2022\/11\/IMG_20221123_124300.jpg 1600w\" sizes=\"(max-width: 300px) 100vw, 300px\" \/><\/a>\n\t\t\t<\/dt><\/dl><dl class='gallery-item'>\n\t\t\t<dt class='gallery-icon landscape'>\n\t\t\t\t<a href='https:\/\/blogsaverroes.juntadeandalucia.es\/ceiplaslomas\/2022\/11\/24\/visitamos-el-castillo-de-santa-ana\/img_20221123_124408\/'><img loading=\"lazy\" decoding=\"async\" width=\"300\" height=\"169\" src=\"https:\/\/blogsaverroes.juntadeandalucia.es\/ceiplaslomas\/files\/2022\/11\/IMG_20221123_124408-300x169.jpg\" class=\"attachment-medium size-medium\" alt=\"\" srcset=\"https:\/\/blogsaverroes.juntadeandalucia.es\/ceiplaslomas\/files\/2022\/11\/IMG_20221123_124408-300x169.jpg 300w, https:\/\/blogsaverroes.juntadeandalucia.es\/ceiplaslomas\/files\/2022\/11\/IMG_20221123_124408-1024x576.jpg 1024w, https:\/\/blogsaverroes.juntadeandalucia.es\/ceiplaslomas\/files\/2022\/11\/IMG_20221123_124408-768x432.jpg 768w, https:\/\/blogsaverroes.juntadeandalucia.es\/ceiplaslomas\/files\/2022\/11\/IMG_20221123_124408-1536x864.jpg 1536w, https:\/\/blogsaverroes.juntadeandalucia.es\/ceiplaslomas\/files\/2022\/11\/IMG_20221123_124408.jpg 1600w\" sizes=\"(max-width: 300px) 100vw, 300px\" \/><\/a>\n\t\t\t<\/dt><\/dl><dl class='gallery-item'>\n\t\t\t<dt class='gallery-icon landscape'>\n\t\t\t\t<a href='https:\/\/blogsaverroes.juntadeandalucia.es\/ceiplaslomas\/2022\/11\/24\/visitamos-el-castillo-de-santa-ana\/img_20221123_124518\/'><img loading=\"lazy\" decoding=\"async\" width=\"300\" height=\"169\" src=\"https:\/\/blogsaverroes.juntadeandalucia.es\/ceiplaslomas\/files\/2022\/11\/IMG_20221123_124518-300x169.jpg\" class=\"attachment-medium size-medium\" alt=\"\" srcset=\"https:\/\/blogsaverroes.juntadeandalucia.es\/ceiplaslomas\/files\/2022\/11\/IMG_20221123_124518-300x169.jpg 300w, https:\/\/blogsaverroes.juntadeandalucia.es\/ceiplaslomas\/files\/2022\/11\/IMG_20221123_124518-1024x576.jpg 1024w, https:\/\/blogsaverroes.juntadeandalucia.es\/ceiplaslomas\/files\/2022\/11\/IMG_20221123_124518-768x432.jpg 768w, https:\/\/blogsaverroes.juntadeandalucia.es\/ceiplaslomas\/files\/2022\/11\/IMG_20221123_124518-1536x864.jpg 1536w, https:\/\/blogsaverroes.juntadeandalucia.es\/ceiplaslomas\/files\/2022\/11\/IMG_20221123_124518.jpg 1600w\" sizes=\"(max-width: 300px) 100vw, 300px\" \/><\/a>\n\t\t\t<\/dt><\/dl><br style=\"clear: both\" \/><dl class='gallery-item'>\n\t\t\t<dt class='gallery-icon landscape'>\n\t\t\t\t<a href='https:\/\/blogsaverroes.juntadeandalucia.es\/ceiplaslomas\/2022\/11\/24\/visitamos-el-castillo-de-santa-ana\/img_20221123_124555\/'><img loading=\"lazy\" decoding=\"async\" width=\"300\" height=\"169\" src=\"https:\/\/blogsaverroes.juntadeandalucia.es\/ceiplaslomas\/files\/2022\/11\/IMG_20221123_124555-300x169.jpg\" class=\"attachment-medium size-medium\" alt=\"\" srcset=\"https:\/\/blogsaverroes.juntadeandalucia.es\/ceiplaslomas\/files\/2022\/11\/IMG_20221123_124555-300x169.jpg 300w, https:\/\/blogsaverroes.juntadeandalucia.es\/ceiplaslomas\/files\/2022\/11\/IMG_20221123_124555-1024x576.jpg 1024w, https:\/\/blogsaverroes.juntadeandalucia.es\/ceiplaslomas\/files\/2022\/11\/IMG_20221123_124555-768x432.jpg 768w, https:\/\/blogsaverroes.juntadeandalucia.es\/ceiplaslomas\/files\/2022\/11\/IMG_20221123_124555-1536x864.jpg 1536w, https:\/\/blogsaverroes.juntadeandalucia.es\/ceiplaslomas\/files\/2022\/11\/IMG_20221123_124555.jpg 1600w\" sizes=\"(max-width: 300px) 100vw, 300px\" \/><\/a>\n\t\t\t<\/dt><\/dl><dl class='gallery-item'>\n\t\t\t<dt class='gallery-icon landscape'>\n\t\t\t\t<a href='https:\/\/blogsaverroes.juntadeandalucia.es\/ceiplaslomas\/2022\/11\/24\/visitamos-el-castillo-de-santa-ana\/img_20221123_124651\/'><img loading=\"lazy\" decoding=\"async\" width=\"300\" height=\"169\" src=\"https:\/\/blogsaverroes.juntadeandalucia.es\/ceiplaslomas\/files\/2022\/11\/IMG_20221123_124651-300x169.jpg\" class=\"attachment-medium size-medium\" alt=\"\" srcset=\"https:\/\/blogsaverroes.juntadeandalucia.es\/ceiplaslomas\/files\/2022\/11\/IMG_20221123_124651-300x169.jpg 300w, https:\/\/blogsaverroes.juntadeandalucia.es\/ceiplaslomas\/files\/2022\/11\/IMG_20221123_124651-1024x576.jpg 1024w, https:\/\/blogsaverroes.juntadeandalucia.es\/ceiplaslomas\/files\/2022\/11\/IMG_20221123_124651-768x432.jpg 768w, https:\/\/blogsaverroes.juntadeandalucia.es\/ceiplaslomas\/files\/2022\/11\/IMG_20221123_124651-1536x864.jpg 1536w, https:\/\/blogsaverroes.juntadeandalucia.es\/ceiplaslomas\/files\/2022\/11\/IMG_20221123_124651.jpg 1600w\" sizes=\"(max-width: 300px) 100vw, 300px\" \/><\/a>\n\t\t\t<\/dt><\/dl><dl class='gallery-item'>\n\t\t\t<dt class='gallery-icon landscape'>\n\t\t\t\t<a href='https:\/\/blogsaverroes.juntadeandalucia.es\/ceiplaslomas\/2022\/11\/24\/visitamos-el-castillo-de-santa-ana\/img_20221123_124840\/'><img loading=\"lazy\" decoding=\"async\" width=\"300\" height=\"169\" src=\"https:\/\/blogsaverroes.juntadeandalucia.es\/ceiplaslomas\/files\/2022\/11\/IMG_20221123_124840-300x169.jpg\" class=\"attachment-medium size-medium\" alt=\"\" srcset=\"https:\/\/blogsaverroes.juntadeandalucia.es\/ceiplaslomas\/files\/2022\/11\/IMG_20221123_124840-300x169.jpg 300w, https:\/\/blogsaverroes.juntadeandalucia.es\/ceiplaslomas\/files\/2022\/11\/IMG_20221123_124840-1024x576.jpg 1024w, https:\/\/blogsaverroes.juntadeandalucia.es\/ceiplaslomas\/files\/2022\/11\/IMG_20221123_124840-768x432.jpg 768w, https:\/\/blogsaverroes.juntadeandalucia.es\/ceiplaslomas\/files\/2022\/11\/IMG_20221123_124840-1536x864.jpg 1536w, https:\/\/blogsaverroes.juntadeandalucia.es\/ceiplaslomas\/files\/2022\/11\/IMG_20221123_124840.jpg 1600w\" sizes=\"(max-width: 300px) 100vw, 300px\" \/><\/a>\n\t\t\t<\/dt><\/dl><br style=\"clear: both\" \/><dl class='gallery-item'>\n\t\t\t<dt class='gallery-icon landscape'>\n\t\t\t\t<a href='https:\/\/blogsaverroes.juntadeandalucia.es\/ceiplaslomas\/2022\/11\/24\/visitamos-el-castillo-de-santa-ana\/img_20221123_125902\/'><img loading=\"lazy\" decoding=\"async\" width=\"300\" height=\"169\" src=\"https:\/\/blogsaverroes.juntadeandalucia.es\/ceiplaslomas\/files\/2022\/11\/IMG_20221123_125902-300x169.jpg\" class=\"attachment-medium size-medium\" alt=\"\" srcset=\"https:\/\/blogsaverroes.juntadeandalucia.es\/ceiplaslomas\/files\/2022\/11\/IMG_20221123_125902-300x169.jpg 300w, https:\/\/blogsaverroes.juntadeandalucia.es\/ceiplaslomas\/files\/2022\/11\/IMG_20221123_125902-1024x576.jpg 1024w, https:\/\/blogsaverroes.juntadeandalucia.es\/ceiplaslomas\/files\/2022\/11\/IMG_20221123_125902-768x432.jpg 768w, https:\/\/blogsaverroes.juntadeandalucia.es\/ceiplaslomas\/files\/2022\/11\/IMG_20221123_125902-1536x864.jpg 1536w, https:\/\/blogsaverroes.juntadeandalucia.es\/ceiplaslomas\/files\/2022\/11\/IMG_20221123_125902.jpg 1600w\" sizes=\"(max-width: 300px) 100vw, 300px\" \/><\/a>\n\t\t\t<\/dt><\/dl><dl class='gallery-item'>\n\t\t\t<dt class='gallery-icon landscape'>\n\t\t\t\t<a href='https:\/\/blogsaverroes.juntadeandalucia.es\/ceiplaslomas\/2022\/11\/24\/visitamos-el-castillo-de-santa-ana\/img_20221123_125911\/'><img loading=\"lazy\" decoding=\"async\" width=\"300\" height=\"169\" src=\"https:\/\/blogsaverroes.juntadeandalucia.es\/ceiplaslomas\/files\/2022\/11\/IMG_20221123_125911-300x169.jpg\" class=\"attachment-medium size-medium\" alt=\"\" srcset=\"https:\/\/blogsaverroes.juntadeandalucia.es\/ceiplaslomas\/files\/2022\/11\/IMG_20221123_125911-300x169.jpg 300w, https:\/\/blogsaverroes.juntadeandalucia.es\/ceiplaslomas\/files\/2022\/11\/IMG_20221123_125911-1024x576.jpg 1024w, https:\/\/blogsaverroes.juntadeandalucia.es\/ceiplaslomas\/files\/2022\/11\/IMG_20221123_125911-768x432.jpg 768w, https:\/\/blogsaverroes.juntadeandalucia.es\/ceiplaslomas\/files\/2022\/11\/IMG_20221123_125911-1536x864.jpg 1536w, https:\/\/blogsaverroes.juntadeandalucia.es\/ceiplaslomas\/files\/2022\/11\/IMG_20221123_125911.jpg 1600w\" sizes=\"(max-width: 300px) 100vw, 300px\" \/><\/a>\n\t\t\t<\/dt><\/dl><dl class='gallery-item'>\n\t\t\t<dt class='gallery-icon landscape'>\n\t\t\t\t<a href='https:\/\/blogsaverroes.juntadeandalucia.es\/ceiplaslomas\/2022\/11\/24\/visitamos-el-castillo-de-santa-ana\/img_20221123_130125\/'><img loading=\"lazy\" decoding=\"async\" width=\"300\" height=\"169\" src=\"https:\/\/blogsaverroes.juntadeandalucia.es\/ceiplaslomas\/files\/2022\/11\/IMG_20221123_130125-300x169.jpg\" class=\"attachment-medium size-medium\" alt=\"\" srcset=\"https:\/\/blogsaverroes.juntadeandalucia.es\/ceiplaslomas\/files\/2022\/11\/IMG_20221123_130125-300x169.jpg 300w, https:\/\/blogsaverroes.juntadeandalucia.es\/ceiplaslomas\/files\/2022\/11\/IMG_20221123_130125-1024x576.jpg 1024w, https:\/\/blogsaverroes.juntadeandalucia.es\/ceiplaslomas\/files\/2022\/11\/IMG_20221123_130125-768x432.jpg 768w, https:\/\/blogsaverroes.juntadeandalucia.es\/ceiplaslomas\/files\/2022\/11\/IMG_20221123_130125-1536x864.jpg 1536w, https:\/\/blogsaverroes.juntadeandalucia.es\/ceiplaslomas\/files\/2022\/11\/IMG_20221123_130125.jpg 1600w\" sizes=\"(max-width: 300px) 100vw, 300px\" \/><\/a>\n\t\t\t<\/dt><\/dl><br style=\"clear: both\" \/>\n\t\t<\/div>\n\n","protected":false},"excerpt":{"rendered":"<p>Cuentos en el Castillo de Roquetas de Mar Ayer mi\u00e9rcoles 23 de noviembre, el alumnado de 5\u00ba D y 6\u00ba B se han trasladado al Castillo de Santa Ana para participar en una actividad&#46;&#46;&#46;<\/p>\n","protected":false},"author":5742,"featured_media":13865,"comment_status":"closed","ping_status":"closed","sticky":false,"template":"","format":"standard","meta":{"ngg_post_thumbnail":0,"footnotes":""},"categories":[217183,1903612,25496,526],"tags":[],"aioseo_notices":[],"_links":{"self":[{"href":"https:\/\/blogsaverroes.juntadeandalucia.es\/ceiplaslomas\/wp-json\/wp\/v2\/posts\/13858"}],"collection":[{"href":"https:\/\/blogsaverroes.juntadeandalucia.es\/ceiplaslomas\/wp-json\/wp\/v2\/posts"}],"about":[{"href":"https:\/\/blogsaverroes.juntadeandalucia.es\/ceiplaslomas\/wp-json\/wp\/v2\/types\/post"}],"author":[{"embeddable":true,"href":"https:\/\/blogsaverroes.juntadeandalucia.es\/ceiplaslomas\/wp-json\/wp\/v2\/users\/5742"}],"replies":[{"embeddable":true,"href":"https:\/\/blogsaverroes.juntadeandalucia.es\/ceiplaslomas\/wp-json\/wp\/v2\/comments?post=13858"}],"version-history":[{"count":3,"href":"https:\/\/blogsaverroes.juntadeandalucia.es\/ceiplaslomas\/wp-json\/wp\/v2\/posts\/13858\/revisions"}],"predecessor-version":[{"id":13885,"href":"https:\/\/blogsaverroes.juntadeandalucia.es\/ceiplaslomas\/wp-json\/wp\/v2\/posts\/13858\/revisions\/13885"}],"wp:featuredmedia":[{"embeddable":true,"href":"https:\/\/blogsaverroes.juntadeandalucia.es\/ceiplaslomas\/wp-json\/wp\/v2\/media\/13865"}],"wp:attachment":[{"href":"https:\/\/blogsaverroes.juntadeandalucia.es\/ceiplaslomas\/wp-json\/wp\/v2\/media?parent=13858"}],"wp:term":[{"taxonomy":"category","embeddable":true,"href":"https:\/\/blogsaverroes.juntadeandalucia.es\/ceiplaslomas\/wp-json\/wp\/v2\/categories?post=13858"},{"taxonomy":"post_tag","embeddable":true,"href":"https:\/\/blogsaverroes.juntadeandalucia.es\/ceiplaslomas\/wp-json\/wp\/v2\/tags?post=13858"}],"curies":[{"name":"wp","href":"https:\/\/api.w.org\/{rel}","templated":true}]}}