{"id":16918,"date":"2023-11-24T13:40:42","date_gmt":"2023-11-24T13:40:42","guid":{"rendered":"https:\/\/blogsaverroes.juntadeandalucia.es\/ceiplaslomas\/?p=16918"},"modified":"2024-04-09T09:05:04","modified_gmt":"2024-04-09T09:05:04","slug":"25-noviembre-dia-internacional-de-la-eliminacion-de-la-violencia-contra-la-mujer-2","status":"publish","type":"post","link":"https:\/\/blogsaverroes.juntadeandalucia.es\/ceiplaslomas\/2023\/11\/24\/25-noviembre-dia-internacional-de-la-eliminacion-de-la-violencia-contra-la-mujer-2\/","title":{"rendered":"25 noviembre, \u00abD\u00eda Internacional de la Eliminaci\u00f3n de la Violencia contra la Mujer\u00bb"},"content":{"rendered":"<p style=\"text-align: justify\">El d\u00eda <strong>25 N<\/strong>, se celebra el<strong style=\"font-style: inherit\">&nbsp;D\u00eda Internacional de la Eliminaci\u00f3n de la Violencia contra la Mujer<\/strong>. &nbsp;M\u00e1s que una celebraci\u00f3n, es una llamada de atenci\u00f3n a toda la sociedad para que no miremos hacia otro lado frente a esta lacra.<\/p>\n<p style=\"text-align: justify\">Por este motivo, la coordinadora del Plan de Igualdad, la se\u00f1o Nani, ha planificado actividades para conmemorar este d\u00eda. Desde el colegio fomentamos en el alumnado los valores de igualdad entre hombres y mujeres, as\u00ed como la prevenci\u00f3n de la violencia de g\u00e9nero.<\/p>\n<p style=\"text-align: justify\">Entre todos hemos elaborado una apetitosa <strong>RECETA CONTRA LA VIOLENCIA DE G\u00c9NERO<\/strong>.<\/p>\n\n\t\t<style>\n\t\t\t#gallery-1 {\n\t\t\t\tmargin: auto;\n\t\t\t}\n\t\t\t#gallery-1 .gallery-item {\n\t\t\t\tfloat: left;\n\t\t\t\tmargin-top: 10px;\n\t\t\t\ttext-align: center;\n\t\t\t\twidth: 50%;\n\t\t\t}\n\t\t\t#gallery-1 img {\n\t\t\t\tborder: 2px solid #cfcfcf;\n\t\t\t}\n\t\t\t#gallery-1 .gallery-caption {\n\t\t\t\tmargin-left: 0;\n\t\t\t}\n\t\t\t\/* see gallery_shortcode() in wp-includes\/media.php *\/\n\t\t<\/style>\n\t\t<div id='gallery-1' class='gallery galleryid-16918 gallery-columns-2 gallery-size-large'><dl class='gallery-item'>\n\t\t\t<dt class='gallery-icon landscape'>\n\t\t\t\t<a href='https:\/\/blogsaverroes.juntadeandalucia.es\/ceiplaslomas\/2023\/11\/24\/25-noviembre-dia-internacional-de-la-eliminacion-de-la-violencia-contra-la-mujer-2\/20231124_131104\/'><img loading=\"lazy\" decoding=\"async\" width=\"1024\" height=\"485\" src=\"https:\/\/blogsaverroes.juntadeandalucia.es\/ceiplaslomas\/files\/2023\/11\/20231124_131104-1024x485.jpg\" class=\"attachment-large size-large\" alt=\"\" srcset=\"https:\/\/blogsaverroes.juntadeandalucia.es\/ceiplaslomas\/files\/2023\/11\/20231124_131104-1024x485.jpg 1024w, https:\/\/blogsaverroes.juntadeandalucia.es\/ceiplaslomas\/files\/2023\/11\/20231124_131104-300x142.jpg 300w, https:\/\/blogsaverroes.juntadeandalucia.es\/ceiplaslomas\/files\/2023\/11\/20231124_131104-768x363.jpg 768w, https:\/\/blogsaverroes.juntadeandalucia.es\/ceiplaslomas\/files\/2023\/11\/20231124_131104-1536x727.jpg 1536w, https:\/\/blogsaverroes.juntadeandalucia.es\/ceiplaslomas\/files\/2023\/11\/20231124_131104-2048x969.jpg 2048w, https:\/\/blogsaverroes.juntadeandalucia.es\/ceiplaslomas\/files\/2023\/11\/20231124_131104-520x245.jpg 520w, https:\/\/blogsaverroes.juntadeandalucia.es\/ceiplaslomas\/files\/2023\/11\/20231124_131104-720x340.jpg 720w, https:\/\/blogsaverroes.juntadeandalucia.es\/ceiplaslomas\/files\/2023\/11\/20231124_131104-scaled.jpg 1600w\" sizes=\"(max-width: 1024px) 100vw, 1024px\" \/><\/a>\n\t\t\t<\/dt><\/dl><dl class='gallery-item'>\n\t\t\t<dt class='gallery-icon landscape'>\n\t\t\t\t<a href='https:\/\/blogsaverroes.juntadeandalucia.es\/ceiplaslomas\/2023\/11\/24\/25-noviembre-dia-internacional-de-la-eliminacion-de-la-violencia-contra-la-mujer-2\/20231124_131112\/'><img loading=\"lazy\" decoding=\"async\" width=\"1024\" height=\"485\" src=\"https:\/\/blogsaverroes.juntadeandalucia.es\/ceiplaslomas\/files\/2023\/11\/20231124_131112-1024x485.jpg\" class=\"attachment-large size-large\" alt=\"\" srcset=\"https:\/\/blogsaverroes.juntadeandalucia.es\/ceiplaslomas\/files\/2023\/11\/20231124_131112-1024x485.jpg 1024w, https:\/\/blogsaverroes.juntadeandalucia.es\/ceiplaslomas\/files\/2023\/11\/20231124_131112-300x142.jpg 300w, https:\/\/blogsaverroes.juntadeandalucia.es\/ceiplaslomas\/files\/2023\/11\/20231124_131112-768x363.jpg 768w, https:\/\/blogsaverroes.juntadeandalucia.es\/ceiplaslomas\/files\/2023\/11\/20231124_131112-1536x727.jpg 1536w, https:\/\/blogsaverroes.juntadeandalucia.es\/ceiplaslomas\/files\/2023\/11\/20231124_131112-2048x969.jpg 2048w, https:\/\/blogsaverroes.juntadeandalucia.es\/ceiplaslomas\/files\/2023\/11\/20231124_131112-520x245.jpg 520w, https:\/\/blogsaverroes.juntadeandalucia.es\/ceiplaslomas\/files\/2023\/11\/20231124_131112-720x340.jpg 720w, https:\/\/blogsaverroes.juntadeandalucia.es\/ceiplaslomas\/files\/2023\/11\/20231124_131112-scaled.jpg 1600w\" sizes=\"(max-width: 1024px) 100vw, 1024px\" \/><\/a>\n\t\t\t<\/dt><\/dl><br style=\"clear: both\" \/><dl class='gallery-item'>\n\t\t\t<dt class='gallery-icon landscape'>\n\t\t\t\t<a href='https:\/\/blogsaverroes.juntadeandalucia.es\/ceiplaslomas\/2023\/11\/24\/25-noviembre-dia-internacional-de-la-eliminacion-de-la-violencia-contra-la-mujer-2\/20231124_131118\/'><img loading=\"lazy\" decoding=\"async\" width=\"1024\" height=\"485\" src=\"https:\/\/blogsaverroes.juntadeandalucia.es\/ceiplaslomas\/files\/2023\/11\/20231124_131118-1024x485.jpg\" class=\"attachment-large size-large\" alt=\"\" srcset=\"https:\/\/blogsaverroes.juntadeandalucia.es\/ceiplaslomas\/files\/2023\/11\/20231124_131118-1024x485.jpg 1024w, https:\/\/blogsaverroes.juntadeandalucia.es\/ceiplaslomas\/files\/2023\/11\/20231124_131118-300x142.jpg 300w, https:\/\/blogsaverroes.juntadeandalucia.es\/ceiplaslomas\/files\/2023\/11\/20231124_131118-768x364.jpg 768w, https:\/\/blogsaverroes.juntadeandalucia.es\/ceiplaslomas\/files\/2023\/11\/20231124_131118-1536x728.jpg 1536w, https:\/\/blogsaverroes.juntadeandalucia.es\/ceiplaslomas\/files\/2023\/11\/20231124_131118-2048x971.jpg 2048w, https:\/\/blogsaverroes.juntadeandalucia.es\/ceiplaslomas\/files\/2023\/11\/20231124_131118-520x245.jpg 520w, https:\/\/blogsaverroes.juntadeandalucia.es\/ceiplaslomas\/files\/2023\/11\/20231124_131118-720x340.jpg 720w, https:\/\/blogsaverroes.juntadeandalucia.es\/ceiplaslomas\/files\/2023\/11\/20231124_131118-scaled.jpg 1600w\" sizes=\"(max-width: 1024px) 100vw, 1024px\" \/><\/a>\n\t\t\t<\/dt><\/dl><dl class='gallery-item'>\n\t\t\t<dt class='gallery-icon landscape'>\n\t\t\t\t<a href='https:\/\/blogsaverroes.juntadeandalucia.es\/ceiplaslomas\/2023\/11\/24\/25-noviembre-dia-internacional-de-la-eliminacion-de-la-violencia-contra-la-mujer-2\/img-20231124-wa0008\/'><img loading=\"lazy\" decoding=\"async\" width=\"1024\" height=\"768\" src=\"https:\/\/blogsaverroes.juntadeandalucia.es\/ceiplaslomas\/files\/2023\/11\/IMG-20231124-WA0008-1024x768.jpg\" class=\"attachment-large size-large\" alt=\"\" srcset=\"https:\/\/blogsaverroes.juntadeandalucia.es\/ceiplaslomas\/files\/2023\/11\/IMG-20231124-WA0008-1024x768.jpg 1024w, https:\/\/blogsaverroes.juntadeandalucia.es\/ceiplaslomas\/files\/2023\/11\/IMG-20231124-WA0008-300x225.jpg 300w, https:\/\/blogsaverroes.juntadeandalucia.es\/ceiplaslomas\/files\/2023\/11\/IMG-20231124-WA0008-768x576.jpg 768w, https:\/\/blogsaverroes.juntadeandalucia.es\/ceiplaslomas\/files\/2023\/11\/IMG-20231124-WA0008-1536x1152.jpg 1536w, https:\/\/blogsaverroes.juntadeandalucia.es\/ceiplaslomas\/files\/2023\/11\/IMG-20231124-WA0008.jpg 1600w\" sizes=\"(max-width: 1024px) 100vw, 1024px\" \/><\/a>\n\t\t\t<\/dt><\/dl><br style=\"clear: both\" \/>\n\t\t<\/div>\n\n<p><strong>Otras actividades realizadas:<\/strong><\/p>\n<p><strong>Alumnado de 4\u00ba con su tutora Luzma, han elaborado tambi\u00e9n un v\u00eddeo de concienciaci\u00f3n.<\/strong><\/p>\n<p><iframe loading=\"lazy\" title=\"D\u00eda Internacional de la Eliminaci\u00f3n de la Violencia contra la Mujer, alumnado 4\u00ba C.E.I.P. Las Lomas\" width=\"500\" height=\"281\" src=\"https:\/\/www.youtube.com\/embed\/5b-yh6BO3OE?feature=oembed&#038;wmode=opaque\" frameborder=\"0\" allow=\"accelerometer; autoplay; clipboard-write; encrypted-media; gyroscope; picture-in-picture; web-share\" allowfullscreen><\/iframe><\/p>\n<p>&nbsp;<\/p>\n<p style=\"text-align: justify\">Desde el <strong>AULA MATINAL<\/strong> y aprovechando que el alumnado ha trabajo sus emociones con el monstruo de los colores han elaborado un mural con el lema <strong>\u201cSi controlas tus emociones evitar\u00e1s la violencia\u201d<\/strong>. Adem\u00e1s, se ha creado esta maravillosa carta que ha quedado plasmada en este v\u00eddeo y a la que han titulado <strong>\u201cA ti, mujer\u201d<\/strong>.<\/p>\n<p><iframe loading=\"lazy\" title=\"25N, D\u00eda Internacional de la Eliminaci\u00f3n de la Violencia contra la Mujer, C.E.I.P. Las Lomas\" width=\"500\" height=\"281\" src=\"https:\/\/www.youtube.com\/embed\/0KpDOVlNusY?feature=oembed&#038;wmode=opaque\" frameborder=\"0\" allow=\"accelerometer; autoplay; clipboard-write; encrypted-media; gyroscope; picture-in-picture; web-share\" allowfullscreen><\/iframe><\/p>\n<p>&nbsp;<\/p>\n<p><span style=\"color: #0000ff\">Alumnado del Aula Espec\u00edfica visionando dos cuentos:<\/span><\/p>\n\n\t\t<style>\n\t\t\t#gallery-2 {\n\t\t\t\tmargin: auto;\n\t\t\t}\n\t\t\t#gallery-2 .gallery-item {\n\t\t\t\tfloat: left;\n\t\t\t\tmargin-top: 10px;\n\t\t\t\ttext-align: center;\n\t\t\t\twidth: 50%;\n\t\t\t}\n\t\t\t#gallery-2 img {\n\t\t\t\tborder: 2px solid #cfcfcf;\n\t\t\t}\n\t\t\t#gallery-2 .gallery-caption {\n\t\t\t\tmargin-left: 0;\n\t\t\t}\n\t\t\t\/* see gallery_shortcode() in wp-includes\/media.php *\/\n\t\t<\/style>\n\t\t<div id='gallery-2' class='gallery galleryid-16918 gallery-columns-2 gallery-size-large'><dl class='gallery-item'>\n\t\t\t<dt class='gallery-icon landscape'>\n\t\t\t\t<a href='https:\/\/blogsaverroes.juntadeandalucia.es\/ceiplaslomas\/2023\/11\/24\/25-noviembre-dia-internacional-de-la-eliminacion-de-la-violencia-contra-la-mujer-2\/img_20231124_110516\/'><img loading=\"lazy\" decoding=\"async\" width=\"1024\" height=\"768\" src=\"https:\/\/blogsaverroes.juntadeandalucia.es\/ceiplaslomas\/files\/2023\/11\/IMG_20231124_110516-1024x768.jpg\" class=\"attachment-large size-large\" alt=\"\" srcset=\"https:\/\/blogsaverroes.juntadeandalucia.es\/ceiplaslomas\/files\/2023\/11\/IMG_20231124_110516-1024x768.jpg 1024w, https:\/\/blogsaverroes.juntadeandalucia.es\/ceiplaslomas\/files\/2023\/11\/IMG_20231124_110516-300x225.jpg 300w, https:\/\/blogsaverroes.juntadeandalucia.es\/ceiplaslomas\/files\/2023\/11\/IMG_20231124_110516-768x576.jpg 768w, https:\/\/blogsaverroes.juntadeandalucia.es\/ceiplaslomas\/files\/2023\/11\/IMG_20231124_110516-1536x1152.jpg 1536w, https:\/\/blogsaverroes.juntadeandalucia.es\/ceiplaslomas\/files\/2023\/11\/IMG_20231124_110516-2048x1536.jpg 2048w, https:\/\/blogsaverroes.juntadeandalucia.es\/ceiplaslomas\/files\/2023\/11\/IMG_20231124_110516-scaled.jpg 1600w\" sizes=\"(max-width: 1024px) 100vw, 1024px\" \/><\/a>\n\t\t\t<\/dt><\/dl><dl class='gallery-item'>\n\t\t\t<dt class='gallery-icon landscape'>\n\t\t\t\t<a href='https:\/\/blogsaverroes.juntadeandalucia.es\/ceiplaslomas\/2023\/11\/24\/25-noviembre-dia-internacional-de-la-eliminacion-de-la-violencia-contra-la-mujer-2\/img_20231124_110049\/'><img loading=\"lazy\" decoding=\"async\" width=\"1024\" height=\"768\" src=\"https:\/\/blogsaverroes.juntadeandalucia.es\/ceiplaslomas\/files\/2023\/11\/IMG_20231124_110049-1024x768.jpg\" class=\"attachment-large size-large\" alt=\"\" srcset=\"https:\/\/blogsaverroes.juntadeandalucia.es\/ceiplaslomas\/files\/2023\/11\/IMG_20231124_110049-1024x768.jpg 1024w, https:\/\/blogsaverroes.juntadeandalucia.es\/ceiplaslomas\/files\/2023\/11\/IMG_20231124_110049-300x225.jpg 300w, https:\/\/blogsaverroes.juntadeandalucia.es\/ceiplaslomas\/files\/2023\/11\/IMG_20231124_110049-768x576.jpg 768w, https:\/\/blogsaverroes.juntadeandalucia.es\/ceiplaslomas\/files\/2023\/11\/IMG_20231124_110049-1536x1152.jpg 1536w, https:\/\/blogsaverroes.juntadeandalucia.es\/ceiplaslomas\/files\/2023\/11\/IMG_20231124_110049-2048x1536.jpg 2048w, https:\/\/blogsaverroes.juntadeandalucia.es\/ceiplaslomas\/files\/2023\/11\/IMG_20231124_110049-scaled.jpg 1600w\" sizes=\"(max-width: 1024px) 100vw, 1024px\" \/><\/a>\n\t\t\t<\/dt><\/dl><br style=\"clear: both\" \/>\n\t\t<\/div>\n\n<p><a href=\"https:\/\/blogsaverroes.juntadeandalucia.es\/ceiplaslomas\/files\/2023\/11\/20240409_104213-scaled.jpg\"><img loading=\"lazy\" decoding=\"async\" class=\"aligncenter wp-image-17486 size-large\" src=\"https:\/\/blogsaverroes.juntadeandalucia.es\/ceiplaslomas\/files\/2023\/11\/20240409_104213-1024x485.jpg\" alt=\"\" width=\"1024\" height=\"485\" srcset=\"https:\/\/blogsaverroes.juntadeandalucia.es\/ceiplaslomas\/files\/2023\/11\/20240409_104213-1024x485.jpg 1024w, https:\/\/blogsaverroes.juntadeandalucia.es\/ceiplaslomas\/files\/2023\/11\/20240409_104213-300x142.jpg 300w, https:\/\/blogsaverroes.juntadeandalucia.es\/ceiplaslomas\/files\/2023\/11\/20240409_104213-768x364.jpg 768w, https:\/\/blogsaverroes.juntadeandalucia.es\/ceiplaslomas\/files\/2023\/11\/20240409_104213-1536x728.jpg 1536w, https:\/\/blogsaverroes.juntadeandalucia.es\/ceiplaslomas\/files\/2023\/11\/20240409_104213-2048x971.jpg 2048w, https:\/\/blogsaverroes.juntadeandalucia.es\/ceiplaslomas\/files\/2023\/11\/20240409_104213-520x245.jpg 520w, https:\/\/blogsaverroes.juntadeandalucia.es\/ceiplaslomas\/files\/2023\/11\/20240409_104213-720x340.jpg 720w, https:\/\/blogsaverroes.juntadeandalucia.es\/ceiplaslomas\/files\/2023\/11\/20240409_104213-scaled.jpg 1600w\" sizes=\"(max-width: 1024px) 100vw, 1024px\" \/><\/a><\/p>\n","protected":false},"excerpt":{"rendered":"<p>El d\u00eda 25 N, se celebra el&nbsp;D\u00eda Internacional de la Eliminaci\u00f3n de la Violencia contra la Mujer. &nbsp;M\u00e1s que una celebraci\u00f3n, es una llamada de atenci\u00f3n a toda la sociedad para que no miremos&#46;&#46;&#46;<\/p>\n","protected":false},"author":5742,"featured_media":16922,"comment_status":"closed","ping_status":"closed","sticky":false,"template":"","format":"standard","meta":{"ngg_post_thumbnail":0,"footnotes":""},"categories":[1903614,526,20003],"tags":[],"aioseo_notices":[],"_links":{"self":[{"href":"https:\/\/blogsaverroes.juntadeandalucia.es\/ceiplaslomas\/wp-json\/wp\/v2\/posts\/16918"}],"collection":[{"href":"https:\/\/blogsaverroes.juntadeandalucia.es\/ceiplaslomas\/wp-json\/wp\/v2\/posts"}],"about":[{"href":"https:\/\/blogsaverroes.juntadeandalucia.es\/ceiplaslomas\/wp-json\/wp\/v2\/types\/post"}],"author":[{"embeddable":true,"href":"https:\/\/blogsaverroes.juntadeandalucia.es\/ceiplaslomas\/wp-json\/wp\/v2\/users\/5742"}],"replies":[{"embeddable":true,"href":"https:\/\/blogsaverroes.juntadeandalucia.es\/ceiplaslomas\/wp-json\/wp\/v2\/comments?post=16918"}],"version-history":[{"count":6,"href":"https:\/\/blogsaverroes.juntadeandalucia.es\/ceiplaslomas\/wp-json\/wp\/v2\/posts\/16918\/revisions"}],"predecessor-version":[{"id":17487,"href":"https:\/\/blogsaverroes.juntadeandalucia.es\/ceiplaslomas\/wp-json\/wp\/v2\/posts\/16918\/revisions\/17487"}],"wp:featuredmedia":[{"embeddable":true,"href":"https:\/\/blogsaverroes.juntadeandalucia.es\/ceiplaslomas\/wp-json\/wp\/v2\/media\/16922"}],"wp:attachment":[{"href":"https:\/\/blogsaverroes.juntadeandalucia.es\/ceiplaslomas\/wp-json\/wp\/v2\/media?parent=16918"}],"wp:term":[{"taxonomy":"category","embeddable":true,"href":"https:\/\/blogsaverroes.juntadeandalucia.es\/ceiplaslomas\/wp-json\/wp\/v2\/categories?post=16918"},{"taxonomy":"post_tag","embeddable":true,"href":"https:\/\/blogsaverroes.juntadeandalucia.es\/ceiplaslomas\/wp-json\/wp\/v2\/tags?post=16918"}],"curies":[{"name":"wp","href":"https:\/\/api.w.org\/{rel}","templated":true}]}}