{"id":17420,"date":"2024-03-25T11:24:00","date_gmt":"2024-03-25T11:24:00","guid":{"rendered":"https:\/\/blogsaverroes.juntadeandalucia.es\/ceiplaslomas\/?p=17420"},"modified":"2024-04-18T08:11:47","modified_gmt":"2024-04-18T08:11:47","slug":"la-primavera-y-los-mocos-de-las-plantas","status":"publish","type":"post","link":"https:\/\/blogsaverroes.juntadeandalucia.es\/ceiplaslomas\/2024\/03\/25\/la-primavera-y-los-mocos-de-las-plantas\/","title":{"rendered":"La primavera y los \u00abmocos\u00bb de las plantas."},"content":{"rendered":"<p style=\"text-align: justify\">La primavera y los \u00abmocos\u00bb de las plantas.<\/p>\n<p style=\"text-align: justify\">El alumnado de 3 a\u00f1os y sus familias han estado limpiando y reforestando el Jard\u00edn de Juanita cara a la llegada de la primavera. Abuelitas, madres y padres han disfrutado de una jornada muy especial junto a la infancia.<\/p>\n<p style=\"text-align: justify\">Agradecemos enormemente a la Concejal de Protecci\u00f3n del Medio Ambiente, zonas verdes, limpieza viaria y residuos s\u00f3lidos del Ayuntamiento de Roquetas de Mar su colaboraci\u00f3n con el colegio.<br \/>\nEn la jornada podamos algunas plantas de aloe vera que hab\u00edan crecido mucho y con ellas hicimos crema de aloe vera. Los peques dec\u00edan \u00a1las plantas tienen mocos!.<\/p>\n<p style=\"text-align: justify\">Los desechos los pusimos en nuestra compostera.<br \/>\nFue divertid\u00edsimo y muy motivador.<br \/>\nEconom\u00eda circular, medio ambiente, infancia y salud.<\/p>\n<div style=\"width: 848px;\" class=\"wp-video\"><!--[if lt IE 9]><script>document.createElement('video');<\/script><![endif]-->\n<video class=\"wp-video-shortcode\" id=\"video-17420-1\" width=\"848\" height=\"480\" preload=\"metadata\" controls=\"controls\"><source type=\"video\/mp4\" src=\"https:\/\/blogsaverroes.juntadeandalucia.es\/ceiplaslomas\/files\/2024\/03\/VID-20240322-WA0024.mp4?_=1\" \/><a href=\"https:\/\/blogsaverroes.juntadeandalucia.es\/ceiplaslomas\/files\/2024\/03\/VID-20240322-WA0024.mp4\">https:\/\/blogsaverroes.juntadeandalucia.es\/ceiplaslomas\/files\/2024\/03\/VID-20240322-WA0024.mp4<\/a><\/video><\/div>\n\n\t\t<style>\n\t\t\t#gallery-1 {\n\t\t\t\tmargin: auto;\n\t\t\t}\n\t\t\t#gallery-1 .gallery-item {\n\t\t\t\tfloat: left;\n\t\t\t\tmargin-top: 10px;\n\t\t\t\ttext-align: center;\n\t\t\t\twidth: 50%;\n\t\t\t}\n\t\t\t#gallery-1 img {\n\t\t\t\tborder: 2px solid #cfcfcf;\n\t\t\t}\n\t\t\t#gallery-1 .gallery-caption {\n\t\t\t\tmargin-left: 0;\n\t\t\t}\n\t\t\t\/* see gallery_shortcode() in wp-includes\/media.php *\/\n\t\t<\/style>\n\t\t<div id='gallery-1' class='gallery galleryid-17420 gallery-columns-2 gallery-size-large'><dl class='gallery-item'>\n\t\t\t<dt class='gallery-icon landscape'>\n\t\t\t\t<a href='https:\/\/blogsaverroes.juntadeandalucia.es\/ceiplaslomas\/2024\/03\/25\/la-primavera-y-los-mocos-de-las-plantas\/img-20240322-wa0003\/'><img loading=\"lazy\" decoding=\"async\" width=\"1024\" height=\"768\" src=\"https:\/\/blogsaverroes.juntadeandalucia.es\/ceiplaslomas\/files\/2024\/03\/IMG-20240322-WA0003-1024x768.jpg\" class=\"attachment-large size-large\" alt=\"\" srcset=\"https:\/\/blogsaverroes.juntadeandalucia.es\/ceiplaslomas\/files\/2024\/03\/IMG-20240322-WA0003-1024x768.jpg 1024w, https:\/\/blogsaverroes.juntadeandalucia.es\/ceiplaslomas\/files\/2024\/03\/IMG-20240322-WA0003-300x225.jpg 300w, https:\/\/blogsaverroes.juntadeandalucia.es\/ceiplaslomas\/files\/2024\/03\/IMG-20240322-WA0003-768x576.jpg 768w, https:\/\/blogsaverroes.juntadeandalucia.es\/ceiplaslomas\/files\/2024\/03\/IMG-20240322-WA0003-1536x1152.jpg 1536w, https:\/\/blogsaverroes.juntadeandalucia.es\/ceiplaslomas\/files\/2024\/03\/IMG-20240322-WA0003.jpg 1600w\" sizes=\"(max-width: 1024px) 100vw, 1024px\" \/><\/a>\n\t\t\t<\/dt><\/dl><dl class='gallery-item'>\n\t\t\t<dt class='gallery-icon landscape'>\n\t\t\t\t<a href='https:\/\/blogsaverroes.juntadeandalucia.es\/ceiplaslomas\/2024\/03\/25\/la-primavera-y-los-mocos-de-las-plantas\/img-20240322-wa0005\/'><img loading=\"lazy\" decoding=\"async\" width=\"1024\" height=\"768\" src=\"https:\/\/blogsaverroes.juntadeandalucia.es\/ceiplaslomas\/files\/2024\/03\/IMG-20240322-WA0005-1024x768.jpg\" class=\"attachment-large size-large\" alt=\"\" srcset=\"https:\/\/blogsaverroes.juntadeandalucia.es\/ceiplaslomas\/files\/2024\/03\/IMG-20240322-WA0005-1024x768.jpg 1024w, https:\/\/blogsaverroes.juntadeandalucia.es\/ceiplaslomas\/files\/2024\/03\/IMG-20240322-WA0005-300x225.jpg 300w, https:\/\/blogsaverroes.juntadeandalucia.es\/ceiplaslomas\/files\/2024\/03\/IMG-20240322-WA0005-768x576.jpg 768w, https:\/\/blogsaverroes.juntadeandalucia.es\/ceiplaslomas\/files\/2024\/03\/IMG-20240322-WA0005-1536x1152.jpg 1536w, https:\/\/blogsaverroes.juntadeandalucia.es\/ceiplaslomas\/files\/2024\/03\/IMG-20240322-WA0005.jpg 1600w\" sizes=\"(max-width: 1024px) 100vw, 1024px\" \/><\/a>\n\t\t\t<\/dt><\/dl><br style=\"clear: both\" \/><dl class='gallery-item'>\n\t\t\t<dt class='gallery-icon landscape'>\n\t\t\t\t<a href='https:\/\/blogsaverroes.juntadeandalucia.es\/ceiplaslomas\/2024\/03\/25\/la-primavera-y-los-mocos-de-las-plantas\/img-20240322-wa0007\/'><img loading=\"lazy\" decoding=\"async\" width=\"1024\" height=\"768\" src=\"https:\/\/blogsaverroes.juntadeandalucia.es\/ceiplaslomas\/files\/2024\/03\/IMG-20240322-WA0007-1024x768.jpg\" class=\"attachment-large size-large\" alt=\"\" srcset=\"https:\/\/blogsaverroes.juntadeandalucia.es\/ceiplaslomas\/files\/2024\/03\/IMG-20240322-WA0007-1024x768.jpg 1024w, https:\/\/blogsaverroes.juntadeandalucia.es\/ceiplaslomas\/files\/2024\/03\/IMG-20240322-WA0007-300x225.jpg 300w, https:\/\/blogsaverroes.juntadeandalucia.es\/ceiplaslomas\/files\/2024\/03\/IMG-20240322-WA0007-768x576.jpg 768w, https:\/\/blogsaverroes.juntadeandalucia.es\/ceiplaslomas\/files\/2024\/03\/IMG-20240322-WA0007-1536x1152.jpg 1536w, https:\/\/blogsaverroes.juntadeandalucia.es\/ceiplaslomas\/files\/2024\/03\/IMG-20240322-WA0007.jpg 1600w\" sizes=\"(max-width: 1024px) 100vw, 1024px\" \/><\/a>\n\t\t\t<\/dt><\/dl><dl class='gallery-item'>\n\t\t\t<dt class='gallery-icon landscape'>\n\t\t\t\t<a href='https:\/\/blogsaverroes.juntadeandalucia.es\/ceiplaslomas\/2024\/03\/25\/la-primavera-y-los-mocos-de-las-plantas\/img-20240322-wa0008\/'><img loading=\"lazy\" decoding=\"async\" width=\"1024\" height=\"768\" src=\"https:\/\/blogsaverroes.juntadeandalucia.es\/ceiplaslomas\/files\/2024\/03\/IMG-20240322-WA0008-1024x768.jpg\" class=\"attachment-large size-large\" alt=\"\" srcset=\"https:\/\/blogsaverroes.juntadeandalucia.es\/ceiplaslomas\/files\/2024\/03\/IMG-20240322-WA0008-1024x768.jpg 1024w, https:\/\/blogsaverroes.juntadeandalucia.es\/ceiplaslomas\/files\/2024\/03\/IMG-20240322-WA0008-300x225.jpg 300w, https:\/\/blogsaverroes.juntadeandalucia.es\/ceiplaslomas\/files\/2024\/03\/IMG-20240322-WA0008-768x576.jpg 768w, https:\/\/blogsaverroes.juntadeandalucia.es\/ceiplaslomas\/files\/2024\/03\/IMG-20240322-WA0008-1536x1152.jpg 1536w, https:\/\/blogsaverroes.juntadeandalucia.es\/ceiplaslomas\/files\/2024\/03\/IMG-20240322-WA0008.jpg 1600w\" sizes=\"(max-width: 1024px) 100vw, 1024px\" \/><\/a>\n\t\t\t<\/dt><\/dl><br style=\"clear: both\" \/><dl class='gallery-item'>\n\t\t\t<dt class='gallery-icon landscape'>\n\t\t\t\t<a href='https:\/\/blogsaverroes.juntadeandalucia.es\/ceiplaslomas\/2024\/03\/25\/la-primavera-y-los-mocos-de-las-plantas\/img-20240322-wa0009\/'><img loading=\"lazy\" decoding=\"async\" width=\"1024\" height=\"768\" src=\"https:\/\/blogsaverroes.juntadeandalucia.es\/ceiplaslomas\/files\/2024\/03\/IMG-20240322-WA0009-1024x768.jpg\" class=\"attachment-large size-large\" alt=\"\" srcset=\"https:\/\/blogsaverroes.juntadeandalucia.es\/ceiplaslomas\/files\/2024\/03\/IMG-20240322-WA0009-1024x768.jpg 1024w, https:\/\/blogsaverroes.juntadeandalucia.es\/ceiplaslomas\/files\/2024\/03\/IMG-20240322-WA0009-300x225.jpg 300w, https:\/\/blogsaverroes.juntadeandalucia.es\/ceiplaslomas\/files\/2024\/03\/IMG-20240322-WA0009-768x576.jpg 768w, https:\/\/blogsaverroes.juntadeandalucia.es\/ceiplaslomas\/files\/2024\/03\/IMG-20240322-WA0009-1536x1152.jpg 1536w, https:\/\/blogsaverroes.juntadeandalucia.es\/ceiplaslomas\/files\/2024\/03\/IMG-20240322-WA0009.jpg 1600w\" sizes=\"(max-width: 1024px) 100vw, 1024px\" \/><\/a>\n\t\t\t<\/dt><\/dl><dl class='gallery-item'>\n\t\t\t<dt class='gallery-icon landscape'>\n\t\t\t\t<a href='https:\/\/blogsaverroes.juntadeandalucia.es\/ceiplaslomas\/2024\/03\/25\/la-primavera-y-los-mocos-de-las-plantas\/img-20240322-wa0010\/'><img loading=\"lazy\" decoding=\"async\" width=\"1024\" height=\"768\" src=\"https:\/\/blogsaverroes.juntadeandalucia.es\/ceiplaslomas\/files\/2024\/03\/IMG-20240322-WA0010-1024x768.jpg\" class=\"attachment-large size-large\" alt=\"\" srcset=\"https:\/\/blogsaverroes.juntadeandalucia.es\/ceiplaslomas\/files\/2024\/03\/IMG-20240322-WA0010-1024x768.jpg 1024w, https:\/\/blogsaverroes.juntadeandalucia.es\/ceiplaslomas\/files\/2024\/03\/IMG-20240322-WA0010-300x225.jpg 300w, https:\/\/blogsaverroes.juntadeandalucia.es\/ceiplaslomas\/files\/2024\/03\/IMG-20240322-WA0010-768x576.jpg 768w, https:\/\/blogsaverroes.juntadeandalucia.es\/ceiplaslomas\/files\/2024\/03\/IMG-20240322-WA0010-1536x1152.jpg 1536w, https:\/\/blogsaverroes.juntadeandalucia.es\/ceiplaslomas\/files\/2024\/03\/IMG-20240322-WA0010.jpg 1600w\" sizes=\"(max-width: 1024px) 100vw, 1024px\" \/><\/a>\n\t\t\t<\/dt><\/dl><br style=\"clear: both\" \/><dl class='gallery-item'>\n\t\t\t<dt class='gallery-icon landscape'>\n\t\t\t\t<a href='https:\/\/blogsaverroes.juntadeandalucia.es\/ceiplaslomas\/2024\/03\/25\/la-primavera-y-los-mocos-de-las-plantas\/img-20240322-wa0011\/'><img loading=\"lazy\" decoding=\"async\" width=\"1024\" height=\"768\" src=\"https:\/\/blogsaverroes.juntadeandalucia.es\/ceiplaslomas\/files\/2024\/03\/IMG-20240322-WA0011-1024x768.jpg\" class=\"attachment-large size-large\" alt=\"\" srcset=\"https:\/\/blogsaverroes.juntadeandalucia.es\/ceiplaslomas\/files\/2024\/03\/IMG-20240322-WA0011-1024x768.jpg 1024w, https:\/\/blogsaverroes.juntadeandalucia.es\/ceiplaslomas\/files\/2024\/03\/IMG-20240322-WA0011-300x225.jpg 300w, https:\/\/blogsaverroes.juntadeandalucia.es\/ceiplaslomas\/files\/2024\/03\/IMG-20240322-WA0011-768x576.jpg 768w, https:\/\/blogsaverroes.juntadeandalucia.es\/ceiplaslomas\/files\/2024\/03\/IMG-20240322-WA0011-1536x1152.jpg 1536w, https:\/\/blogsaverroes.juntadeandalucia.es\/ceiplaslomas\/files\/2024\/03\/IMG-20240322-WA0011.jpg 1600w\" sizes=\"(max-width: 1024px) 100vw, 1024px\" \/><\/a>\n\t\t\t<\/dt><\/dl><dl class='gallery-item'>\n\t\t\t<dt class='gallery-icon landscape'>\n\t\t\t\t<a href='https:\/\/blogsaverroes.juntadeandalucia.es\/ceiplaslomas\/2024\/03\/25\/la-primavera-y-los-mocos-de-las-plantas\/img-20240322-wa0012\/'><img loading=\"lazy\" decoding=\"async\" width=\"1024\" height=\"768\" src=\"https:\/\/blogsaverroes.juntadeandalucia.es\/ceiplaslomas\/files\/2024\/03\/IMG-20240322-WA0012-1024x768.jpg\" class=\"attachment-large size-large\" alt=\"\" srcset=\"https:\/\/blogsaverroes.juntadeandalucia.es\/ceiplaslomas\/files\/2024\/03\/IMG-20240322-WA0012-1024x768.jpg 1024w, https:\/\/blogsaverroes.juntadeandalucia.es\/ceiplaslomas\/files\/2024\/03\/IMG-20240322-WA0012-300x225.jpg 300w, https:\/\/blogsaverroes.juntadeandalucia.es\/ceiplaslomas\/files\/2024\/03\/IMG-20240322-WA0012-768x576.jpg 768w, https:\/\/blogsaverroes.juntadeandalucia.es\/ceiplaslomas\/files\/2024\/03\/IMG-20240322-WA0012-1536x1152.jpg 1536w, https:\/\/blogsaverroes.juntadeandalucia.es\/ceiplaslomas\/files\/2024\/03\/IMG-20240322-WA0012.jpg 1600w\" sizes=\"(max-width: 1024px) 100vw, 1024px\" \/><\/a>\n\t\t\t<\/dt><\/dl><br style=\"clear: both\" \/><dl class='gallery-item'>\n\t\t\t<dt class='gallery-icon landscape'>\n\t\t\t\t<a href='https:\/\/blogsaverroes.juntadeandalucia.es\/ceiplaslomas\/2024\/03\/25\/la-primavera-y-los-mocos-de-las-plantas\/img-20240322-wa0013\/'><img loading=\"lazy\" decoding=\"async\" width=\"1024\" height=\"768\" src=\"https:\/\/blogsaverroes.juntadeandalucia.es\/ceiplaslomas\/files\/2024\/03\/IMG-20240322-WA0013-1024x768.jpg\" class=\"attachment-large size-large\" alt=\"\" srcset=\"https:\/\/blogsaverroes.juntadeandalucia.es\/ceiplaslomas\/files\/2024\/03\/IMG-20240322-WA0013-1024x768.jpg 1024w, https:\/\/blogsaverroes.juntadeandalucia.es\/ceiplaslomas\/files\/2024\/03\/IMG-20240322-WA0013-300x225.jpg 300w, https:\/\/blogsaverroes.juntadeandalucia.es\/ceiplaslomas\/files\/2024\/03\/IMG-20240322-WA0013-768x576.jpg 768w, https:\/\/blogsaverroes.juntadeandalucia.es\/ceiplaslomas\/files\/2024\/03\/IMG-20240322-WA0013-1536x1152.jpg 1536w, https:\/\/blogsaverroes.juntadeandalucia.es\/ceiplaslomas\/files\/2024\/03\/IMG-20240322-WA0013.jpg 1600w\" sizes=\"(max-width: 1024px) 100vw, 1024px\" \/><\/a>\n\t\t\t<\/dt><\/dl><dl class='gallery-item'>\n\t\t\t<dt class='gallery-icon landscape'>\n\t\t\t\t<a href='https:\/\/blogsaverroes.juntadeandalucia.es\/ceiplaslomas\/2024\/03\/25\/la-primavera-y-los-mocos-de-las-plantas\/img-20240322-wa0014\/'><img loading=\"lazy\" decoding=\"async\" width=\"1024\" height=\"768\" src=\"https:\/\/blogsaverroes.juntadeandalucia.es\/ceiplaslomas\/files\/2024\/03\/IMG-20240322-WA0014-1024x768.jpg\" class=\"attachment-large size-large\" alt=\"\" srcset=\"https:\/\/blogsaverroes.juntadeandalucia.es\/ceiplaslomas\/files\/2024\/03\/IMG-20240322-WA0014-1024x768.jpg 1024w, https:\/\/blogsaverroes.juntadeandalucia.es\/ceiplaslomas\/files\/2024\/03\/IMG-20240322-WA0014-300x225.jpg 300w, https:\/\/blogsaverroes.juntadeandalucia.es\/ceiplaslomas\/files\/2024\/03\/IMG-20240322-WA0014-768x576.jpg 768w, https:\/\/blogsaverroes.juntadeandalucia.es\/ceiplaslomas\/files\/2024\/03\/IMG-20240322-WA0014-1536x1152.jpg 1536w, https:\/\/blogsaverroes.juntadeandalucia.es\/ceiplaslomas\/files\/2024\/03\/IMG-20240322-WA0014.jpg 1600w\" sizes=\"(max-width: 1024px) 100vw, 1024px\" \/><\/a>\n\t\t\t<\/dt><\/dl><br style=\"clear: both\" \/><dl class='gallery-item'>\n\t\t\t<dt class='gallery-icon landscape'>\n\t\t\t\t<a href='https:\/\/blogsaverroes.juntadeandalucia.es\/ceiplaslomas\/2024\/03\/25\/la-primavera-y-los-mocos-de-las-plantas\/img-20240322-wa0021\/'><img loading=\"lazy\" decoding=\"async\" width=\"1024\" height=\"768\" src=\"https:\/\/blogsaverroes.juntadeandalucia.es\/ceiplaslomas\/files\/2024\/03\/IMG-20240322-WA0021-1024x768.jpg\" class=\"attachment-large size-large\" alt=\"\" srcset=\"https:\/\/blogsaverroes.juntadeandalucia.es\/ceiplaslomas\/files\/2024\/03\/IMG-20240322-WA0021-1024x768.jpg 1024w, https:\/\/blogsaverroes.juntadeandalucia.es\/ceiplaslomas\/files\/2024\/03\/IMG-20240322-WA0021-300x225.jpg 300w, https:\/\/blogsaverroes.juntadeandalucia.es\/ceiplaslomas\/files\/2024\/03\/IMG-20240322-WA0021-768x576.jpg 768w, https:\/\/blogsaverroes.juntadeandalucia.es\/ceiplaslomas\/files\/2024\/03\/IMG-20240322-WA0021-1536x1152.jpg 1536w, https:\/\/blogsaverroes.juntadeandalucia.es\/ceiplaslomas\/files\/2024\/03\/IMG-20240322-WA0021.jpg 1600w\" sizes=\"(max-width: 1024px) 100vw, 1024px\" \/><\/a>\n\t\t\t<\/dt><\/dl><dl class='gallery-item'>\n\t\t\t<dt class='gallery-icon landscape'>\n\t\t\t\t<a href='https:\/\/blogsaverroes.juntadeandalucia.es\/ceiplaslomas\/2024\/03\/25\/la-primavera-y-los-mocos-de-las-plantas\/img-20240322-wa0022\/'><img loading=\"lazy\" decoding=\"async\" width=\"1024\" height=\"768\" src=\"https:\/\/blogsaverroes.juntadeandalucia.es\/ceiplaslomas\/files\/2024\/03\/IMG-20240322-WA0022-1024x768.jpg\" class=\"attachment-large size-large\" alt=\"\" srcset=\"https:\/\/blogsaverroes.juntadeandalucia.es\/ceiplaslomas\/files\/2024\/03\/IMG-20240322-WA0022-1024x768.jpg 1024w, https:\/\/blogsaverroes.juntadeandalucia.es\/ceiplaslomas\/files\/2024\/03\/IMG-20240322-WA0022-300x225.jpg 300w, https:\/\/blogsaverroes.juntadeandalucia.es\/ceiplaslomas\/files\/2024\/03\/IMG-20240322-WA0022-768x576.jpg 768w, https:\/\/blogsaverroes.juntadeandalucia.es\/ceiplaslomas\/files\/2024\/03\/IMG-20240322-WA0022-1536x1152.jpg 1536w, https:\/\/blogsaverroes.juntadeandalucia.es\/ceiplaslomas\/files\/2024\/03\/IMG-20240322-WA0022.jpg 1600w\" sizes=\"(max-width: 1024px) 100vw, 1024px\" \/><\/a>\n\t\t\t<\/dt><\/dl><br style=\"clear: both\" \/><dl class='gallery-item'>\n\t\t\t<dt class='gallery-icon landscape'>\n\t\t\t\t<a href='https:\/\/blogsaverroes.juntadeandalucia.es\/ceiplaslomas\/2024\/03\/25\/la-primavera-y-los-mocos-de-las-plantas\/img-20240322-wa0015\/'><img loading=\"lazy\" decoding=\"async\" width=\"1024\" height=\"768\" src=\"https:\/\/blogsaverroes.juntadeandalucia.es\/ceiplaslomas\/files\/2024\/03\/IMG-20240322-WA0015-1024x768.jpg\" class=\"attachment-large size-large\" alt=\"\" srcset=\"https:\/\/blogsaverroes.juntadeandalucia.es\/ceiplaslomas\/files\/2024\/03\/IMG-20240322-WA0015-1024x768.jpg 1024w, https:\/\/blogsaverroes.juntadeandalucia.es\/ceiplaslomas\/files\/2024\/03\/IMG-20240322-WA0015-300x225.jpg 300w, https:\/\/blogsaverroes.juntadeandalucia.es\/ceiplaslomas\/files\/2024\/03\/IMG-20240322-WA0015-768x576.jpg 768w, https:\/\/blogsaverroes.juntadeandalucia.es\/ceiplaslomas\/files\/2024\/03\/IMG-20240322-WA0015-1536x1152.jpg 1536w, https:\/\/blogsaverroes.juntadeandalucia.es\/ceiplaslomas\/files\/2024\/03\/IMG-20240322-WA0015.jpg 1600w\" sizes=\"(max-width: 1024px) 100vw, 1024px\" \/><\/a>\n\t\t\t<\/dt><\/dl><dl class='gallery-item'>\n\t\t\t<dt class='gallery-icon landscape'>\n\t\t\t\t<a href='https:\/\/blogsaverroes.juntadeandalucia.es\/ceiplaslomas\/2024\/03\/25\/la-primavera-y-los-mocos-de-las-plantas\/img-20240322-wa0016\/'><img loading=\"lazy\" decoding=\"async\" width=\"1024\" height=\"768\" src=\"https:\/\/blogsaverroes.juntadeandalucia.es\/ceiplaslomas\/files\/2024\/03\/IMG-20240322-WA0016-1024x768.jpg\" class=\"attachment-large size-large\" alt=\"\" srcset=\"https:\/\/blogsaverroes.juntadeandalucia.es\/ceiplaslomas\/files\/2024\/03\/IMG-20240322-WA0016-1024x768.jpg 1024w, https:\/\/blogsaverroes.juntadeandalucia.es\/ceiplaslomas\/files\/2024\/03\/IMG-20240322-WA0016-300x225.jpg 300w, https:\/\/blogsaverroes.juntadeandalucia.es\/ceiplaslomas\/files\/2024\/03\/IMG-20240322-WA0016-768x576.jpg 768w, https:\/\/blogsaverroes.juntadeandalucia.es\/ceiplaslomas\/files\/2024\/03\/IMG-20240322-WA0016-1536x1152.jpg 1536w, https:\/\/blogsaverroes.juntadeandalucia.es\/ceiplaslomas\/files\/2024\/03\/IMG-20240322-WA0016.jpg 1600w\" sizes=\"(max-width: 1024px) 100vw, 1024px\" \/><\/a>\n\t\t\t<\/dt><\/dl><br style=\"clear: both\" \/><dl class='gallery-item'>\n\t\t\t<dt class='gallery-icon landscape'>\n\t\t\t\t<a href='https:\/\/blogsaverroes.juntadeandalucia.es\/ceiplaslomas\/2024\/03\/25\/la-primavera-y-los-mocos-de-las-plantas\/img-20240322-wa0017\/'><img loading=\"lazy\" decoding=\"async\" width=\"1024\" height=\"768\" src=\"https:\/\/blogsaverroes.juntadeandalucia.es\/ceiplaslomas\/files\/2024\/03\/IMG-20240322-WA0017-1024x768.jpg\" class=\"attachment-large size-large\" alt=\"\" srcset=\"https:\/\/blogsaverroes.juntadeandalucia.es\/ceiplaslomas\/files\/2024\/03\/IMG-20240322-WA0017-1024x768.jpg 1024w, https:\/\/blogsaverroes.juntadeandalucia.es\/ceiplaslomas\/files\/2024\/03\/IMG-20240322-WA0017-300x225.jpg 300w, https:\/\/blogsaverroes.juntadeandalucia.es\/ceiplaslomas\/files\/2024\/03\/IMG-20240322-WA0017-768x576.jpg 768w, https:\/\/blogsaverroes.juntadeandalucia.es\/ceiplaslomas\/files\/2024\/03\/IMG-20240322-WA0017-1536x1152.jpg 1536w, https:\/\/blogsaverroes.juntadeandalucia.es\/ceiplaslomas\/files\/2024\/03\/IMG-20240322-WA0017.jpg 1600w\" sizes=\"(max-width: 1024px) 100vw, 1024px\" \/><\/a>\n\t\t\t<\/dt><\/dl><dl class='gallery-item'>\n\t\t\t<dt class='gallery-icon landscape'>\n\t\t\t\t<a href='https:\/\/blogsaverroes.juntadeandalucia.es\/ceiplaslomas\/2024\/03\/25\/la-primavera-y-los-mocos-de-las-plantas\/img-20240322-wa0018\/'><img loading=\"lazy\" decoding=\"async\" width=\"1024\" height=\"768\" src=\"https:\/\/blogsaverroes.juntadeandalucia.es\/ceiplaslomas\/files\/2024\/03\/IMG-20240322-WA0018-1024x768.jpg\" class=\"attachment-large size-large\" alt=\"\" srcset=\"https:\/\/blogsaverroes.juntadeandalucia.es\/ceiplaslomas\/files\/2024\/03\/IMG-20240322-WA0018-1024x768.jpg 1024w, https:\/\/blogsaverroes.juntadeandalucia.es\/ceiplaslomas\/files\/2024\/03\/IMG-20240322-WA0018-300x225.jpg 300w, https:\/\/blogsaverroes.juntadeandalucia.es\/ceiplaslomas\/files\/2024\/03\/IMG-20240322-WA0018-768x576.jpg 768w, https:\/\/blogsaverroes.juntadeandalucia.es\/ceiplaslomas\/files\/2024\/03\/IMG-20240322-WA0018-1536x1152.jpg 1536w, https:\/\/blogsaverroes.juntadeandalucia.es\/ceiplaslomas\/files\/2024\/03\/IMG-20240322-WA0018.jpg 1600w\" sizes=\"(max-width: 1024px) 100vw, 1024px\" \/><\/a>\n\t\t\t<\/dt><\/dl><br style=\"clear: both\" \/><dl class='gallery-item'>\n\t\t\t<dt class='gallery-icon landscape'>\n\t\t\t\t<a href='https:\/\/blogsaverroes.juntadeandalucia.es\/ceiplaslomas\/2024\/03\/25\/la-primavera-y-los-mocos-de-las-plantas\/img-20240322-wa0023\/'><img loading=\"lazy\" decoding=\"async\" width=\"1024\" height=\"768\" src=\"https:\/\/blogsaverroes.juntadeandalucia.es\/ceiplaslomas\/files\/2024\/03\/IMG-20240322-WA0023-1024x768.jpg\" class=\"attachment-large size-large\" alt=\"\" srcset=\"https:\/\/blogsaverroes.juntadeandalucia.es\/ceiplaslomas\/files\/2024\/03\/IMG-20240322-WA0023-1024x768.jpg 1024w, https:\/\/blogsaverroes.juntadeandalucia.es\/ceiplaslomas\/files\/2024\/03\/IMG-20240322-WA0023-300x225.jpg 300w, https:\/\/blogsaverroes.juntadeandalucia.es\/ceiplaslomas\/files\/2024\/03\/IMG-20240322-WA0023-768x576.jpg 768w, https:\/\/blogsaverroes.juntadeandalucia.es\/ceiplaslomas\/files\/2024\/03\/IMG-20240322-WA0023-1536x1152.jpg 1536w, https:\/\/blogsaverroes.juntadeandalucia.es\/ceiplaslomas\/files\/2024\/03\/IMG-20240322-WA0023.jpg 1600w\" sizes=\"(max-width: 1024px) 100vw, 1024px\" \/><\/a>\n\t\t\t<\/dt><\/dl><dl class='gallery-item'>\n\t\t\t<dt class='gallery-icon landscape'>\n\t\t\t\t<a href='https:\/\/blogsaverroes.juntadeandalucia.es\/ceiplaslomas\/2024\/03\/25\/la-primavera-y-los-mocos-de-las-plantas\/img-20240322-wa0020\/'><img loading=\"lazy\" decoding=\"async\" width=\"1024\" height=\"768\" src=\"https:\/\/blogsaverroes.juntadeandalucia.es\/ceiplaslomas\/files\/2024\/03\/IMG-20240322-WA0020-1024x768.jpg\" class=\"attachment-large size-large\" alt=\"\" srcset=\"https:\/\/blogsaverroes.juntadeandalucia.es\/ceiplaslomas\/files\/2024\/03\/IMG-20240322-WA0020-1024x768.jpg 1024w, https:\/\/blogsaverroes.juntadeandalucia.es\/ceiplaslomas\/files\/2024\/03\/IMG-20240322-WA0020-300x225.jpg 300w, https:\/\/blogsaverroes.juntadeandalucia.es\/ceiplaslomas\/files\/2024\/03\/IMG-20240322-WA0020-768x576.jpg 768w, https:\/\/blogsaverroes.juntadeandalucia.es\/ceiplaslomas\/files\/2024\/03\/IMG-20240322-WA0020-1536x1152.jpg 1536w, https:\/\/blogsaverroes.juntadeandalucia.es\/ceiplaslomas\/files\/2024\/03\/IMG-20240322-WA0020.jpg 1600w\" sizes=\"(max-width: 1024px) 100vw, 1024px\" \/><\/a>\n\t\t\t<\/dt><\/dl><br style=\"clear: both\" \/><dl class='gallery-item'>\n\t\t\t<dt class='gallery-icon portrait'>\n\t\t\t\t<a href='https:\/\/blogsaverroes.juntadeandalucia.es\/ceiplaslomas\/2024\/03\/25\/la-primavera-y-los-mocos-de-las-plantas\/img-20240322-wa0019\/'><img loading=\"lazy\" decoding=\"async\" width=\"768\" height=\"1024\" src=\"https:\/\/blogsaverroes.juntadeandalucia.es\/ceiplaslomas\/files\/2024\/03\/IMG-20240322-WA0019-768x1024.jpg\" class=\"attachment-large size-large\" alt=\"\" srcset=\"https:\/\/blogsaverroes.juntadeandalucia.es\/ceiplaslomas\/files\/2024\/03\/IMG-20240322-WA0019-768x1024.jpg 768w, https:\/\/blogsaverroes.juntadeandalucia.es\/ceiplaslomas\/files\/2024\/03\/IMG-20240322-WA0019-225x300.jpg 225w, https:\/\/blogsaverroes.juntadeandalucia.es\/ceiplaslomas\/files\/2024\/03\/IMG-20240322-WA0019-1152x1536.jpg 1152w, https:\/\/blogsaverroes.juntadeandalucia.es\/ceiplaslomas\/files\/2024\/03\/IMG-20240322-WA0019.jpg 1200w\" sizes=\"(max-width: 768px) 100vw, 768px\" \/><\/a>\n\t\t\t<\/dt><\/dl><dl class='gallery-item'>\n\t\t\t<dt class='gallery-icon portrait'>\n\t\t\t\t<a href='https:\/\/blogsaverroes.juntadeandalucia.es\/ceiplaslomas\/2024\/03\/25\/la-primavera-y-los-mocos-de-las-plantas\/img-20240322-wa0004\/'><img loading=\"lazy\" decoding=\"async\" width=\"576\" height=\"1024\" src=\"https:\/\/blogsaverroes.juntadeandalucia.es\/ceiplaslomas\/files\/2024\/03\/IMG-20240322-WA0004-576x1024.jpg\" class=\"attachment-large size-large\" alt=\"\" srcset=\"https:\/\/blogsaverroes.juntadeandalucia.es\/ceiplaslomas\/files\/2024\/03\/IMG-20240322-WA0004-576x1024.jpg 576w, https:\/\/blogsaverroes.juntadeandalucia.es\/ceiplaslomas\/files\/2024\/03\/IMG-20240322-WA0004-169x300.jpg 169w, https:\/\/blogsaverroes.juntadeandalucia.es\/ceiplaslomas\/files\/2024\/03\/IMG-20240322-WA0004-768x1365.jpg 768w, https:\/\/blogsaverroes.juntadeandalucia.es\/ceiplaslomas\/files\/2024\/03\/IMG-20240322-WA0004-864x1536.jpg 864w, https:\/\/blogsaverroes.juntadeandalucia.es\/ceiplaslomas\/files\/2024\/03\/IMG-20240322-WA0004.jpg 900w\" sizes=\"(max-width: 576px) 100vw, 576px\" \/><\/a>\n\t\t\t<\/dt><\/dl><br style=\"clear: both\" \/><dl class='gallery-item'>\n\t\t\t<dt class='gallery-icon portrait'>\n\t\t\t\t<a href='https:\/\/blogsaverroes.juntadeandalucia.es\/ceiplaslomas\/2024\/03\/25\/la-primavera-y-los-mocos-de-las-plantas\/img-20240322-wa0006\/'><img loading=\"lazy\" decoding=\"async\" width=\"768\" height=\"1024\" src=\"https:\/\/blogsaverroes.juntadeandalucia.es\/ceiplaslomas\/files\/2024\/03\/IMG-20240322-WA0006-768x1024.jpg\" class=\"attachment-large size-large\" alt=\"\" srcset=\"https:\/\/blogsaverroes.juntadeandalucia.es\/ceiplaslomas\/files\/2024\/03\/IMG-20240322-WA0006-768x1024.jpg 768w, https:\/\/blogsaverroes.juntadeandalucia.es\/ceiplaslomas\/files\/2024\/03\/IMG-20240322-WA0006-225x300.jpg 225w, https:\/\/blogsaverroes.juntadeandalucia.es\/ceiplaslomas\/files\/2024\/03\/IMG-20240322-WA0006-1152x1536.jpg 1152w, https:\/\/blogsaverroes.juntadeandalucia.es\/ceiplaslomas\/files\/2024\/03\/IMG-20240322-WA0006.jpg 1200w\" sizes=\"(max-width: 768px) 100vw, 768px\" \/><\/a>\n\t\t\t<\/dt><\/dl>\n\t\t\t<br style='clear: both' \/>\n\t\t<\/div>\n\n","protected":false},"excerpt":{"rendered":"<p>La primavera y los \u00abmocos\u00bb de las plantas. El alumnado de 3 a\u00f1os y sus familias han estado limpiando y reforestando el Jard\u00edn de Juanita cara a la llegada de la primavera. Abuelitas, madres&#46;&#46;&#46;<\/p>\n","protected":false},"author":5742,"featured_media":17421,"comment_status":"closed","ping_status":"closed","sticky":false,"template":"","format":"standard","meta":{"ngg_post_thumbnail":0,"footnotes":""},"categories":[1903614,1386165,526],"tags":[],"aioseo_notices":[],"_links":{"self":[{"href":"https:\/\/blogsaverroes.juntadeandalucia.es\/ceiplaslomas\/wp-json\/wp\/v2\/posts\/17420"}],"collection":[{"href":"https:\/\/blogsaverroes.juntadeandalucia.es\/ceiplaslomas\/wp-json\/wp\/v2\/posts"}],"about":[{"href":"https:\/\/blogsaverroes.juntadeandalucia.es\/ceiplaslomas\/wp-json\/wp\/v2\/types\/post"}],"author":[{"embeddable":true,"href":"https:\/\/blogsaverroes.juntadeandalucia.es\/ceiplaslomas\/wp-json\/wp\/v2\/users\/5742"}],"replies":[{"embeddable":true,"href":"https:\/\/blogsaverroes.juntadeandalucia.es\/ceiplaslomas\/wp-json\/wp\/v2\/comments?post=17420"}],"version-history":[{"count":5,"href":"https:\/\/blogsaverroes.juntadeandalucia.es\/ceiplaslomas\/wp-json\/wp\/v2\/posts\/17420\/revisions"}],"predecessor-version":[{"id":17559,"href":"https:\/\/blogsaverroes.juntadeandalucia.es\/ceiplaslomas\/wp-json\/wp\/v2\/posts\/17420\/revisions\/17559"}],"wp:featuredmedia":[{"embeddable":true,"href":"https:\/\/blogsaverroes.juntadeandalucia.es\/ceiplaslomas\/wp-json\/wp\/v2\/media\/17421"}],"wp:attachment":[{"href":"https:\/\/blogsaverroes.juntadeandalucia.es\/ceiplaslomas\/wp-json\/wp\/v2\/media?parent=17420"}],"wp:term":[{"taxonomy":"category","embeddable":true,"href":"https:\/\/blogsaverroes.juntadeandalucia.es\/ceiplaslomas\/wp-json\/wp\/v2\/categories?post=17420"},{"taxonomy":"post_tag","embeddable":true,"href":"https:\/\/blogsaverroes.juntadeandalucia.es\/ceiplaslomas\/wp-json\/wp\/v2\/tags?post=17420"}],"curies":[{"name":"wp","href":"https:\/\/api.w.org\/{rel}","templated":true}]}}