{"id":17854,"date":"2024-05-23T17:34:11","date_gmt":"2024-05-23T17:34:11","guid":{"rendered":"https:\/\/blogsaverroes.juntadeandalucia.es\/ceiplaslomas\/?p=17854"},"modified":"2024-05-23T17:34:11","modified_gmt":"2024-05-23T17:34:11","slug":"nos-visitan-de-la-asociacion-asperger-de-almeria","status":"publish","type":"post","link":"https:\/\/blogsaverroes.juntadeandalucia.es\/ceiplaslomas\/2024\/05\/23\/nos-visitan-de-la-asociacion-asperger-de-almeria\/","title":{"rendered":"Nos visitan de la Asociaci\u00f3n Asperger de Almer\u00eda"},"content":{"rendered":"<div>\n<div>\n<p style=\"text-align: justify\">El pasado martes 21, el colegio Las Lomas tuvo el honor de recibir a alumnado de la Asociaci\u00f3n Asperger de Almer\u00eda. Esta visita se convirti\u00f3 en una jornada verdaderamente especial, donde la convivencia y la inclusi\u00f3n tomaron protagonismo en el Jard\u00edn de Juanita.<\/p>\n<\/div>\n<div>\n<p style=\"text-align: justify\">La jornada comenz\u00f3 con una c\u00e1lida bienvenida por parte de nuestro alumnado, quienes estaban emocionados por conocer y compartir experiencias con los visitantes. Las actividades planeadas en el Jard\u00edn de Juanita incluyeron una serie de din\u00e1micas de integraci\u00f3n que fomentaron la colaboraci\u00f3n y el entendimiento mutuo.&nbsp;<\/p>\n<\/div>\n<div>\n<p style=\"text-align: justify\">Queremos agradecer a la Asociaci\u00f3n Asperger de Almer\u00eda por su visita y por la oportunidad de enriquecernos mutuamente. Esta experiencia nos recuerda la importancia de la inclusi\u00f3n y el valor de compartir momentos que nos unifican como comunidad.<\/p>\n<p style=\"text-align: justify\">\u00a1Gracias por una jornada inolvidable en el Jard\u00edn de Juanita!<\/p>\n<p>Pr\u00f3ximamente nos volveremos a ver el el mercadillo solidario que celebraremos en el colegio el viernes 31 de mayo a beneficio de la Asociaci\u00f3n Asperger de Almer\u00eda y de nuestra AMPA La Goleta.<\/p>\n\n\t\t<style>\n\t\t\t#gallery-1 {\n\t\t\t\tmargin: auto;\n\t\t\t}\n\t\t\t#gallery-1 .gallery-item {\n\t\t\t\tfloat: left;\n\t\t\t\tmargin-top: 10px;\n\t\t\t\ttext-align: center;\n\t\t\t\twidth: 33%;\n\t\t\t}\n\t\t\t#gallery-1 img {\n\t\t\t\tborder: 2px solid #cfcfcf;\n\t\t\t}\n\t\t\t#gallery-1 .gallery-caption {\n\t\t\t\tmargin-left: 0;\n\t\t\t}\n\t\t\t\/* see gallery_shortcode() in wp-includes\/media.php *\/\n\t\t<\/style>\n\t\t<div id='gallery-1' class='gallery galleryid-17854 gallery-columns-3 gallery-size-large'><dl class='gallery-item'>\n\t\t\t<dt class='gallery-icon portrait'>\n\t\t\t\t<a href='https:\/\/blogsaverroes.juntadeandalucia.es\/ceiplaslomas\/2024\/05\/23\/nos-visitan-de-la-asociacion-asperger-de-almeria\/img-20240522-wa0002\/'><img loading=\"lazy\" decoding=\"async\" width=\"768\" height=\"1024\" src=\"https:\/\/blogsaverroes.juntadeandalucia.es\/ceiplaslomas\/files\/2024\/05\/IMG-20240522-WA0002-768x1024.jpg\" class=\"attachment-large size-large\" alt=\"\" srcset=\"https:\/\/blogsaverroes.juntadeandalucia.es\/ceiplaslomas\/files\/2024\/05\/IMG-20240522-WA0002-768x1024.jpg 768w, https:\/\/blogsaverroes.juntadeandalucia.es\/ceiplaslomas\/files\/2024\/05\/IMG-20240522-WA0002-225x300.jpg 225w, https:\/\/blogsaverroes.juntadeandalucia.es\/ceiplaslomas\/files\/2024\/05\/IMG-20240522-WA0002-1152x1536.jpg 1152w, https:\/\/blogsaverroes.juntadeandalucia.es\/ceiplaslomas\/files\/2024\/05\/IMG-20240522-WA0002.jpg 1200w\" sizes=\"(max-width: 768px) 100vw, 768px\" \/><\/a>\n\t\t\t<\/dt><\/dl><dl class='gallery-item'>\n\t\t\t<dt class='gallery-icon portrait'>\n\t\t\t\t<a href='https:\/\/blogsaverroes.juntadeandalucia.es\/ceiplaslomas\/2024\/05\/23\/nos-visitan-de-la-asociacion-asperger-de-almeria\/img-20240522-wa0003\/'><img loading=\"lazy\" decoding=\"async\" width=\"768\" height=\"1024\" src=\"https:\/\/blogsaverroes.juntadeandalucia.es\/ceiplaslomas\/files\/2024\/05\/IMG-20240522-WA0003-768x1024.jpg\" class=\"attachment-large size-large\" alt=\"\" srcset=\"https:\/\/blogsaverroes.juntadeandalucia.es\/ceiplaslomas\/files\/2024\/05\/IMG-20240522-WA0003-768x1024.jpg 768w, https:\/\/blogsaverroes.juntadeandalucia.es\/ceiplaslomas\/files\/2024\/05\/IMG-20240522-WA0003-225x300.jpg 225w, https:\/\/blogsaverroes.juntadeandalucia.es\/ceiplaslomas\/files\/2024\/05\/IMG-20240522-WA0003-1152x1536.jpg 1152w, https:\/\/blogsaverroes.juntadeandalucia.es\/ceiplaslomas\/files\/2024\/05\/IMG-20240522-WA0003.jpg 1200w\" sizes=\"(max-width: 768px) 100vw, 768px\" \/><\/a>\n\t\t\t<\/dt><\/dl><dl class='gallery-item'>\n\t\t\t<dt class='gallery-icon portrait'>\n\t\t\t\t<a href='https:\/\/blogsaverroes.juntadeandalucia.es\/ceiplaslomas\/2024\/05\/23\/nos-visitan-de-la-asociacion-asperger-de-almeria\/img-20240522-wa0004\/'><img loading=\"lazy\" decoding=\"async\" width=\"768\" height=\"1024\" src=\"https:\/\/blogsaverroes.juntadeandalucia.es\/ceiplaslomas\/files\/2024\/05\/IMG-20240522-WA0004-768x1024.jpg\" class=\"attachment-large size-large\" alt=\"\" srcset=\"https:\/\/blogsaverroes.juntadeandalucia.es\/ceiplaslomas\/files\/2024\/05\/IMG-20240522-WA0004-768x1024.jpg 768w, https:\/\/blogsaverroes.juntadeandalucia.es\/ceiplaslomas\/files\/2024\/05\/IMG-20240522-WA0004-225x300.jpg 225w, https:\/\/blogsaverroes.juntadeandalucia.es\/ceiplaslomas\/files\/2024\/05\/IMG-20240522-WA0004-1152x1536.jpg 1152w, https:\/\/blogsaverroes.juntadeandalucia.es\/ceiplaslomas\/files\/2024\/05\/IMG-20240522-WA0004.jpg 1200w\" sizes=\"(max-width: 768px) 100vw, 768px\" \/><\/a>\n\t\t\t<\/dt><\/dl><br style=\"clear: both\" \/><dl class='gallery-item'>\n\t\t\t<dt class='gallery-icon portrait'>\n\t\t\t\t<a href='https:\/\/blogsaverroes.juntadeandalucia.es\/ceiplaslomas\/2024\/05\/23\/nos-visitan-de-la-asociacion-asperger-de-almeria\/img-20240522-wa0005\/'><img loading=\"lazy\" decoding=\"async\" width=\"768\" height=\"1024\" src=\"https:\/\/blogsaverroes.juntadeandalucia.es\/ceiplaslomas\/files\/2024\/05\/IMG-20240522-WA0005-768x1024.jpg\" class=\"attachment-large size-large\" alt=\"\" srcset=\"https:\/\/blogsaverroes.juntadeandalucia.es\/ceiplaslomas\/files\/2024\/05\/IMG-20240522-WA0005-768x1024.jpg 768w, https:\/\/blogsaverroes.juntadeandalucia.es\/ceiplaslomas\/files\/2024\/05\/IMG-20240522-WA0005-225x300.jpg 225w, https:\/\/blogsaverroes.juntadeandalucia.es\/ceiplaslomas\/files\/2024\/05\/IMG-20240522-WA0005-1152x1536.jpg 1152w, https:\/\/blogsaverroes.juntadeandalucia.es\/ceiplaslomas\/files\/2024\/05\/IMG-20240522-WA0005.jpg 1200w\" sizes=\"(max-width: 768px) 100vw, 768px\" \/><\/a>\n\t\t\t<\/dt><\/dl><dl class='gallery-item'>\n\t\t\t<dt class='gallery-icon portrait'>\n\t\t\t\t<a href='https:\/\/blogsaverroes.juntadeandalucia.es\/ceiplaslomas\/2024\/05\/23\/nos-visitan-de-la-asociacion-asperger-de-almeria\/img-20240522-wa0006\/'><img loading=\"lazy\" decoding=\"async\" width=\"768\" height=\"1024\" src=\"https:\/\/blogsaverroes.juntadeandalucia.es\/ceiplaslomas\/files\/2024\/05\/IMG-20240522-WA0006-768x1024.jpg\" class=\"attachment-large size-large\" alt=\"\" srcset=\"https:\/\/blogsaverroes.juntadeandalucia.es\/ceiplaslomas\/files\/2024\/05\/IMG-20240522-WA0006-768x1024.jpg 768w, https:\/\/blogsaverroes.juntadeandalucia.es\/ceiplaslomas\/files\/2024\/05\/IMG-20240522-WA0006-225x300.jpg 225w, https:\/\/blogsaverroes.juntadeandalucia.es\/ceiplaslomas\/files\/2024\/05\/IMG-20240522-WA0006-1152x1536.jpg 1152w, https:\/\/blogsaverroes.juntadeandalucia.es\/ceiplaslomas\/files\/2024\/05\/IMG-20240522-WA0006.jpg 1200w\" sizes=\"(max-width: 768px) 100vw, 768px\" \/><\/a>\n\t\t\t<\/dt><\/dl><dl class='gallery-item'>\n\t\t\t<dt class='gallery-icon portrait'>\n\t\t\t\t<a href='https:\/\/blogsaverroes.juntadeandalucia.es\/ceiplaslomas\/2024\/05\/23\/nos-visitan-de-la-asociacion-asperger-de-almeria\/img-20240522-wa0007\/'><img loading=\"lazy\" decoding=\"async\" width=\"768\" height=\"1024\" src=\"https:\/\/blogsaverroes.juntadeandalucia.es\/ceiplaslomas\/files\/2024\/05\/IMG-20240522-WA0007-768x1024.jpg\" class=\"attachment-large size-large\" alt=\"\" srcset=\"https:\/\/blogsaverroes.juntadeandalucia.es\/ceiplaslomas\/files\/2024\/05\/IMG-20240522-WA0007-768x1024.jpg 768w, https:\/\/blogsaverroes.juntadeandalucia.es\/ceiplaslomas\/files\/2024\/05\/IMG-20240522-WA0007-225x300.jpg 225w, https:\/\/blogsaverroes.juntadeandalucia.es\/ceiplaslomas\/files\/2024\/05\/IMG-20240522-WA0007-1152x1536.jpg 1152w, https:\/\/blogsaverroes.juntadeandalucia.es\/ceiplaslomas\/files\/2024\/05\/IMG-20240522-WA0007.jpg 1200w\" sizes=\"(max-width: 768px) 100vw, 768px\" \/><\/a>\n\t\t\t<\/dt><\/dl><br style=\"clear: both\" \/><dl class='gallery-item'>\n\t\t\t<dt class='gallery-icon portrait'>\n\t\t\t\t<a href='https:\/\/blogsaverroes.juntadeandalucia.es\/ceiplaslomas\/2024\/05\/23\/nos-visitan-de-la-asociacion-asperger-de-almeria\/img-20240522-wa0008\/'><img loading=\"lazy\" decoding=\"async\" width=\"768\" height=\"1024\" src=\"https:\/\/blogsaverroes.juntadeandalucia.es\/ceiplaslomas\/files\/2024\/05\/IMG-20240522-WA0008-768x1024.jpg\" class=\"attachment-large size-large\" alt=\"\" srcset=\"https:\/\/blogsaverroes.juntadeandalucia.es\/ceiplaslomas\/files\/2024\/05\/IMG-20240522-WA0008-768x1024.jpg 768w, https:\/\/blogsaverroes.juntadeandalucia.es\/ceiplaslomas\/files\/2024\/05\/IMG-20240522-WA0008-225x300.jpg 225w, https:\/\/blogsaverroes.juntadeandalucia.es\/ceiplaslomas\/files\/2024\/05\/IMG-20240522-WA0008-1152x1536.jpg 1152w, https:\/\/blogsaverroes.juntadeandalucia.es\/ceiplaslomas\/files\/2024\/05\/IMG-20240522-WA0008.jpg 1200w\" sizes=\"(max-width: 768px) 100vw, 768px\" \/><\/a>\n\t\t\t<\/dt><\/dl><dl class='gallery-item'>\n\t\t\t<dt class='gallery-icon portrait'>\n\t\t\t\t<a href='https:\/\/blogsaverroes.juntadeandalucia.es\/ceiplaslomas\/2024\/05\/23\/nos-visitan-de-la-asociacion-asperger-de-almeria\/img-20240522-wa0009\/'><img loading=\"lazy\" decoding=\"async\" width=\"768\" height=\"1024\" src=\"https:\/\/blogsaverroes.juntadeandalucia.es\/ceiplaslomas\/files\/2024\/05\/IMG-20240522-WA0009-768x1024.jpg\" class=\"attachment-large size-large\" alt=\"\" srcset=\"https:\/\/blogsaverroes.juntadeandalucia.es\/ceiplaslomas\/files\/2024\/05\/IMG-20240522-WA0009-768x1024.jpg 768w, https:\/\/blogsaverroes.juntadeandalucia.es\/ceiplaslomas\/files\/2024\/05\/IMG-20240522-WA0009-225x300.jpg 225w, https:\/\/blogsaverroes.juntadeandalucia.es\/ceiplaslomas\/files\/2024\/05\/IMG-20240522-WA0009-1152x1536.jpg 1152w, https:\/\/blogsaverroes.juntadeandalucia.es\/ceiplaslomas\/files\/2024\/05\/IMG-20240522-WA0009.jpg 1200w\" sizes=\"(max-width: 768px) 100vw, 768px\" \/><\/a>\n\t\t\t<\/dt><\/dl><dl class='gallery-item'>\n\t\t\t<dt class='gallery-icon portrait'>\n\t\t\t\t<a href='https:\/\/blogsaverroes.juntadeandalucia.es\/ceiplaslomas\/2024\/05\/23\/nos-visitan-de-la-asociacion-asperger-de-almeria\/img-20240522-wa0010\/'><img loading=\"lazy\" decoding=\"async\" width=\"768\" height=\"1024\" src=\"https:\/\/blogsaverroes.juntadeandalucia.es\/ceiplaslomas\/files\/2024\/05\/IMG-20240522-WA0010-768x1024.jpg\" class=\"attachment-large size-large\" alt=\"\" srcset=\"https:\/\/blogsaverroes.juntadeandalucia.es\/ceiplaslomas\/files\/2024\/05\/IMG-20240522-WA0010-768x1024.jpg 768w, https:\/\/blogsaverroes.juntadeandalucia.es\/ceiplaslomas\/files\/2024\/05\/IMG-20240522-WA0010-225x300.jpg 225w, https:\/\/blogsaverroes.juntadeandalucia.es\/ceiplaslomas\/files\/2024\/05\/IMG-20240522-WA0010-1152x1536.jpg 1152w, https:\/\/blogsaverroes.juntadeandalucia.es\/ceiplaslomas\/files\/2024\/05\/IMG-20240522-WA0010.jpg 1200w\" sizes=\"(max-width: 768px) 100vw, 768px\" \/><\/a>\n\t\t\t<\/dt><\/dl><br style=\"clear: both\" \/><dl class='gallery-item'>\n\t\t\t<dt class='gallery-icon portrait'>\n\t\t\t\t<a href='https:\/\/blogsaverroes.juntadeandalucia.es\/ceiplaslomas\/2024\/05\/23\/nos-visitan-de-la-asociacion-asperger-de-almeria\/img-20240522-wa0011\/'><img loading=\"lazy\" decoding=\"async\" width=\"768\" height=\"1024\" src=\"https:\/\/blogsaverroes.juntadeandalucia.es\/ceiplaslomas\/files\/2024\/05\/IMG-20240522-WA0011-768x1024.jpg\" class=\"attachment-large size-large\" alt=\"\" srcset=\"https:\/\/blogsaverroes.juntadeandalucia.es\/ceiplaslomas\/files\/2024\/05\/IMG-20240522-WA0011-768x1024.jpg 768w, https:\/\/blogsaverroes.juntadeandalucia.es\/ceiplaslomas\/files\/2024\/05\/IMG-20240522-WA0011-225x300.jpg 225w, https:\/\/blogsaverroes.juntadeandalucia.es\/ceiplaslomas\/files\/2024\/05\/IMG-20240522-WA0011-1152x1536.jpg 1152w, https:\/\/blogsaverroes.juntadeandalucia.es\/ceiplaslomas\/files\/2024\/05\/IMG-20240522-WA0011.jpg 1200w\" sizes=\"(max-width: 768px) 100vw, 768px\" \/><\/a>\n\t\t\t<\/dt><\/dl><dl class='gallery-item'>\n\t\t\t<dt class='gallery-icon landscape'>\n\t\t\t\t<a href='https:\/\/blogsaverroes.juntadeandalucia.es\/ceiplaslomas\/2024\/05\/23\/nos-visitan-de-la-asociacion-asperger-de-almeria\/img-20240522-wa0012\/'><img loading=\"lazy\" decoding=\"async\" width=\"1024\" height=\"768\" src=\"https:\/\/blogsaverroes.juntadeandalucia.es\/ceiplaslomas\/files\/2024\/05\/IMG-20240522-WA0012-1024x768.jpg\" class=\"attachment-large size-large\" alt=\"\" srcset=\"https:\/\/blogsaverroes.juntadeandalucia.es\/ceiplaslomas\/files\/2024\/05\/IMG-20240522-WA0012-1024x768.jpg 1024w, https:\/\/blogsaverroes.juntadeandalucia.es\/ceiplaslomas\/files\/2024\/05\/IMG-20240522-WA0012-300x225.jpg 300w, https:\/\/blogsaverroes.juntadeandalucia.es\/ceiplaslomas\/files\/2024\/05\/IMG-20240522-WA0012-768x576.jpg 768w, https:\/\/blogsaverroes.juntadeandalucia.es\/ceiplaslomas\/files\/2024\/05\/IMG-20240522-WA0012-1536x1152.jpg 1536w, https:\/\/blogsaverroes.juntadeandalucia.es\/ceiplaslomas\/files\/2024\/05\/IMG-20240522-WA0012.jpg 1600w\" sizes=\"(max-width: 1024px) 100vw, 1024px\" \/><\/a>\n\t\t\t<\/dt><\/dl><dl class='gallery-item'>\n\t\t\t<dt class='gallery-icon landscape'>\n\t\t\t\t<a href='https:\/\/blogsaverroes.juntadeandalucia.es\/ceiplaslomas\/2024\/05\/23\/nos-visitan-de-la-asociacion-asperger-de-almeria\/img-20240522-wa0013\/'><img loading=\"lazy\" decoding=\"async\" width=\"1024\" height=\"768\" src=\"https:\/\/blogsaverroes.juntadeandalucia.es\/ceiplaslomas\/files\/2024\/05\/IMG-20240522-WA0013-1024x768.jpg\" class=\"attachment-large size-large\" alt=\"\" srcset=\"https:\/\/blogsaverroes.juntadeandalucia.es\/ceiplaslomas\/files\/2024\/05\/IMG-20240522-WA0013-1024x768.jpg 1024w, https:\/\/blogsaverroes.juntadeandalucia.es\/ceiplaslomas\/files\/2024\/05\/IMG-20240522-WA0013-300x225.jpg 300w, https:\/\/blogsaverroes.juntadeandalucia.es\/ceiplaslomas\/files\/2024\/05\/IMG-20240522-WA0013-768x576.jpg 768w, https:\/\/blogsaverroes.juntadeandalucia.es\/ceiplaslomas\/files\/2024\/05\/IMG-20240522-WA0013-1536x1152.jpg 1536w, https:\/\/blogsaverroes.juntadeandalucia.es\/ceiplaslomas\/files\/2024\/05\/IMG-20240522-WA0013.jpg 1600w\" sizes=\"(max-width: 1024px) 100vw, 1024px\" \/><\/a>\n\t\t\t<\/dt><\/dl><br style=\"clear: both\" \/><dl class='gallery-item'>\n\t\t\t<dt class='gallery-icon landscape'>\n\t\t\t\t<a href='https:\/\/blogsaverroes.juntadeandalucia.es\/ceiplaslomas\/2024\/05\/23\/nos-visitan-de-la-asociacion-asperger-de-almeria\/img-20240522-wa0015\/'><img loading=\"lazy\" decoding=\"async\" width=\"1024\" height=\"768\" src=\"https:\/\/blogsaverroes.juntadeandalucia.es\/ceiplaslomas\/files\/2024\/05\/IMG-20240522-WA0015-1024x768.jpg\" class=\"attachment-large size-large\" alt=\"\" srcset=\"https:\/\/blogsaverroes.juntadeandalucia.es\/ceiplaslomas\/files\/2024\/05\/IMG-20240522-WA0015-1024x768.jpg 1024w, https:\/\/blogsaverroes.juntadeandalucia.es\/ceiplaslomas\/files\/2024\/05\/IMG-20240522-WA0015-300x225.jpg 300w, https:\/\/blogsaverroes.juntadeandalucia.es\/ceiplaslomas\/files\/2024\/05\/IMG-20240522-WA0015-768x576.jpg 768w, https:\/\/blogsaverroes.juntadeandalucia.es\/ceiplaslomas\/files\/2024\/05\/IMG-20240522-WA0015-1536x1152.jpg 1536w, https:\/\/blogsaverroes.juntadeandalucia.es\/ceiplaslomas\/files\/2024\/05\/IMG-20240522-WA0015.jpg 2048w\" sizes=\"(max-width: 1024px) 100vw, 1024px\" \/><\/a>\n\t\t\t<\/dt><\/dl><dl class='gallery-item'>\n\t\t\t<dt class='gallery-icon landscape'>\n\t\t\t\t<a href='https:\/\/blogsaverroes.juntadeandalucia.es\/ceiplaslomas\/2024\/05\/23\/nos-visitan-de-la-asociacion-asperger-de-almeria\/img-20240522-wa0016\/'><img loading=\"lazy\" decoding=\"async\" width=\"1024\" height=\"768\" src=\"https:\/\/blogsaverroes.juntadeandalucia.es\/ceiplaslomas\/files\/2024\/05\/IMG-20240522-WA0016-1024x768.jpg\" class=\"attachment-large size-large\" alt=\"\" srcset=\"https:\/\/blogsaverroes.juntadeandalucia.es\/ceiplaslomas\/files\/2024\/05\/IMG-20240522-WA0016-1024x768.jpg 1024w, https:\/\/blogsaverroes.juntadeandalucia.es\/ceiplaslomas\/files\/2024\/05\/IMG-20240522-WA0016-300x225.jpg 300w, https:\/\/blogsaverroes.juntadeandalucia.es\/ceiplaslomas\/files\/2024\/05\/IMG-20240522-WA0016-768x576.jpg 768w, https:\/\/blogsaverroes.juntadeandalucia.es\/ceiplaslomas\/files\/2024\/05\/IMG-20240522-WA0016-1536x1152.jpg 1536w, https:\/\/blogsaverroes.juntadeandalucia.es\/ceiplaslomas\/files\/2024\/05\/IMG-20240522-WA0016.jpg 1600w\" sizes=\"(max-width: 1024px) 100vw, 1024px\" \/><\/a>\n\t\t\t<\/dt><\/dl><dl class='gallery-item'>\n\t\t\t<dt class='gallery-icon landscape'>\n\t\t\t\t<a href='https:\/\/blogsaverroes.juntadeandalucia.es\/ceiplaslomas\/2024\/05\/23\/nos-visitan-de-la-asociacion-asperger-de-almeria\/img-20240522-wa0017\/'><img loading=\"lazy\" decoding=\"async\" width=\"1024\" height=\"768\" src=\"https:\/\/blogsaverroes.juntadeandalucia.es\/ceiplaslomas\/files\/2024\/05\/IMG-20240522-WA0017-1024x768.jpg\" class=\"attachment-large size-large\" alt=\"\" srcset=\"https:\/\/blogsaverroes.juntadeandalucia.es\/ceiplaslomas\/files\/2024\/05\/IMG-20240522-WA0017-1024x768.jpg 1024w, https:\/\/blogsaverroes.juntadeandalucia.es\/ceiplaslomas\/files\/2024\/05\/IMG-20240522-WA0017-300x225.jpg 300w, https:\/\/blogsaverroes.juntadeandalucia.es\/ceiplaslomas\/files\/2024\/05\/IMG-20240522-WA0017-768x576.jpg 768w, https:\/\/blogsaverroes.juntadeandalucia.es\/ceiplaslomas\/files\/2024\/05\/IMG-20240522-WA0017-1536x1152.jpg 1536w, https:\/\/blogsaverroes.juntadeandalucia.es\/ceiplaslomas\/files\/2024\/05\/IMG-20240522-WA0017.jpg 1600w\" sizes=\"(max-width: 1024px) 100vw, 1024px\" \/><\/a>\n\t\t\t<\/dt><\/dl><br style=\"clear: both\" \/>\n\t\t<\/div>\n\n<\/div>\n<\/div>\n","protected":false},"excerpt":{"rendered":"<p>El pasado martes 21, el colegio Las Lomas tuvo el honor de recibir a alumnado de la Asociaci\u00f3n Asperger de Almer\u00eda. Esta visita se convirti\u00f3 en una jornada verdaderamente especial, donde la convivencia y&#46;&#46;&#46;<\/p>\n","protected":false},"author":5742,"featured_media":17864,"comment_status":"closed","ping_status":"closed","sticky":false,"template":"","format":"standard","meta":{"ngg_post_thumbnail":0,"footnotes":""},"categories":[1903614,1386165,526],"tags":[],"aioseo_notices":[],"_links":{"self":[{"href":"https:\/\/blogsaverroes.juntadeandalucia.es\/ceiplaslomas\/wp-json\/wp\/v2\/posts\/17854"}],"collection":[{"href":"https:\/\/blogsaverroes.juntadeandalucia.es\/ceiplaslomas\/wp-json\/wp\/v2\/posts"}],"about":[{"href":"https:\/\/blogsaverroes.juntadeandalucia.es\/ceiplaslomas\/wp-json\/wp\/v2\/types\/post"}],"author":[{"embeddable":true,"href":"https:\/\/blogsaverroes.juntadeandalucia.es\/ceiplaslomas\/wp-json\/wp\/v2\/users\/5742"}],"replies":[{"embeddable":true,"href":"https:\/\/blogsaverroes.juntadeandalucia.es\/ceiplaslomas\/wp-json\/wp\/v2\/comments?post=17854"}],"version-history":[{"count":1,"href":"https:\/\/blogsaverroes.juntadeandalucia.es\/ceiplaslomas\/wp-json\/wp\/v2\/posts\/17854\/revisions"}],"predecessor-version":[{"id":17871,"href":"https:\/\/blogsaverroes.juntadeandalucia.es\/ceiplaslomas\/wp-json\/wp\/v2\/posts\/17854\/revisions\/17871"}],"wp:featuredmedia":[{"embeddable":true,"href":"https:\/\/blogsaverroes.juntadeandalucia.es\/ceiplaslomas\/wp-json\/wp\/v2\/media\/17864"}],"wp:attachment":[{"href":"https:\/\/blogsaverroes.juntadeandalucia.es\/ceiplaslomas\/wp-json\/wp\/v2\/media?parent=17854"}],"wp:term":[{"taxonomy":"category","embeddable":true,"href":"https:\/\/blogsaverroes.juntadeandalucia.es\/ceiplaslomas\/wp-json\/wp\/v2\/categories?post=17854"},{"taxonomy":"post_tag","embeddable":true,"href":"https:\/\/blogsaverroes.juntadeandalucia.es\/ceiplaslomas\/wp-json\/wp\/v2\/tags?post=17854"}],"curies":[{"name":"wp","href":"https:\/\/api.w.org\/{rel}","templated":true}]}}