{"id":19703,"date":"2025-05-13T13:03:39","date_gmt":"2025-05-13T13:03:39","guid":{"rendered":"https:\/\/blogsaverroes.juntadeandalucia.es\/ceiplaslomas\/?p=19703"},"modified":"2025-05-16T06:22:08","modified_gmt":"2025-05-16T06:22:08","slug":"instalacion-aires-acondicionados","status":"publish","type":"post","link":"https:\/\/blogsaverroes.juntadeandalucia.es\/ceiplaslomas\/2025\/05\/13\/instalacion-aires-acondicionados\/","title":{"rendered":"Instalaci\u00f3n de aires acondicionados en las aulas"},"content":{"rendered":"<p style=\"text-align: justify\">Estimadas familias,<\/p>\n<p style=\"text-align: justify\">Nos complace informarles que desde el 30 de abril al 15 de mayo se han instalado <strong>27 aires acondicionados<\/strong> en todas las aulas del edificio principal del colegio. Con esta actualizaci\u00f3n, completamos los ya instalados en el aula espec\u00edfica y en las aulas de infantil de 3 y 4 a\u00f1os.<\/p>\n<p style=\"text-align: justify\">La adquisici\u00f3n y parte de la instalaci\u00f3n de todos los aparatos de aire ha sido posible gracias a una dotaci\u00f3n econ\u00f3mica recibida de la&nbsp;<strong>Consejer\u00eda de Desarrollo Educativo y Formaci\u00f3n Profesional<\/strong>. Adem\u00e1s, queremos expresar nuestro agradecimiento por la significativa contribuci\u00f3n econ\u00f3mica realizada por nuestra&nbsp;<strong>Asociaci\u00f3n de Madres y Padres de Alumnado \u00abAMPA La Goleta\u00bb<\/strong>. Tambi\u00e9n queremos agradecer la colaboraci\u00f3n de la&nbsp;<strong>Concejal de Educaci\u00f3n, Conservaci\u00f3n y Mantenimiento de Edificios P\u00fablicos del Ayuntamiento de Roquetas de Mar<\/strong>, quien ha apoyado la instalaci\u00f3n de la mitad de los equipos.<\/p>\n<p style=\"text-align: justify\">Esta importante mejora contribuir\u00e1 a crear un ambiente m\u00e1s c\u00f3modo y adecuado para el estudio, especialmente durante los meses m\u00e1s calurosos. En definitiva, mejorar\u00e1 las condiciones de aprendizaje, creando un entorno de trabajo m\u00e1s confortable para el profesorado y beneficios para el alumnado. Adem\u00e1s, fomentar\u00e1 un entorno educativo m\u00e1s saludable y productivo para todos.<\/p>\n<p style=\"text-align: justify\">Much\u00edsimas gracias a todos por su contribuci\u00f3n y apoyo, que han hecho posible esta instalaci\u00f3n.<\/p>\n<p style=\"text-align: justify\">Atentamente,<\/p>\n<p style=\"text-align: justify\">El Equipo Directivo<\/p>\n","protected":false},"excerpt":{"rendered":"<p>Estimadas familias, Nos complace informarles que desde el 30 de abril al 15 de mayo se han instalado 27 aires acondicionados en todas las aulas del edificio principal del colegio. Con esta actualizaci\u00f3n, completamos&#46;&#46;&#46;<\/p>\n","protected":false},"author":5742,"featured_media":19704,"comment_status":"closed","ping_status":"closed","sticky":false,"template":"","format":"standard","meta":{"ngg_post_thumbnail":0,"footnotes":""},"categories":[526],"tags":[],"aioseo_notices":[],"_links":{"self":[{"href":"https:\/\/blogsaverroes.juntadeandalucia.es\/ceiplaslomas\/wp-json\/wp\/v2\/posts\/19703"}],"collection":[{"href":"https:\/\/blogsaverroes.juntadeandalucia.es\/ceiplaslomas\/wp-json\/wp\/v2\/posts"}],"about":[{"href":"https:\/\/blogsaverroes.juntadeandalucia.es\/ceiplaslomas\/wp-json\/wp\/v2\/types\/post"}],"author":[{"embeddable":true,"href":"https:\/\/blogsaverroes.juntadeandalucia.es\/ceiplaslomas\/wp-json\/wp\/v2\/users\/5742"}],"replies":[{"embeddable":true,"href":"https:\/\/blogsaverroes.juntadeandalucia.es\/ceiplaslomas\/wp-json\/wp\/v2\/comments?post=19703"}],"version-history":[{"count":7,"href":"https:\/\/blogsaverroes.juntadeandalucia.es\/ceiplaslomas\/wp-json\/wp\/v2\/posts\/19703\/revisions"}],"predecessor-version":[{"id":19735,"href":"https:\/\/blogsaverroes.juntadeandalucia.es\/ceiplaslomas\/wp-json\/wp\/v2\/posts\/19703\/revisions\/19735"}],"wp:featuredmedia":[{"embeddable":true,"href":"https:\/\/blogsaverroes.juntadeandalucia.es\/ceiplaslomas\/wp-json\/wp\/v2\/media\/19704"}],"wp:attachment":[{"href":"https:\/\/blogsaverroes.juntadeandalucia.es\/ceiplaslomas\/wp-json\/wp\/v2\/media?parent=19703"}],"wp:term":[{"taxonomy":"category","embeddable":true,"href":"https:\/\/blogsaverroes.juntadeandalucia.es\/ceiplaslomas\/wp-json\/wp\/v2\/categories?post=19703"},{"taxonomy":"post_tag","embeddable":true,"href":"https:\/\/blogsaverroes.juntadeandalucia.es\/ceiplaslomas\/wp-json\/wp\/v2\/tags?post=19703"}],"curies":[{"name":"wp","href":"https:\/\/api.w.org\/{rel}","templated":true}]}}