{"id":4960,"date":"2019-04-10T09:10:42","date_gmt":"2019-04-10T09:10:42","guid":{"rendered":"https:\/\/blogsaverroes.juntadeandalucia.es\/ceiplaslomas\/?p=4960"},"modified":"2020-11-25T18:21:53","modified_gmt":"2020-11-25T18:21:53","slug":"blog-programa-comunica","status":"publish","type":"post","link":"https:\/\/blogsaverroes.juntadeandalucia.es\/ceiplaslomas\/2019\/04\/10\/blog-programa-comunica\/","title":{"rendered":"Blog Programa ComunicA \u00abCreatividad, funcionalidad y diversi\u00f3n\u00bb"},"content":{"rendered":"<p><a href=\"https:\/\/blogsaverroes.juntadeandalucia.es\/ceiplaslomas\/files\/2019\/04\/ComunicA_logo.png\"><img loading=\"lazy\" decoding=\"async\" class=\"alignnone wp-image-4962\" src=\"https:\/\/blogsaverroes.juntadeandalucia.es\/ceiplaslomas\/files\/2019\/04\/ComunicA_logo-300x100.png\" alt=\"\" width=\"180\" height=\"60\" srcset=\"https:\/\/blogsaverroes.juntadeandalucia.es\/ceiplaslomas\/files\/2019\/04\/ComunicA_logo-300x100.png 300w, https:\/\/blogsaverroes.juntadeandalucia.es\/ceiplaslomas\/files\/2019\/04\/ComunicA_logo-24x8.png 24w, https:\/\/blogsaverroes.juntadeandalucia.es\/ceiplaslomas\/files\/2019\/04\/ComunicA_logo-36x12.png 36w, https:\/\/blogsaverroes.juntadeandalucia.es\/ceiplaslomas\/files\/2019\/04\/ComunicA_logo-48x16.png 48w, https:\/\/blogsaverroes.juntadeandalucia.es\/ceiplaslomas\/files\/2019\/04\/ComunicA_logo.png 600w\" sizes=\"(max-width: 180px) 100vw, 180px\" \/><\/a><\/p>\n<p style=\"text-align: justify\">Desde el Programa ComunicA, se ha creado un blog en donde se ir\u00e1n a\u00f1adiendo las distintas actividades que se desarrollan con el alumnado.<\/p>\n<p style=\"text-align: justify\">Pueden tener acceso pinchando&nbsp;<a href=\"https:\/\/comunicalaslomas.blogspot.com\/?m=1\" target=\"_blank\" rel=\"noopener noreferrer\">aqu\u00ed<\/a> o dentro de la categor\u00eda <strong>Blogs del centro. <\/strong>A partir del curso 2019-2020 se crea un <span style=\"color: #0000ff\"><strong><a style=\"color: #0000ff\" href=\"https:\/\/programacomunicalaslomas.blogspot.com\/?m=1\" target=\"_blank\" rel=\"noopener noreferrer\">nuevo blog ComunicA \u00abCreatividad, funcionalidad y diversi\u00f3n\u00bb<\/a><\/strong><\/span><\/p>\n","protected":false},"excerpt":{"rendered":"<p>Desde el Programa ComunicA, se ha creado un blog en donde se ir\u00e1n a\u00f1adiendo las distintas actividades que se desarrollan con el alumnado. Pueden tener acceso pinchando&nbsp;aqu\u00ed o dentro de la categor\u00eda Blogs del&#46;&#46;&#46;<\/p>\n","protected":false},"author":5742,"featured_media":4845,"comment_status":"closed","ping_status":"closed","sticky":false,"template":"","format":"standard","meta":{"ngg_post_thumbnail":0,"footnotes":""},"categories":[1196899],"tags":[],"aioseo_notices":[],"_links":{"self":[{"href":"https:\/\/blogsaverroes.juntadeandalucia.es\/ceiplaslomas\/wp-json\/wp\/v2\/posts\/4960"}],"collection":[{"href":"https:\/\/blogsaverroes.juntadeandalucia.es\/ceiplaslomas\/wp-json\/wp\/v2\/posts"}],"about":[{"href":"https:\/\/blogsaverroes.juntadeandalucia.es\/ceiplaslomas\/wp-json\/wp\/v2\/types\/post"}],"author":[{"embeddable":true,"href":"https:\/\/blogsaverroes.juntadeandalucia.es\/ceiplaslomas\/wp-json\/wp\/v2\/users\/5742"}],"replies":[{"embeddable":true,"href":"https:\/\/blogsaverroes.juntadeandalucia.es\/ceiplaslomas\/wp-json\/wp\/v2\/comments?post=4960"}],"version-history":[{"count":5,"href":"https:\/\/blogsaverroes.juntadeandalucia.es\/ceiplaslomas\/wp-json\/wp\/v2\/posts\/4960\/revisions"}],"predecessor-version":[{"id":8933,"href":"https:\/\/blogsaverroes.juntadeandalucia.es\/ceiplaslomas\/wp-json\/wp\/v2\/posts\/4960\/revisions\/8933"}],"wp:featuredmedia":[{"embeddable":true,"href":"https:\/\/blogsaverroes.juntadeandalucia.es\/ceiplaslomas\/wp-json\/wp\/v2\/media\/4845"}],"wp:attachment":[{"href":"https:\/\/blogsaverroes.juntadeandalucia.es\/ceiplaslomas\/wp-json\/wp\/v2\/media?parent=4960"}],"wp:term":[{"taxonomy":"category","embeddable":true,"href":"https:\/\/blogsaverroes.juntadeandalucia.es\/ceiplaslomas\/wp-json\/wp\/v2\/categories?post=4960"},{"taxonomy":"post_tag","embeddable":true,"href":"https:\/\/blogsaverroes.juntadeandalucia.es\/ceiplaslomas\/wp-json\/wp\/v2\/tags?post=4960"}],"curies":[{"name":"wp","href":"https:\/\/api.w.org\/{rel}","templated":true}]}}