{"id":5743,"date":"2019-05-29T09:06:07","date_gmt":"2019-05-29T09:06:07","guid":{"rendered":"https:\/\/blogsaverroes.juntadeandalucia.es\/ceiplaslomas\/?p=5743"},"modified":"2022-12-10T19:45:44","modified_gmt":"2022-12-10T19:45:44","slug":"5743","status":"publish","type":"post","link":"https:\/\/blogsaverroes.juntadeandalucia.es\/ceiplaslomas\/2019\/05\/29\/5743\/","title":{"rendered":"Emisi\u00f3n programa \u00abManeras de educar\u00bb en TVE1"},"content":{"rendered":"<p>Estimadas familias<\/p>\n<p>Les informamos que el pr\u00f3ximo <strong>s\u00e1bado 1 de junio<\/strong> se emitir\u00e1 en <strong>TVE 1 a las 10:00<\/strong> el programa que se grab\u00f3 en nuestro centro <strong>\u00abManeras de educar\u00bb<\/strong>.<\/p>\n<p>Aqu\u00ed pueden ver algunas<span style=\"color: #0000ff\">&nbsp;<strong><a href=\"https:\/\/blogsaverroes.juntadeandalucia.es\/ceiplaslomas\/2018\/05\/17\/grabacion-programa-tve-maneras-de-educar\/\" target=\"_blank\" rel=\"noopener noreferrer\">im\u00e1genes de la grabaci\u00f3n<\/a>.<\/strong><\/span><\/p>\n<p>Por reajuste de programaci\u00f3n, el programa se emiti\u00f3 con horario cambiado.<\/p>\n<p><iframe loading=\"lazy\" title=\"TVE programa &quot;MANERAS DE EDUCAR&quot;\" width=\"500\" height=\"281\" src=\"https:\/\/www.youtube.com\/embed\/M5oXr7mlvNc?feature=oembed&#038;wmode=opaque\" frameborder=\"0\" allow=\"accelerometer; autoplay; clipboard-write; encrypted-media; gyroscope; picture-in-picture\" allowfullscreen><\/iframe><\/p>\n<p>V\u00eddeo de rtve play \u00abManeras de educar\u00bb<\/p>\n","protected":false},"excerpt":{"rendered":"<p>Estimadas familias Les informamos que el pr\u00f3ximo s\u00e1bado 1 de junio se emitir\u00e1 en TVE 1 a las 10:00 el programa que se grab\u00f3 en nuestro centro \u00abManeras de educar\u00bb. Aqu\u00ed pueden ver algunas&nbsp;im\u00e1genes&#46;&#46;&#46;<\/p>\n","protected":false},"author":5742,"featured_media":5746,"comment_status":"closed","ping_status":"closed","sticky":false,"template":"","format":"standard","meta":{"ngg_post_thumbnail":0,"footnotes":""},"categories":[1508034,526],"tags":[],"aioseo_notices":[],"_links":{"self":[{"href":"https:\/\/blogsaverroes.juntadeandalucia.es\/ceiplaslomas\/wp-json\/wp\/v2\/posts\/5743"}],"collection":[{"href":"https:\/\/blogsaverroes.juntadeandalucia.es\/ceiplaslomas\/wp-json\/wp\/v2\/posts"}],"about":[{"href":"https:\/\/blogsaverroes.juntadeandalucia.es\/ceiplaslomas\/wp-json\/wp\/v2\/types\/post"}],"author":[{"embeddable":true,"href":"https:\/\/blogsaverroes.juntadeandalucia.es\/ceiplaslomas\/wp-json\/wp\/v2\/users\/5742"}],"replies":[{"embeddable":true,"href":"https:\/\/blogsaverroes.juntadeandalucia.es\/ceiplaslomas\/wp-json\/wp\/v2\/comments?post=5743"}],"version-history":[{"count":15,"href":"https:\/\/blogsaverroes.juntadeandalucia.es\/ceiplaslomas\/wp-json\/wp\/v2\/posts\/5743\/revisions"}],"predecessor-version":[{"id":14011,"href":"https:\/\/blogsaverroes.juntadeandalucia.es\/ceiplaslomas\/wp-json\/wp\/v2\/posts\/5743\/revisions\/14011"}],"wp:featuredmedia":[{"embeddable":true,"href":"https:\/\/blogsaverroes.juntadeandalucia.es\/ceiplaslomas\/wp-json\/wp\/v2\/media\/5746"}],"wp:attachment":[{"href":"https:\/\/blogsaverroes.juntadeandalucia.es\/ceiplaslomas\/wp-json\/wp\/v2\/media?parent=5743"}],"wp:term":[{"taxonomy":"category","embeddable":true,"href":"https:\/\/blogsaverroes.juntadeandalucia.es\/ceiplaslomas\/wp-json\/wp\/v2\/categories?post=5743"},{"taxonomy":"post_tag","embeddable":true,"href":"https:\/\/blogsaverroes.juntadeandalucia.es\/ceiplaslomas\/wp-json\/wp\/v2\/tags?post=5743"}],"curies":[{"name":"wp","href":"https:\/\/api.w.org\/{rel}","templated":true}]}}