{"id":8225,"date":"2020-05-28T20:29:29","date_gmt":"2020-05-28T20:29:29","guid":{"rendered":"https:\/\/blogsaverroes.juntadeandalucia.es\/ceiplaslomas\/?p=8225"},"modified":"2020-06-03T16:51:41","modified_gmt":"2020-06-03T16:51:41","slug":"un-futuro-mas-verde-por-crear","status":"publish","type":"post","link":"https:\/\/blogsaverroes.juntadeandalucia.es\/ceiplaslomas\/2020\/05\/28\/un-futuro-mas-verde-por-crear\/","title":{"rendered":"\u201cUn futuro m\u00e1s verde\u2026 por crear\u201d."},"content":{"rendered":"<p style=\"text-align: justify\"><span style=\"color: #008000\"><strong>PREPARANDO LA CELEBRACI\u00d3N DEL 5 DE JUNIO, D\u00cdA INTERNACIONAL DEL MEDIO AMBIENTE<\/strong><\/span><\/p>\n<p style=\"text-align: justify\">El pr\u00f3ximo <strong>5 de junio<\/strong> se celebra el <strong>d\u00eda internacional del Medio Ambiente<\/strong>. Si hubi\u00e9ramos estado en el cole, como miembros del programa Aldea, lo hubi\u00e9ramos celebrado por todo lo alto.<\/p>\n<p style=\"text-align: justify\">Nuestro alumnado de 5\u00ba no ha querido que ni el confinamiento ni ning\u00fan virus les pare en su labor de seguir luchando por la protecci\u00f3n de nuestro planeta. Por ello, han querido participar en la <strong>actividad de Escuelas Andaluzas por el Clima<\/strong>: <span style=\"color: #008000\"><strong><em>\u201cUn futuro m\u00e1s verde\u2026 por crear\u201d<\/em><\/strong>.<\/span> Una actividad organizada, a nivel de Andaluc\u00eda, para todos los colegios que participan en el programa de educaci\u00f3n Ambiental Aldea.<\/p>\n<p style=\"text-align: justify\">Con material de desecho (cartones, bolsas de papel\u2026) han elaborado pancartas para ser colgadas en el balc\u00f3n o ventana de sus casas el 5 de junio.<\/p>\n<p style=\"text-align: justify\">A continuaci\u00f3n, os dejamos las fotos de nuestros artistas y sus obras de arte.<\/p>\n<p style=\"text-align: justify\">Una vez m\u00e1s, gracias a nuestro alumnado por su entusiasmo y a sus familias por su colaboraci\u00f3n.<\/p>\n<p><strong><a href=\"https:\/\/blogsaverroes.juntadeandalucia.es\/ceiplaslomas\/files\/2020\/05\/PREPARANDO-LA-CELEBRACI\u00d3N-DEL-5-DE-JUNIO.pdf\" target=\"_blank\" rel=\"noopener noreferrer\">Noticia PREPARANDO LA CELEBRACI\u00d3N DEL 5 DE JUNIO<\/a><\/strong><\/p>\n\n\t\t<style>\n\t\t\t#gallery-1 {\n\t\t\t\tmargin: auto;\n\t\t\t}\n\t\t\t#gallery-1 .gallery-item {\n\t\t\t\tfloat: left;\n\t\t\t\tmargin-top: 10px;\n\t\t\t\ttext-align: center;\n\t\t\t\twidth: 33%;\n\t\t\t}\n\t\t\t#gallery-1 img {\n\t\t\t\tborder: 2px solid #cfcfcf;\n\t\t\t}\n\t\t\t#gallery-1 .gallery-caption {\n\t\t\t\tmargin-left: 0;\n\t\t\t}\n\t\t\t\/* see gallery_shortcode() in wp-includes\/media.php *\/\n\t\t<\/style>\n\t\t<div id='gallery-1' class='gallery galleryid-8225 gallery-columns-3 gallery-size-medium'><dl class='gallery-item'>\n\t\t\t<dt class='gallery-icon portrait'>\n\t\t\t\t<a href='https:\/\/blogsaverroes.juntadeandalucia.es\/ceiplaslomas\/2020\/05\/28\/un-futuro-mas-verde-por-crear\/5od-las-lomas-1\/'><img loading=\"lazy\" decoding=\"async\" width=\"225\" height=\"300\" src=\"https:\/\/blogsaverroes.juntadeandalucia.es\/ceiplaslomas\/files\/2020\/05\/5\u00baD-Las-Lomas-1-e1590697582138-225x300.jpg\" class=\"attachment-medium size-medium\" alt=\"\" srcset=\"https:\/\/blogsaverroes.juntadeandalucia.es\/ceiplaslomas\/files\/2020\/05\/5\u00baD-Las-Lomas-1-e1590697582138-225x300.jpg 225w, https:\/\/blogsaverroes.juntadeandalucia.es\/ceiplaslomas\/files\/2020\/05\/5\u00baD-Las-Lomas-1-e1590697582138-768x1024.jpg 768w, https:\/\/blogsaverroes.juntadeandalucia.es\/ceiplaslomas\/files\/2020\/05\/5\u00baD-Las-Lomas-1-e1590697582138-18x24.jpg 18w, https:\/\/blogsaverroes.juntadeandalucia.es\/ceiplaslomas\/files\/2020\/05\/5\u00baD-Las-Lomas-1-e1590697582138-27x36.jpg 27w, https:\/\/blogsaverroes.juntadeandalucia.es\/ceiplaslomas\/files\/2020\/05\/5\u00baD-Las-Lomas-1-e1590697582138-36x48.jpg 36w, https:\/\/blogsaverroes.juntadeandalucia.es\/ceiplaslomas\/files\/2020\/05\/5\u00baD-Las-Lomas-1-e1590697582138.jpg 1200w\" sizes=\"(max-width: 225px) 100vw, 225px\" \/><\/a>\n\t\t\t<\/dt><\/dl><dl class='gallery-item'>\n\t\t\t<dt class='gallery-icon portrait'>\n\t\t\t\t<a href='https:\/\/blogsaverroes.juntadeandalucia.es\/ceiplaslomas\/2020\/05\/28\/un-futuro-mas-verde-por-crear\/5od-las-lomas-2\/'><img loading=\"lazy\" decoding=\"async\" width=\"225\" height=\"300\" src=\"https:\/\/blogsaverroes.juntadeandalucia.es\/ceiplaslomas\/files\/2020\/05\/5\u00baD-Las-Lomas-2-225x300.jpg\" class=\"attachment-medium size-medium\" alt=\"\" srcset=\"https:\/\/blogsaverroes.juntadeandalucia.es\/ceiplaslomas\/files\/2020\/05\/5\u00baD-Las-Lomas-2-225x300.jpg 225w, https:\/\/blogsaverroes.juntadeandalucia.es\/ceiplaslomas\/files\/2020\/05\/5\u00baD-Las-Lomas-2-768x1024.jpg 768w, https:\/\/blogsaverroes.juntadeandalucia.es\/ceiplaslomas\/files\/2020\/05\/5\u00baD-Las-Lomas-2-18x24.jpg 18w, https:\/\/blogsaverroes.juntadeandalucia.es\/ceiplaslomas\/files\/2020\/05\/5\u00baD-Las-Lomas-2-27x36.jpg 27w, https:\/\/blogsaverroes.juntadeandalucia.es\/ceiplaslomas\/files\/2020\/05\/5\u00baD-Las-Lomas-2-36x48.jpg 36w, https:\/\/blogsaverroes.juntadeandalucia.es\/ceiplaslomas\/files\/2020\/05\/5\u00baD-Las-Lomas-2.jpg 1200w\" sizes=\"(max-width: 225px) 100vw, 225px\" \/><\/a>\n\t\t\t<\/dt><\/dl><dl class='gallery-item'>\n\t\t\t<dt class='gallery-icon portrait'>\n\t\t\t\t<a href='https:\/\/blogsaverroes.juntadeandalucia.es\/ceiplaslomas\/2020\/05\/28\/un-futuro-mas-verde-por-crear\/5od-las-lomas-3\/'><img loading=\"lazy\" decoding=\"async\" width=\"146\" height=\"300\" src=\"https:\/\/blogsaverroes.juntadeandalucia.es\/ceiplaslomas\/files\/2020\/05\/5\u00baD-Las-Lomas-3-e1590697600752-146x300.jpg\" class=\"attachment-medium size-medium\" alt=\"\" srcset=\"https:\/\/blogsaverroes.juntadeandalucia.es\/ceiplaslomas\/files\/2020\/05\/5\u00baD-Las-Lomas-3-e1590697600752-146x300.jpg 146w, https:\/\/blogsaverroes.juntadeandalucia.es\/ceiplaslomas\/files\/2020\/05\/5\u00baD-Las-Lomas-3-e1590697600752-768x1579.jpg 768w, https:\/\/blogsaverroes.juntadeandalucia.es\/ceiplaslomas\/files\/2020\/05\/5\u00baD-Las-Lomas-3-e1590697600752-498x1024.jpg 498w, https:\/\/blogsaverroes.juntadeandalucia.es\/ceiplaslomas\/files\/2020\/05\/5\u00baD-Las-Lomas-3-e1590697600752-12x24.jpg 12w, https:\/\/blogsaverroes.juntadeandalucia.es\/ceiplaslomas\/files\/2020\/05\/5\u00baD-Las-Lomas-3-e1590697600752-18x36.jpg 18w, https:\/\/blogsaverroes.juntadeandalucia.es\/ceiplaslomas\/files\/2020\/05\/5\u00baD-Las-Lomas-3-e1590697600752-23x48.jpg 23w, https:\/\/blogsaverroes.juntadeandalucia.es\/ceiplaslomas\/files\/2020\/05\/5\u00baD-Las-Lomas-3-e1590697600752.jpg 778w\" sizes=\"(max-width: 146px) 100vw, 146px\" \/><\/a>\n\t\t\t<\/dt><\/dl><br style=\"clear: both\" \/><dl class='gallery-item'>\n\t\t\t<dt class='gallery-icon landscape'>\n\t\t\t\t<a href='https:\/\/blogsaverroes.juntadeandalucia.es\/ceiplaslomas\/2020\/05\/28\/un-futuro-mas-verde-por-crear\/5od-las-lomas-4\/'><img loading=\"lazy\" decoding=\"async\" width=\"300\" height=\"253\" src=\"https:\/\/blogsaverroes.juntadeandalucia.es\/ceiplaslomas\/files\/2020\/05\/5\u00baD-Las-Lomas-4-300x253.jpg\" class=\"attachment-medium size-medium\" alt=\"\" srcset=\"https:\/\/blogsaverroes.juntadeandalucia.es\/ceiplaslomas\/files\/2020\/05\/5\u00baD-Las-Lomas-4-300x253.jpg 300w, https:\/\/blogsaverroes.juntadeandalucia.es\/ceiplaslomas\/files\/2020\/05\/5\u00baD-Las-Lomas-4-768x647.jpg 768w, https:\/\/blogsaverroes.juntadeandalucia.es\/ceiplaslomas\/files\/2020\/05\/5\u00baD-Las-Lomas-4-24x20.jpg 24w, https:\/\/blogsaverroes.juntadeandalucia.es\/ceiplaslomas\/files\/2020\/05\/5\u00baD-Las-Lomas-4-36x30.jpg 36w, https:\/\/blogsaverroes.juntadeandalucia.es\/ceiplaslomas\/files\/2020\/05\/5\u00baD-Las-Lomas-4-48x40.jpg 48w, https:\/\/blogsaverroes.juntadeandalucia.es\/ceiplaslomas\/files\/2020\/05\/5\u00baD-Las-Lomas-4.jpg 836w\" sizes=\"(max-width: 300px) 100vw, 300px\" \/><\/a>\n\t\t\t<\/dt><\/dl><dl class='gallery-item'>\n\t\t\t<dt class='gallery-icon landscape'>\n\t\t\t\t<a href='https:\/\/blogsaverroes.juntadeandalucia.es\/ceiplaslomas\/2020\/05\/28\/un-futuro-mas-verde-por-crear\/5od-las-lomas-5\/'><img loading=\"lazy\" decoding=\"async\" width=\"300\" height=\"169\" src=\"https:\/\/blogsaverroes.juntadeandalucia.es\/ceiplaslomas\/files\/2020\/05\/5\u00baD-Las-Lomas-5-300x169.jpg\" class=\"attachment-medium size-medium\" alt=\"\" srcset=\"https:\/\/blogsaverroes.juntadeandalucia.es\/ceiplaslomas\/files\/2020\/05\/5\u00baD-Las-Lomas-5-300x169.jpg 300w, https:\/\/blogsaverroes.juntadeandalucia.es\/ceiplaslomas\/files\/2020\/05\/5\u00baD-Las-Lomas-5-768x432.jpg 768w, https:\/\/blogsaverroes.juntadeandalucia.es\/ceiplaslomas\/files\/2020\/05\/5\u00baD-Las-Lomas-5-1024x576.jpg 1024w, https:\/\/blogsaverroes.juntadeandalucia.es\/ceiplaslomas\/files\/2020\/05\/5\u00baD-Las-Lomas-5-24x14.jpg 24w, https:\/\/blogsaverroes.juntadeandalucia.es\/ceiplaslomas\/files\/2020\/05\/5\u00baD-Las-Lomas-5-36x20.jpg 36w, https:\/\/blogsaverroes.juntadeandalucia.es\/ceiplaslomas\/files\/2020\/05\/5\u00baD-Las-Lomas-5-48x27.jpg 48w, https:\/\/blogsaverroes.juntadeandalucia.es\/ceiplaslomas\/files\/2020\/05\/5\u00baD-Las-Lomas-5.jpg 1600w\" sizes=\"(max-width: 300px) 100vw, 300px\" \/><\/a>\n\t\t\t<\/dt><\/dl><dl class='gallery-item'>\n\t\t\t<dt class='gallery-icon landscape'>\n\t\t\t\t<a href='https:\/\/blogsaverroes.juntadeandalucia.es\/ceiplaslomas\/2020\/05\/28\/un-futuro-mas-verde-por-crear\/5od-las-lomas-6\/'><img loading=\"lazy\" decoding=\"async\" width=\"300\" height=\"201\" src=\"https:\/\/blogsaverroes.juntadeandalucia.es\/ceiplaslomas\/files\/2020\/05\/5\u00baD-Las-Lomas-6-300x201.jpg\" class=\"attachment-medium size-medium\" alt=\"\" srcset=\"https:\/\/blogsaverroes.juntadeandalucia.es\/ceiplaslomas\/files\/2020\/05\/5\u00baD-Las-Lomas-6-300x201.jpg 300w, https:\/\/blogsaverroes.juntadeandalucia.es\/ceiplaslomas\/files\/2020\/05\/5\u00baD-Las-Lomas-6-768x515.jpg 768w, https:\/\/blogsaverroes.juntadeandalucia.es\/ceiplaslomas\/files\/2020\/05\/5\u00baD-Las-Lomas-6-1024x687.jpg 1024w, https:\/\/blogsaverroes.juntadeandalucia.es\/ceiplaslomas\/files\/2020\/05\/5\u00baD-Las-Lomas-6-24x16.jpg 24w, https:\/\/blogsaverroes.juntadeandalucia.es\/ceiplaslomas\/files\/2020\/05\/5\u00baD-Las-Lomas-6-36x24.jpg 36w, https:\/\/blogsaverroes.juntadeandalucia.es\/ceiplaslomas\/files\/2020\/05\/5\u00baD-Las-Lomas-6-48x32.jpg 48w, https:\/\/blogsaverroes.juntadeandalucia.es\/ceiplaslomas\/files\/2020\/05\/5\u00baD-Las-Lomas-6.jpg 1600w\" sizes=\"(max-width: 300px) 100vw, 300px\" \/><\/a>\n\t\t\t<\/dt><\/dl><br style=\"clear: both\" \/><dl class='gallery-item'>\n\t\t\t<dt class='gallery-icon portrait'>\n\t\t\t\t<a href='https:\/\/blogsaverroes.juntadeandalucia.es\/ceiplaslomas\/2020\/05\/28\/un-futuro-mas-verde-por-crear\/5od-las-lomas-7\/'><img loading=\"lazy\" decoding=\"async\" width=\"169\" height=\"300\" src=\"https:\/\/blogsaverroes.juntadeandalucia.es\/ceiplaslomas\/files\/2020\/05\/5\u00baD-Las-Lomas-7-e1590697621411-169x300.jpg\" class=\"attachment-medium size-medium\" alt=\"\" srcset=\"https:\/\/blogsaverroes.juntadeandalucia.es\/ceiplaslomas\/files\/2020\/05\/5\u00baD-Las-Lomas-7-e1590697621411-169x300.jpg 169w, https:\/\/blogsaverroes.juntadeandalucia.es\/ceiplaslomas\/files\/2020\/05\/5\u00baD-Las-Lomas-7-e1590697621411-768x1365.jpg 768w, https:\/\/blogsaverroes.juntadeandalucia.es\/ceiplaslomas\/files\/2020\/05\/5\u00baD-Las-Lomas-7-e1590697621411-576x1024.jpg 576w, https:\/\/blogsaverroes.juntadeandalucia.es\/ceiplaslomas\/files\/2020\/05\/5\u00baD-Las-Lomas-7-e1590697621411-14x24.jpg 14w, https:\/\/blogsaverroes.juntadeandalucia.es\/ceiplaslomas\/files\/2020\/05\/5\u00baD-Las-Lomas-7-e1590697621411-20x36.jpg 20w, https:\/\/blogsaverroes.juntadeandalucia.es\/ceiplaslomas\/files\/2020\/05\/5\u00baD-Las-Lomas-7-e1590697621411-27x48.jpg 27w, https:\/\/blogsaverroes.juntadeandalucia.es\/ceiplaslomas\/files\/2020\/05\/5\u00baD-Las-Lomas-7-e1590697621411.jpg 900w\" sizes=\"(max-width: 169px) 100vw, 169px\" \/><\/a>\n\t\t\t<\/dt><\/dl><dl class='gallery-item'>\n\t\t\t<dt class='gallery-icon portrait'>\n\t\t\t\t<a href='https:\/\/blogsaverroes.juntadeandalucia.es\/ceiplaslomas\/2020\/05\/28\/un-futuro-mas-verde-por-crear\/5od-las-lomas-8\/'><img loading=\"lazy\" decoding=\"async\" width=\"225\" height=\"300\" src=\"https:\/\/blogsaverroes.juntadeandalucia.es\/ceiplaslomas\/files\/2020\/05\/5\u00baD-Las-Lomas-8-225x300.jpg\" class=\"attachment-medium size-medium\" alt=\"\" srcset=\"https:\/\/blogsaverroes.juntadeandalucia.es\/ceiplaslomas\/files\/2020\/05\/5\u00baD-Las-Lomas-8-225x300.jpg 225w, https:\/\/blogsaverroes.juntadeandalucia.es\/ceiplaslomas\/files\/2020\/05\/5\u00baD-Las-Lomas-8-768x1024.jpg 768w, https:\/\/blogsaverroes.juntadeandalucia.es\/ceiplaslomas\/files\/2020\/05\/5\u00baD-Las-Lomas-8-18x24.jpg 18w, https:\/\/blogsaverroes.juntadeandalucia.es\/ceiplaslomas\/files\/2020\/05\/5\u00baD-Las-Lomas-8-27x36.jpg 27w, https:\/\/blogsaverroes.juntadeandalucia.es\/ceiplaslomas\/files\/2020\/05\/5\u00baD-Las-Lomas-8-36x48.jpg 36w, https:\/\/blogsaverroes.juntadeandalucia.es\/ceiplaslomas\/files\/2020\/05\/5\u00baD-Las-Lomas-8.jpg 1200w\" sizes=\"(max-width: 225px) 100vw, 225px\" \/><\/a>\n\t\t\t<\/dt><\/dl><dl class='gallery-item'>\n\t\t\t<dt class='gallery-icon portrait'>\n\t\t\t\t<a href='https:\/\/blogsaverroes.juntadeandalucia.es\/ceiplaslomas\/2020\/05\/28\/un-futuro-mas-verde-por-crear\/5od-las-lomas-9\/'><img loading=\"lazy\" decoding=\"async\" width=\"248\" height=\"300\" src=\"https:\/\/blogsaverroes.juntadeandalucia.es\/ceiplaslomas\/files\/2020\/05\/5\u00baD-Las-Lomas-9-248x300.jpg\" class=\"attachment-medium size-medium\" alt=\"\" srcset=\"https:\/\/blogsaverroes.juntadeandalucia.es\/ceiplaslomas\/files\/2020\/05\/5\u00baD-Las-Lomas-9-248x300.jpg 248w, https:\/\/blogsaverroes.juntadeandalucia.es\/ceiplaslomas\/files\/2020\/05\/5\u00baD-Las-Lomas-9-768x930.jpg 768w, https:\/\/blogsaverroes.juntadeandalucia.es\/ceiplaslomas\/files\/2020\/05\/5\u00baD-Las-Lomas-9-846x1024.jpg 846w, https:\/\/blogsaverroes.juntadeandalucia.es\/ceiplaslomas\/files\/2020\/05\/5\u00baD-Las-Lomas-9-20x24.jpg 20w, https:\/\/blogsaverroes.juntadeandalucia.es\/ceiplaslomas\/files\/2020\/05\/5\u00baD-Las-Lomas-9-30x36.jpg 30w, https:\/\/blogsaverroes.juntadeandalucia.es\/ceiplaslomas\/files\/2020\/05\/5\u00baD-Las-Lomas-9-40x48.jpg 40w, https:\/\/blogsaverroes.juntadeandalucia.es\/ceiplaslomas\/files\/2020\/05\/5\u00baD-Las-Lomas-9.jpg 1322w\" sizes=\"(max-width: 248px) 100vw, 248px\" \/><\/a>\n\t\t\t<\/dt><\/dl><br style=\"clear: both\" \/><dl class='gallery-item'>\n\t\t\t<dt class='gallery-icon portrait'>\n\t\t\t\t<a href='https:\/\/blogsaverroes.juntadeandalucia.es\/ceiplaslomas\/2020\/05\/28\/un-futuro-mas-verde-por-crear\/5od-las-lomas-10\/'><img loading=\"lazy\" decoding=\"async\" width=\"225\" height=\"300\" src=\"https:\/\/blogsaverroes.juntadeandalucia.es\/ceiplaslomas\/files\/2020\/05\/5\u00baD-Las-Lomas-10-225x300.jpg\" class=\"attachment-medium size-medium\" alt=\"\" srcset=\"https:\/\/blogsaverroes.juntadeandalucia.es\/ceiplaslomas\/files\/2020\/05\/5\u00baD-Las-Lomas-10-225x300.jpg 225w, https:\/\/blogsaverroes.juntadeandalucia.es\/ceiplaslomas\/files\/2020\/05\/5\u00baD-Las-Lomas-10-768x1024.jpg 768w, https:\/\/blogsaverroes.juntadeandalucia.es\/ceiplaslomas\/files\/2020\/05\/5\u00baD-Las-Lomas-10-18x24.jpg 18w, https:\/\/blogsaverroes.juntadeandalucia.es\/ceiplaslomas\/files\/2020\/05\/5\u00baD-Las-Lomas-10-27x36.jpg 27w, https:\/\/blogsaverroes.juntadeandalucia.es\/ceiplaslomas\/files\/2020\/05\/5\u00baD-Las-Lomas-10-36x48.jpg 36w, https:\/\/blogsaverroes.juntadeandalucia.es\/ceiplaslomas\/files\/2020\/05\/5\u00baD-Las-Lomas-10.jpg 1200w\" sizes=\"(max-width: 225px) 100vw, 225px\" \/><\/a>\n\t\t\t<\/dt><\/dl><dl class='gallery-item'>\n\t\t\t<dt class='gallery-icon portrait'>\n\t\t\t\t<a href='https:\/\/blogsaverroes.juntadeandalucia.es\/ceiplaslomas\/2020\/05\/28\/un-futuro-mas-verde-por-crear\/5od-las-lomas-11\/'><img loading=\"lazy\" decoding=\"async\" width=\"225\" height=\"300\" src=\"https:\/\/blogsaverroes.juntadeandalucia.es\/ceiplaslomas\/files\/2020\/05\/5\u00baD-Las-Lomas-11-225x300.jpg\" class=\"attachment-medium size-medium\" alt=\"\" srcset=\"https:\/\/blogsaverroes.juntadeandalucia.es\/ceiplaslomas\/files\/2020\/05\/5\u00baD-Las-Lomas-11-225x300.jpg 225w, https:\/\/blogsaverroes.juntadeandalucia.es\/ceiplaslomas\/files\/2020\/05\/5\u00baD-Las-Lomas-11-768x1024.jpg 768w, https:\/\/blogsaverroes.juntadeandalucia.es\/ceiplaslomas\/files\/2020\/05\/5\u00baD-Las-Lomas-11-18x24.jpg 18w, https:\/\/blogsaverroes.juntadeandalucia.es\/ceiplaslomas\/files\/2020\/05\/5\u00baD-Las-Lomas-11-27x36.jpg 27w, https:\/\/blogsaverroes.juntadeandalucia.es\/ceiplaslomas\/files\/2020\/05\/5\u00baD-Las-Lomas-11-36x48.jpg 36w, https:\/\/blogsaverroes.juntadeandalucia.es\/ceiplaslomas\/files\/2020\/05\/5\u00baD-Las-Lomas-11.jpg 1200w\" sizes=\"(max-width: 225px) 100vw, 225px\" \/><\/a>\n\t\t\t<\/dt><\/dl><dl class='gallery-item'>\n\t\t\t<dt class='gallery-icon portrait'>\n\t\t\t\t<a href='https:\/\/blogsaverroes.juntadeandalucia.es\/ceiplaslomas\/2020\/05\/28\/un-futuro-mas-verde-por-crear\/5od-las-lomas-12\/'><img loading=\"lazy\" decoding=\"async\" width=\"225\" height=\"300\" src=\"https:\/\/blogsaverroes.juntadeandalucia.es\/ceiplaslomas\/files\/2020\/05\/5\u00baD-Las-Lomas-12-225x300.jpg\" class=\"attachment-medium size-medium\" alt=\"\" srcset=\"https:\/\/blogsaverroes.juntadeandalucia.es\/ceiplaslomas\/files\/2020\/05\/5\u00baD-Las-Lomas-12-225x300.jpg 225w, https:\/\/blogsaverroes.juntadeandalucia.es\/ceiplaslomas\/files\/2020\/05\/5\u00baD-Las-Lomas-12-768x1024.jpg 768w, https:\/\/blogsaverroes.juntadeandalucia.es\/ceiplaslomas\/files\/2020\/05\/5\u00baD-Las-Lomas-12-18x24.jpg 18w, https:\/\/blogsaverroes.juntadeandalucia.es\/ceiplaslomas\/files\/2020\/05\/5\u00baD-Las-Lomas-12-27x36.jpg 27w, https:\/\/blogsaverroes.juntadeandalucia.es\/ceiplaslomas\/files\/2020\/05\/5\u00baD-Las-Lomas-12-36x48.jpg 36w, https:\/\/blogsaverroes.juntadeandalucia.es\/ceiplaslomas\/files\/2020\/05\/5\u00baD-Las-Lomas-12.jpg 1200w\" sizes=\"(max-width: 225px) 100vw, 225px\" \/><\/a>\n\t\t\t<\/dt><\/dl><br style=\"clear: both\" \/><dl class='gallery-item'>\n\t\t\t<dt class='gallery-icon landscape'>\n\t\t\t\t<a href='https:\/\/blogsaverroes.juntadeandalucia.es\/ceiplaslomas\/2020\/05\/28\/un-futuro-mas-verde-por-crear\/5od-las-lomas-13\/'><img loading=\"lazy\" decoding=\"async\" width=\"300\" height=\"270\" src=\"https:\/\/blogsaverroes.juntadeandalucia.es\/ceiplaslomas\/files\/2020\/05\/5\u00baD-Las-Lomas-13-300x270.jpg\" class=\"attachment-medium size-medium\" alt=\"\" srcset=\"https:\/\/blogsaverroes.juntadeandalucia.es\/ceiplaslomas\/files\/2020\/05\/5\u00baD-Las-Lomas-13-300x270.jpg 300w, https:\/\/blogsaverroes.juntadeandalucia.es\/ceiplaslomas\/files\/2020\/05\/5\u00baD-Las-Lomas-13-768x692.jpg 768w, https:\/\/blogsaverroes.juntadeandalucia.es\/ceiplaslomas\/files\/2020\/05\/5\u00baD-Las-Lomas-13-1024x922.jpg 1024w, https:\/\/blogsaverroes.juntadeandalucia.es\/ceiplaslomas\/files\/2020\/05\/5\u00baD-Las-Lomas-13-24x22.jpg 24w, https:\/\/blogsaverroes.juntadeandalucia.es\/ceiplaslomas\/files\/2020\/05\/5\u00baD-Las-Lomas-13-36x32.jpg 36w, https:\/\/blogsaverroes.juntadeandalucia.es\/ceiplaslomas\/files\/2020\/05\/5\u00baD-Las-Lomas-13-48x43.jpg 48w, https:\/\/blogsaverroes.juntadeandalucia.es\/ceiplaslomas\/files\/2020\/05\/5\u00baD-Las-Lomas-13.jpg 1600w\" sizes=\"(max-width: 300px) 100vw, 300px\" \/><\/a>\n\t\t\t<\/dt><\/dl><dl class='gallery-item'>\n\t\t\t<dt class='gallery-icon landscape'>\n\t\t\t\t<a href='https:\/\/blogsaverroes.juntadeandalucia.es\/ceiplaslomas\/2020\/05\/28\/un-futuro-mas-verde-por-crear\/5od-las-lomas-14-2\/'><img loading=\"lazy\" decoding=\"async\" width=\"300\" height=\"168\" src=\"https:\/\/blogsaverroes.juntadeandalucia.es\/ceiplaslomas\/files\/2020\/05\/5\u00baD-Las-Lomas-14-2-300x168.jpeg\" class=\"attachment-medium size-medium\" alt=\"\" srcset=\"https:\/\/blogsaverroes.juntadeandalucia.es\/ceiplaslomas\/files\/2020\/05\/5\u00baD-Las-Lomas-14-2-300x168.jpeg 300w, https:\/\/blogsaverroes.juntadeandalucia.es\/ceiplaslomas\/files\/2020\/05\/5\u00baD-Las-Lomas-14-2-768x431.jpeg 768w, https:\/\/blogsaverroes.juntadeandalucia.es\/ceiplaslomas\/files\/2020\/05\/5\u00baD-Las-Lomas-14-2-1024x575.jpeg 1024w, https:\/\/blogsaverroes.juntadeandalucia.es\/ceiplaslomas\/files\/2020\/05\/5\u00baD-Las-Lomas-14-2-24x13.jpeg 24w, https:\/\/blogsaverroes.juntadeandalucia.es\/ceiplaslomas\/files\/2020\/05\/5\u00baD-Las-Lomas-14-2-36x20.jpeg 36w, https:\/\/blogsaverroes.juntadeandalucia.es\/ceiplaslomas\/files\/2020\/05\/5\u00baD-Las-Lomas-14-2-48x27.jpeg 48w, https:\/\/blogsaverroes.juntadeandalucia.es\/ceiplaslomas\/files\/2020\/05\/5\u00baD-Las-Lomas-14-2.jpeg 1600w\" sizes=\"(max-width: 300px) 100vw, 300px\" \/><\/a>\n\t\t\t<\/dt><\/dl><dl class='gallery-item'>\n\t\t\t<dt class='gallery-icon portrait'>\n\t\t\t\t<a href='https:\/\/blogsaverroes.juntadeandalucia.es\/ceiplaslomas\/2020\/05\/28\/un-futuro-mas-verde-por-crear\/20200526_191903\/'><img loading=\"lazy\" decoding=\"async\" width=\"225\" height=\"300\" src=\"https:\/\/blogsaverroes.juntadeandalucia.es\/ceiplaslomas\/files\/2020\/05\/20200526_191903-e1590697643615-225x300.jpg\" class=\"attachment-medium size-medium\" alt=\"\" srcset=\"https:\/\/blogsaverroes.juntadeandalucia.es\/ceiplaslomas\/files\/2020\/05\/20200526_191903-e1590697643615-225x300.jpg 225w, https:\/\/blogsaverroes.juntadeandalucia.es\/ceiplaslomas\/files\/2020\/05\/20200526_191903-e1590697643615-768x1024.jpg 768w, https:\/\/blogsaverroes.juntadeandalucia.es\/ceiplaslomas\/files\/2020\/05\/20200526_191903-e1590697643615-18x24.jpg 18w, https:\/\/blogsaverroes.juntadeandalucia.es\/ceiplaslomas\/files\/2020\/05\/20200526_191903-e1590697643615-27x36.jpg 27w, https:\/\/blogsaverroes.juntadeandalucia.es\/ceiplaslomas\/files\/2020\/05\/20200526_191903-e1590697643615-36x48.jpg 36w, https:\/\/blogsaverroes.juntadeandalucia.es\/ceiplaslomas\/files\/2020\/05\/20200526_191903-e1590697643615.jpg 1200w\" sizes=\"(max-width: 225px) 100vw, 225px\" \/><\/a>\n\t\t\t<\/dt><\/dl><br style=\"clear: both\" \/><dl class='gallery-item'>\n\t\t\t<dt class='gallery-icon landscape'>\n\t\t\t\t<a href='https:\/\/blogsaverroes.juntadeandalucia.es\/ceiplaslomas\/2020\/05\/28\/un-futuro-mas-verde-por-crear\/20200527_135558\/'><img loading=\"lazy\" decoding=\"async\" width=\"300\" height=\"225\" src=\"https:\/\/blogsaverroes.juntadeandalucia.es\/ceiplaslomas\/files\/2020\/05\/20200527_135558-e1590697666611-300x225.jpg\" class=\"attachment-medium size-medium\" alt=\"\" srcset=\"https:\/\/blogsaverroes.juntadeandalucia.es\/ceiplaslomas\/files\/2020\/05\/20200527_135558-e1590697666611-300x225.jpg 300w, https:\/\/blogsaverroes.juntadeandalucia.es\/ceiplaslomas\/files\/2020\/05\/20200527_135558-e1590697666611-768x576.jpg 768w, https:\/\/blogsaverroes.juntadeandalucia.es\/ceiplaslomas\/files\/2020\/05\/20200527_135558-e1590697666611-1024x768.jpg 1024w, https:\/\/blogsaverroes.juntadeandalucia.es\/ceiplaslomas\/files\/2020\/05\/20200527_135558-e1590697666611-24x18.jpg 24w, https:\/\/blogsaverroes.juntadeandalucia.es\/ceiplaslomas\/files\/2020\/05\/20200527_135558-e1590697666611-36x27.jpg 36w, https:\/\/blogsaverroes.juntadeandalucia.es\/ceiplaslomas\/files\/2020\/05\/20200527_135558-e1590697666611-48x36.jpg 48w, https:\/\/blogsaverroes.juntadeandalucia.es\/ceiplaslomas\/files\/2020\/05\/20200527_135558-e1590697666611.jpg 1600w\" sizes=\"(max-width: 300px) 100vw, 300px\" \/><\/a>\n\t\t\t<\/dt><\/dl><dl class='gallery-item'>\n\t\t\t<dt class='gallery-icon portrait'>\n\t\t\t\t<a href='https:\/\/blogsaverroes.juntadeandalucia.es\/ceiplaslomas\/2020\/05\/28\/un-futuro-mas-verde-por-crear\/20200527_163217\/'><img loading=\"lazy\" decoding=\"async\" width=\"225\" height=\"300\" src=\"https:\/\/blogsaverroes.juntadeandalucia.es\/ceiplaslomas\/files\/2020\/05\/20200527_163217-e1590697694469-225x300.jpg\" class=\"attachment-medium size-medium\" alt=\"\" srcset=\"https:\/\/blogsaverroes.juntadeandalucia.es\/ceiplaslomas\/files\/2020\/05\/20200527_163217-e1590697694469-225x300.jpg 225w, https:\/\/blogsaverroes.juntadeandalucia.es\/ceiplaslomas\/files\/2020\/05\/20200527_163217-e1590697694469-768x1024.jpg 768w, https:\/\/blogsaverroes.juntadeandalucia.es\/ceiplaslomas\/files\/2020\/05\/20200527_163217-e1590697694469-18x24.jpg 18w, https:\/\/blogsaverroes.juntadeandalucia.es\/ceiplaslomas\/files\/2020\/05\/20200527_163217-e1590697694469-27x36.jpg 27w, https:\/\/blogsaverroes.juntadeandalucia.es\/ceiplaslomas\/files\/2020\/05\/20200527_163217-e1590697694469-36x48.jpg 36w, https:\/\/blogsaverroes.juntadeandalucia.es\/ceiplaslomas\/files\/2020\/05\/20200527_163217-e1590697694469.jpg 1200w\" sizes=\"(max-width: 225px) 100vw, 225px\" \/><\/a>\n\t\t\t<\/dt><\/dl><dl class='gallery-item'>\n\t\t\t<dt class='gallery-icon landscape'>\n\t\t\t\t<a href='https:\/\/blogsaverroes.juntadeandalucia.es\/ceiplaslomas\/2020\/05\/28\/un-futuro-mas-verde-por-crear\/20200527_174126\/'><img loading=\"lazy\" decoding=\"async\" width=\"300\" height=\"225\" src=\"https:\/\/blogsaverroes.juntadeandalucia.es\/ceiplaslomas\/files\/2020\/05\/20200527_174126-300x225.jpg\" class=\"attachment-medium size-medium\" alt=\"\" srcset=\"https:\/\/blogsaverroes.juntadeandalucia.es\/ceiplaslomas\/files\/2020\/05\/20200527_174126-300x225.jpg 300w, https:\/\/blogsaverroes.juntadeandalucia.es\/ceiplaslomas\/files\/2020\/05\/20200527_174126-768x576.jpg 768w, https:\/\/blogsaverroes.juntadeandalucia.es\/ceiplaslomas\/files\/2020\/05\/20200527_174126-1024x768.jpg 1024w, https:\/\/blogsaverroes.juntadeandalucia.es\/ceiplaslomas\/files\/2020\/05\/20200527_174126-24x18.jpg 24w, https:\/\/blogsaverroes.juntadeandalucia.es\/ceiplaslomas\/files\/2020\/05\/20200527_174126-36x27.jpg 36w, https:\/\/blogsaverroes.juntadeandalucia.es\/ceiplaslomas\/files\/2020\/05\/20200527_174126-48x36.jpg 48w, https:\/\/blogsaverroes.juntadeandalucia.es\/ceiplaslomas\/files\/2020\/05\/20200527_174126.jpg 1600w\" sizes=\"(max-width: 300px) 100vw, 300px\" \/><\/a>\n\t\t\t<\/dt><\/dl><br style=\"clear: both\" \/><dl class='gallery-item'>\n\t\t\t<dt class='gallery-icon landscape'>\n\t\t\t\t<a href='https:\/\/blogsaverroes.juntadeandalucia.es\/ceiplaslomas\/2020\/05\/28\/un-futuro-mas-verde-por-crear\/20200527_184113\/'><img loading=\"lazy\" decoding=\"async\" width=\"300\" height=\"225\" src=\"https:\/\/blogsaverroes.juntadeandalucia.es\/ceiplaslomas\/files\/2020\/05\/20200527_184113-300x225.jpg\" class=\"attachment-medium size-medium\" alt=\"\" srcset=\"https:\/\/blogsaverroes.juntadeandalucia.es\/ceiplaslomas\/files\/2020\/05\/20200527_184113-300x225.jpg 300w, https:\/\/blogsaverroes.juntadeandalucia.es\/ceiplaslomas\/files\/2020\/05\/20200527_184113-768x576.jpg 768w, https:\/\/blogsaverroes.juntadeandalucia.es\/ceiplaslomas\/files\/2020\/05\/20200527_184113-1024x768.jpg 1024w, https:\/\/blogsaverroes.juntadeandalucia.es\/ceiplaslomas\/files\/2020\/05\/20200527_184113-24x18.jpg 24w, https:\/\/blogsaverroes.juntadeandalucia.es\/ceiplaslomas\/files\/2020\/05\/20200527_184113-36x27.jpg 36w, https:\/\/blogsaverroes.juntadeandalucia.es\/ceiplaslomas\/files\/2020\/05\/20200527_184113-48x36.jpg 48w, https:\/\/blogsaverroes.juntadeandalucia.es\/ceiplaslomas\/files\/2020\/05\/20200527_184113.jpg 1600w\" sizes=\"(max-width: 300px) 100vw, 300px\" \/><\/a>\n\t\t\t<\/dt><\/dl><dl class='gallery-item'>\n\t\t\t<dt class='gallery-icon portrait'>\n\t\t\t\t<a href='https:\/\/blogsaverroes.juntadeandalucia.es\/ceiplaslomas\/2020\/05\/28\/un-futuro-mas-verde-por-crear\/20200527_212118\/'><img loading=\"lazy\" decoding=\"async\" width=\"146\" height=\"300\" src=\"https:\/\/blogsaverroes.juntadeandalucia.es\/ceiplaslomas\/files\/2020\/05\/20200527_212118-e1590697716426-146x300.jpg\" class=\"attachment-medium size-medium\" alt=\"\" srcset=\"https:\/\/blogsaverroes.juntadeandalucia.es\/ceiplaslomas\/files\/2020\/05\/20200527_212118-e1590697716426-146x300.jpg 146w, https:\/\/blogsaverroes.juntadeandalucia.es\/ceiplaslomas\/files\/2020\/05\/20200527_212118-e1590697716426-768x1579.jpg 768w, https:\/\/blogsaverroes.juntadeandalucia.es\/ceiplaslomas\/files\/2020\/05\/20200527_212118-e1590697716426-498x1024.jpg 498w, https:\/\/blogsaverroes.juntadeandalucia.es\/ceiplaslomas\/files\/2020\/05\/20200527_212118-e1590697716426-12x24.jpg 12w, https:\/\/blogsaverroes.juntadeandalucia.es\/ceiplaslomas\/files\/2020\/05\/20200527_212118-e1590697716426-18x36.jpg 18w, https:\/\/blogsaverroes.juntadeandalucia.es\/ceiplaslomas\/files\/2020\/05\/20200527_212118-e1590697716426-23x48.jpg 23w, https:\/\/blogsaverroes.juntadeandalucia.es\/ceiplaslomas\/files\/2020\/05\/20200527_212118-e1590697716426.jpg 778w\" sizes=\"(max-width: 146px) 100vw, 146px\" \/><\/a>\n\t\t\t<\/dt><\/dl><dl class='gallery-item'>\n\t\t\t<dt class='gallery-icon portrait'>\n\t\t\t\t<a href='https:\/\/blogsaverroes.juntadeandalucia.es\/ceiplaslomas\/2020\/05\/28\/un-futuro-mas-verde-por-crear\/image-1\/'><img loading=\"lazy\" decoding=\"async\" width=\"225\" height=\"300\" src=\"https:\/\/blogsaverroes.juntadeandalucia.es\/ceiplaslomas\/files\/2020\/05\/image-1-225x300.png\" class=\"attachment-medium size-medium\" alt=\"\" srcset=\"https:\/\/blogsaverroes.juntadeandalucia.es\/ceiplaslomas\/files\/2020\/05\/image-1-225x300.png 225w, https:\/\/blogsaverroes.juntadeandalucia.es\/ceiplaslomas\/files\/2020\/05\/image-1-768x1024.png 768w, https:\/\/blogsaverroes.juntadeandalucia.es\/ceiplaslomas\/files\/2020\/05\/image-1-18x24.png 18w, https:\/\/blogsaverroes.juntadeandalucia.es\/ceiplaslomas\/files\/2020\/05\/image-1-27x36.png 27w, https:\/\/blogsaverroes.juntadeandalucia.es\/ceiplaslomas\/files\/2020\/05\/image-1-36x48.png 36w, https:\/\/blogsaverroes.juntadeandalucia.es\/ceiplaslomas\/files\/2020\/05\/image-1.png 960w\" sizes=\"(max-width: 225px) 100vw, 225px\" \/><\/a>\n\t\t\t<\/dt><\/dl><br style=\"clear: both\" \/><dl class='gallery-item'>\n\t\t\t<dt class='gallery-icon portrait'>\n\t\t\t\t<a href='https:\/\/blogsaverroes.juntadeandalucia.es\/ceiplaslomas\/2020\/05\/28\/un-futuro-mas-verde-por-crear\/image\/'><img loading=\"lazy\" decoding=\"async\" width=\"225\" height=\"300\" src=\"https:\/\/blogsaverroes.juntadeandalucia.es\/ceiplaslomas\/files\/2020\/05\/image-225x300.png\" class=\"attachment-medium size-medium\" alt=\"\" srcset=\"https:\/\/blogsaverroes.juntadeandalucia.es\/ceiplaslomas\/files\/2020\/05\/image-225x300.png 225w, https:\/\/blogsaverroes.juntadeandalucia.es\/ceiplaslomas\/files\/2020\/05\/image-768x1024.png 768w, https:\/\/blogsaverroes.juntadeandalucia.es\/ceiplaslomas\/files\/2020\/05\/image-18x24.png 18w, https:\/\/blogsaverroes.juntadeandalucia.es\/ceiplaslomas\/files\/2020\/05\/image-27x36.png 27w, https:\/\/blogsaverroes.juntadeandalucia.es\/ceiplaslomas\/files\/2020\/05\/image-36x48.png 36w, https:\/\/blogsaverroes.juntadeandalucia.es\/ceiplaslomas\/files\/2020\/05\/image.png 960w\" sizes=\"(max-width: 225px) 100vw, 225px\" \/><\/a>\n\t\t\t<\/dt><\/dl><dl class='gallery-item'>\n\t\t\t<dt class='gallery-icon landscape'>\n\t\t\t\t<a href='https:\/\/blogsaverroes.juntadeandalucia.es\/ceiplaslomas\/2020\/05\/28\/un-futuro-mas-verde-por-crear\/image0\/'><img loading=\"lazy\" decoding=\"async\" width=\"300\" height=\"225\" src=\"https:\/\/blogsaverroes.juntadeandalucia.es\/ceiplaslomas\/files\/2020\/05\/image0-300x225.jpeg\" class=\"attachment-medium size-medium\" alt=\"\" srcset=\"https:\/\/blogsaverroes.juntadeandalucia.es\/ceiplaslomas\/files\/2020\/05\/image0-300x225.jpeg 300w, https:\/\/blogsaverroes.juntadeandalucia.es\/ceiplaslomas\/files\/2020\/05\/image0-768x576.jpeg 768w, https:\/\/blogsaverroes.juntadeandalucia.es\/ceiplaslomas\/files\/2020\/05\/image0-1024x768.jpeg 1024w, https:\/\/blogsaverroes.juntadeandalucia.es\/ceiplaslomas\/files\/2020\/05\/image0-24x18.jpeg 24w, https:\/\/blogsaverroes.juntadeandalucia.es\/ceiplaslomas\/files\/2020\/05\/image0-36x27.jpeg 36w, https:\/\/blogsaverroes.juntadeandalucia.es\/ceiplaslomas\/files\/2020\/05\/image0-48x36.jpeg 48w, https:\/\/blogsaverroes.juntadeandalucia.es\/ceiplaslomas\/files\/2020\/05\/image0.jpeg 1600w\" sizes=\"(max-width: 300px) 100vw, 300px\" \/><\/a>\n\t\t\t<\/dt><\/dl><dl class='gallery-item'>\n\t\t\t<dt class='gallery-icon portrait'>\n\t\t\t\t<a href='https:\/\/blogsaverroes.juntadeandalucia.es\/ceiplaslomas\/2020\/05\/28\/un-futuro-mas-verde-por-crear\/image0_1\/'><img loading=\"lazy\" decoding=\"async\" width=\"225\" height=\"300\" src=\"https:\/\/blogsaverroes.juntadeandalucia.es\/ceiplaslomas\/files\/2020\/05\/image0_1-225x300.jpeg\" class=\"attachment-medium size-medium\" alt=\"\" srcset=\"https:\/\/blogsaverroes.juntadeandalucia.es\/ceiplaslomas\/files\/2020\/05\/image0_1-225x300.jpeg 225w, https:\/\/blogsaverroes.juntadeandalucia.es\/ceiplaslomas\/files\/2020\/05\/image0_1-768x1024.jpeg 768w, https:\/\/blogsaverroes.juntadeandalucia.es\/ceiplaslomas\/files\/2020\/05\/image0_1-18x24.jpeg 18w, https:\/\/blogsaverroes.juntadeandalucia.es\/ceiplaslomas\/files\/2020\/05\/image0_1-27x36.jpeg 27w, https:\/\/blogsaverroes.juntadeandalucia.es\/ceiplaslomas\/files\/2020\/05\/image0_1-36x48.jpeg 36w, https:\/\/blogsaverroes.juntadeandalucia.es\/ceiplaslomas\/files\/2020\/05\/image0_1.jpeg 1200w\" sizes=\"(max-width: 225px) 100vw, 225px\" \/><\/a>\n\t\t\t<\/dt><\/dl><br style=\"clear: both\" \/><dl class='gallery-item'>\n\t\t\t<dt class='gallery-icon landscape'>\n\t\t\t\t<a href='https:\/\/blogsaverroes.juntadeandalucia.es\/ceiplaslomas\/2020\/05\/28\/un-futuro-mas-verde-por-crear\/image1\/'><img loading=\"lazy\" decoding=\"async\" width=\"300\" height=\"224\" src=\"https:\/\/blogsaverroes.juntadeandalucia.es\/ceiplaslomas\/files\/2020\/05\/image1-300x224.jpeg\" class=\"attachment-medium size-medium\" alt=\"\" srcset=\"https:\/\/blogsaverroes.juntadeandalucia.es\/ceiplaslomas\/files\/2020\/05\/image1-300x224.jpeg 300w, https:\/\/blogsaverroes.juntadeandalucia.es\/ceiplaslomas\/files\/2020\/05\/image1-768x574.jpeg 768w, https:\/\/blogsaverroes.juntadeandalucia.es\/ceiplaslomas\/files\/2020\/05\/image1-1024x766.jpeg 1024w, https:\/\/blogsaverroes.juntadeandalucia.es\/ceiplaslomas\/files\/2020\/05\/image1-24x18.jpeg 24w, https:\/\/blogsaverroes.juntadeandalucia.es\/ceiplaslomas\/files\/2020\/05\/image1-36x27.jpeg 36w, https:\/\/blogsaverroes.juntadeandalucia.es\/ceiplaslomas\/files\/2020\/05\/image1-48x36.jpeg 48w, https:\/\/blogsaverroes.juntadeandalucia.es\/ceiplaslomas\/files\/2020\/05\/image1.jpeg 1280w\" sizes=\"(max-width: 300px) 100vw, 300px\" \/><\/a>\n\t\t\t<\/dt><\/dl><dl class='gallery-item'>\n\t\t\t<dt class='gallery-icon portrait'>\n\t\t\t\t<a href='https:\/\/blogsaverroes.juntadeandalucia.es\/ceiplaslomas\/2020\/05\/28\/un-futuro-mas-verde-por-crear\/image2\/'><img loading=\"lazy\" decoding=\"async\" width=\"225\" height=\"300\" src=\"https:\/\/blogsaverroes.juntadeandalucia.es\/ceiplaslomas\/files\/2020\/05\/image2-225x300.jpeg\" class=\"attachment-medium size-medium\" alt=\"\" srcset=\"https:\/\/blogsaverroes.juntadeandalucia.es\/ceiplaslomas\/files\/2020\/05\/image2-225x300.jpeg 225w, https:\/\/blogsaverroes.juntadeandalucia.es\/ceiplaslomas\/files\/2020\/05\/image2-768x1024.jpeg 768w, https:\/\/blogsaverroes.juntadeandalucia.es\/ceiplaslomas\/files\/2020\/05\/image2-18x24.jpeg 18w, https:\/\/blogsaverroes.juntadeandalucia.es\/ceiplaslomas\/files\/2020\/05\/image2-27x36.jpeg 27w, https:\/\/blogsaverroes.juntadeandalucia.es\/ceiplaslomas\/files\/2020\/05\/image2-36x48.jpeg 36w, https:\/\/blogsaverroes.juntadeandalucia.es\/ceiplaslomas\/files\/2020\/05\/image2.jpeg 1200w\" sizes=\"(max-width: 225px) 100vw, 225px\" \/><\/a>\n\t\t\t<\/dt><\/dl><dl class='gallery-item'>\n\t\t\t<dt class='gallery-icon landscape'>\n\t\t\t\t<a href='https:\/\/blogsaverroes.juntadeandalucia.es\/ceiplaslomas\/2020\/05\/28\/un-futuro-mas-verde-por-crear\/image3\/'><img loading=\"lazy\" decoding=\"async\" width=\"300\" height=\"229\" src=\"https:\/\/blogsaverroes.juntadeandalucia.es\/ceiplaslomas\/files\/2020\/05\/image3-300x229.jpeg\" class=\"attachment-medium size-medium\" alt=\"\" srcset=\"https:\/\/blogsaverroes.juntadeandalucia.es\/ceiplaslomas\/files\/2020\/05\/image3-300x229.jpeg 300w, https:\/\/blogsaverroes.juntadeandalucia.es\/ceiplaslomas\/files\/2020\/05\/image3-768x586.jpeg 768w, https:\/\/blogsaverroes.juntadeandalucia.es\/ceiplaslomas\/files\/2020\/05\/image3-1024x781.jpeg 1024w, https:\/\/blogsaverroes.juntadeandalucia.es\/ceiplaslomas\/files\/2020\/05\/image3-24x18.jpeg 24w, https:\/\/blogsaverroes.juntadeandalucia.es\/ceiplaslomas\/files\/2020\/05\/image3-36x27.jpeg 36w, https:\/\/blogsaverroes.juntadeandalucia.es\/ceiplaslomas\/files\/2020\/05\/image3-48x37.jpeg 48w, https:\/\/blogsaverroes.juntadeandalucia.es\/ceiplaslomas\/files\/2020\/05\/image3.jpeg 1536w\" sizes=\"(max-width: 300px) 100vw, 300px\" \/><\/a>\n\t\t\t<\/dt><\/dl><br style=\"clear: both\" \/><dl class='gallery-item'>\n\t\t\t<dt class='gallery-icon portrait'>\n\t\t\t\t<a href='https:\/\/blogsaverroes.juntadeandalucia.es\/ceiplaslomas\/2020\/05\/28\/un-futuro-mas-verde-por-crear\/image4\/'><img loading=\"lazy\" decoding=\"async\" width=\"225\" height=\"300\" src=\"https:\/\/blogsaverroes.juntadeandalucia.es\/ceiplaslomas\/files\/2020\/05\/image4-225x300.jpeg\" class=\"attachment-medium size-medium\" alt=\"\" srcset=\"https:\/\/blogsaverroes.juntadeandalucia.es\/ceiplaslomas\/files\/2020\/05\/image4-225x300.jpeg 225w, https:\/\/blogsaverroes.juntadeandalucia.es\/ceiplaslomas\/files\/2020\/05\/image4-768x1024.jpeg 768w, https:\/\/blogsaverroes.juntadeandalucia.es\/ceiplaslomas\/files\/2020\/05\/image4-18x24.jpeg 18w, https:\/\/blogsaverroes.juntadeandalucia.es\/ceiplaslomas\/files\/2020\/05\/image4-27x36.jpeg 27w, https:\/\/blogsaverroes.juntadeandalucia.es\/ceiplaslomas\/files\/2020\/05\/image4-36x48.jpeg 36w, https:\/\/blogsaverroes.juntadeandalucia.es\/ceiplaslomas\/files\/2020\/05\/image4.jpeg 1200w\" sizes=\"(max-width: 225px) 100vw, 225px\" \/><\/a>\n\t\t\t<\/dt><\/dl><dl class='gallery-item'>\n\t\t\t<dt class='gallery-icon landscape'>\n\t\t\t\t<a href='https:\/\/blogsaverroes.juntadeandalucia.es\/ceiplaslomas\/2020\/05\/28\/un-futuro-mas-verde-por-crear\/image6\/'><img loading=\"lazy\" decoding=\"async\" width=\"300\" height=\"232\" src=\"https:\/\/blogsaverroes.juntadeandalucia.es\/ceiplaslomas\/files\/2020\/05\/image6-300x232.jpeg\" class=\"attachment-medium size-medium\" alt=\"\" srcset=\"https:\/\/blogsaverroes.juntadeandalucia.es\/ceiplaslomas\/files\/2020\/05\/image6-300x232.jpeg 300w, https:\/\/blogsaverroes.juntadeandalucia.es\/ceiplaslomas\/files\/2020\/05\/image6-768x593.jpeg 768w, https:\/\/blogsaverroes.juntadeandalucia.es\/ceiplaslomas\/files\/2020\/05\/image6-1024x791.jpeg 1024w, https:\/\/blogsaverroes.juntadeandalucia.es\/ceiplaslomas\/files\/2020\/05\/image6-24x19.jpeg 24w, https:\/\/blogsaverroes.juntadeandalucia.es\/ceiplaslomas\/files\/2020\/05\/image6-36x28.jpeg 36w, https:\/\/blogsaverroes.juntadeandalucia.es\/ceiplaslomas\/files\/2020\/05\/image6-48x37.jpeg 48w, https:\/\/blogsaverroes.juntadeandalucia.es\/ceiplaslomas\/files\/2020\/05\/image6.jpeg 1600w\" sizes=\"(max-width: 300px) 100vw, 300px\" \/><\/a>\n\t\t\t<\/dt><\/dl><dl class='gallery-item'>\n\t\t\t<dt class='gallery-icon portrait'>\n\t\t\t\t<a href='https:\/\/blogsaverroes.juntadeandalucia.es\/ceiplaslomas\/2020\/05\/28\/un-futuro-mas-verde-por-crear\/image200\/'><img loading=\"lazy\" decoding=\"async\" width=\"225\" height=\"300\" src=\"https:\/\/blogsaverroes.juntadeandalucia.es\/ceiplaslomas\/files\/2020\/05\/image200-e1590697739699-225x300.jpeg\" class=\"attachment-medium size-medium\" alt=\"\" srcset=\"https:\/\/blogsaverroes.juntadeandalucia.es\/ceiplaslomas\/files\/2020\/05\/image200-e1590697739699-225x300.jpeg 225w, https:\/\/blogsaverroes.juntadeandalucia.es\/ceiplaslomas\/files\/2020\/05\/image200-e1590697739699-768x1024.jpeg 768w, https:\/\/blogsaverroes.juntadeandalucia.es\/ceiplaslomas\/files\/2020\/05\/image200-e1590697739699-18x24.jpeg 18w, https:\/\/blogsaverroes.juntadeandalucia.es\/ceiplaslomas\/files\/2020\/05\/image200-e1590697739699-27x36.jpeg 27w, https:\/\/blogsaverroes.juntadeandalucia.es\/ceiplaslomas\/files\/2020\/05\/image200-e1590697739699-36x48.jpeg 36w, https:\/\/blogsaverroes.juntadeandalucia.es\/ceiplaslomas\/files\/2020\/05\/image200-e1590697739699.jpeg 1200w\" sizes=\"(max-width: 225px) 100vw, 225px\" \/><\/a>\n\t\t\t<\/dt><\/dl><br style=\"clear: both\" \/><dl class='gallery-item'>\n\t\t\t<dt class='gallery-icon portrait'>\n\t\t\t\t<a href='https:\/\/blogsaverroes.juntadeandalucia.es\/ceiplaslomas\/2020\/05\/28\/un-futuro-mas-verde-por-crear\/img_20200526_114256\/'><img loading=\"lazy\" decoding=\"async\" width=\"225\" height=\"300\" src=\"https:\/\/blogsaverroes.juntadeandalucia.es\/ceiplaslomas\/files\/2020\/05\/IMG_20200526_114256-225x300.jpg\" class=\"attachment-medium size-medium\" alt=\"\" srcset=\"https:\/\/blogsaverroes.juntadeandalucia.es\/ceiplaslomas\/files\/2020\/05\/IMG_20200526_114256-225x300.jpg 225w, https:\/\/blogsaverroes.juntadeandalucia.es\/ceiplaslomas\/files\/2020\/05\/IMG_20200526_114256-768x1024.jpg 768w, https:\/\/blogsaverroes.juntadeandalucia.es\/ceiplaslomas\/files\/2020\/05\/IMG_20200526_114256-18x24.jpg 18w, https:\/\/blogsaverroes.juntadeandalucia.es\/ceiplaslomas\/files\/2020\/05\/IMG_20200526_114256-27x36.jpg 27w, https:\/\/blogsaverroes.juntadeandalucia.es\/ceiplaslomas\/files\/2020\/05\/IMG_20200526_114256-36x48.jpg 36w, https:\/\/blogsaverroes.juntadeandalucia.es\/ceiplaslomas\/files\/2020\/05\/IMG_20200526_114256.jpg 1200w\" sizes=\"(max-width: 225px) 100vw, 225px\" \/><\/a>\n\t\t\t<\/dt><\/dl><dl class='gallery-item'>\n\t\t\t<dt class='gallery-icon landscape'>\n\t\t\t\t<a href='https:\/\/blogsaverroes.juntadeandalucia.es\/ceiplaslomas\/2020\/05\/28\/un-futuro-mas-verde-por-crear\/img_20200527_180511\/'><img loading=\"lazy\" decoding=\"async\" width=\"300\" height=\"225\" src=\"https:\/\/blogsaverroes.juntadeandalucia.es\/ceiplaslomas\/files\/2020\/05\/IMG_20200527_180511-300x225.jpg\" class=\"attachment-medium size-medium\" alt=\"\" srcset=\"https:\/\/blogsaverroes.juntadeandalucia.es\/ceiplaslomas\/files\/2020\/05\/IMG_20200527_180511-300x225.jpg 300w, https:\/\/blogsaverroes.juntadeandalucia.es\/ceiplaslomas\/files\/2020\/05\/IMG_20200527_180511-768x576.jpg 768w, https:\/\/blogsaverroes.juntadeandalucia.es\/ceiplaslomas\/files\/2020\/05\/IMG_20200527_180511-1024x768.jpg 1024w, https:\/\/blogsaverroes.juntadeandalucia.es\/ceiplaslomas\/files\/2020\/05\/IMG_20200527_180511-24x18.jpg 24w, https:\/\/blogsaverroes.juntadeandalucia.es\/ceiplaslomas\/files\/2020\/05\/IMG_20200527_180511-36x27.jpg 36w, https:\/\/blogsaverroes.juntadeandalucia.es\/ceiplaslomas\/files\/2020\/05\/IMG_20200527_180511-48x36.jpg 48w, https:\/\/blogsaverroes.juntadeandalucia.es\/ceiplaslomas\/files\/2020\/05\/IMG_20200527_180511.jpg 1600w\" sizes=\"(max-width: 300px) 100vw, 300px\" \/><\/a>\n\t\t\t<\/dt><\/dl><dl class='gallery-item'>\n\t\t\t<dt class='gallery-icon portrait'>\n\t\t\t\t<a href='https:\/\/blogsaverroes.juntadeandalucia.es\/ceiplaslomas\/2020\/05\/28\/un-futuro-mas-verde-por-crear\/img-20200527-wa0032\/'><img loading=\"lazy\" decoding=\"async\" width=\"169\" height=\"300\" src=\"https:\/\/blogsaverroes.juntadeandalucia.es\/ceiplaslomas\/files\/2020\/05\/IMG-20200527-WA0032-e1590697555351-169x300.jpeg\" class=\"attachment-medium size-medium\" alt=\"\" srcset=\"https:\/\/blogsaverroes.juntadeandalucia.es\/ceiplaslomas\/files\/2020\/05\/IMG-20200527-WA0032-e1590697555351-169x300.jpeg 169w, https:\/\/blogsaverroes.juntadeandalucia.es\/ceiplaslomas\/files\/2020\/05\/IMG-20200527-WA0032-e1590697555351-768x1365.jpeg 768w, https:\/\/blogsaverroes.juntadeandalucia.es\/ceiplaslomas\/files\/2020\/05\/IMG-20200527-WA0032-e1590697555351-576x1024.jpeg 576w, https:\/\/blogsaverroes.juntadeandalucia.es\/ceiplaslomas\/files\/2020\/05\/IMG-20200527-WA0032-e1590697555351-14x24.jpeg 14w, https:\/\/blogsaverroes.juntadeandalucia.es\/ceiplaslomas\/files\/2020\/05\/IMG-20200527-WA0032-e1590697555351-20x36.jpeg 20w, https:\/\/blogsaverroes.juntadeandalucia.es\/ceiplaslomas\/files\/2020\/05\/IMG-20200527-WA0032-e1590697555351-27x48.jpeg 27w, https:\/\/blogsaverroes.juntadeandalucia.es\/ceiplaslomas\/files\/2020\/05\/IMG-20200527-WA0032-e1590697555351.jpeg 900w\" sizes=\"(max-width: 169px) 100vw, 169px\" \/><\/a>\n\t\t\t<\/dt><\/dl><br style=\"clear: both\" \/><dl class='gallery-item'>\n\t\t\t<dt class='gallery-icon portrait'>\n\t\t\t\t<a href='https:\/\/blogsaverroes.juntadeandalucia.es\/ceiplaslomas\/2020\/05\/28\/un-futuro-mas-verde-por-crear\/20200528_185457\/'><img loading=\"lazy\" decoding=\"async\" width=\"225\" height=\"300\" src=\"https:\/\/blogsaverroes.juntadeandalucia.es\/ceiplaslomas\/files\/2020\/05\/20200528_185457-225x300.jpg\" class=\"attachment-medium size-medium\" alt=\"\" srcset=\"https:\/\/blogsaverroes.juntadeandalucia.es\/ceiplaslomas\/files\/2020\/05\/20200528_185457-225x300.jpg 225w, https:\/\/blogsaverroes.juntadeandalucia.es\/ceiplaslomas\/files\/2020\/05\/20200528_185457-768x1024.jpg 768w, https:\/\/blogsaverroes.juntadeandalucia.es\/ceiplaslomas\/files\/2020\/05\/20200528_185457-18x24.jpg 18w, https:\/\/blogsaverroes.juntadeandalucia.es\/ceiplaslomas\/files\/2020\/05\/20200528_185457-27x36.jpg 27w, https:\/\/blogsaverroes.juntadeandalucia.es\/ceiplaslomas\/files\/2020\/05\/20200528_185457-36x48.jpg 36w, https:\/\/blogsaverroes.juntadeandalucia.es\/ceiplaslomas\/files\/2020\/05\/20200528_185457.jpg 1200w\" sizes=\"(max-width: 225px) 100vw, 225px\" \/><\/a>\n\t\t\t<\/dt><\/dl><dl class='gallery-item'>\n\t\t\t<dt class='gallery-icon portrait'>\n\t\t\t\t<a href='https:\/\/blogsaverroes.juntadeandalucia.es\/ceiplaslomas\/2020\/05\/28\/un-futuro-mas-verde-por-crear\/20200530_141802\/'><img loading=\"lazy\" decoding=\"async\" width=\"225\" height=\"300\" src=\"https:\/\/blogsaverroes.juntadeandalucia.es\/ceiplaslomas\/files\/2020\/05\/20200530_141802-225x300.jpg\" class=\"attachment-medium size-medium\" alt=\"\" srcset=\"https:\/\/blogsaverroes.juntadeandalucia.es\/ceiplaslomas\/files\/2020\/05\/20200530_141802-225x300.jpg 225w, https:\/\/blogsaverroes.juntadeandalucia.es\/ceiplaslomas\/files\/2020\/05\/20200530_141802-768x1024.jpg 768w, https:\/\/blogsaverroes.juntadeandalucia.es\/ceiplaslomas\/files\/2020\/05\/20200530_141802-18x24.jpg 18w, https:\/\/blogsaverroes.juntadeandalucia.es\/ceiplaslomas\/files\/2020\/05\/20200530_141802-27x36.jpg 27w, https:\/\/blogsaverroes.juntadeandalucia.es\/ceiplaslomas\/files\/2020\/05\/20200530_141802-36x48.jpg 36w, https:\/\/blogsaverroes.juntadeandalucia.es\/ceiplaslomas\/files\/2020\/05\/20200530_141802.jpg 1200w\" sizes=\"(max-width: 225px) 100vw, 225px\" \/><\/a>\n\t\t\t<\/dt><\/dl><dl class='gallery-item'>\n\t\t\t<dt class='gallery-icon portrait'>\n\t\t\t\t<a href='https:\/\/blogsaverroes.juntadeandalucia.es\/ceiplaslomas\/2020\/05\/28\/un-futuro-mas-verde-por-crear\/20200530_141809\/'><img loading=\"lazy\" decoding=\"async\" width=\"225\" height=\"300\" src=\"https:\/\/blogsaverroes.juntadeandalucia.es\/ceiplaslomas\/files\/2020\/05\/20200530_141809-225x300.jpg\" class=\"attachment-medium size-medium\" alt=\"\" srcset=\"https:\/\/blogsaverroes.juntadeandalucia.es\/ceiplaslomas\/files\/2020\/05\/20200530_141809-225x300.jpg 225w, https:\/\/blogsaverroes.juntadeandalucia.es\/ceiplaslomas\/files\/2020\/05\/20200530_141809-768x1024.jpg 768w, https:\/\/blogsaverroes.juntadeandalucia.es\/ceiplaslomas\/files\/2020\/05\/20200530_141809-18x24.jpg 18w, https:\/\/blogsaverroes.juntadeandalucia.es\/ceiplaslomas\/files\/2020\/05\/20200530_141809-27x36.jpg 27w, https:\/\/blogsaverroes.juntadeandalucia.es\/ceiplaslomas\/files\/2020\/05\/20200530_141809-36x48.jpg 36w, https:\/\/blogsaverroes.juntadeandalucia.es\/ceiplaslomas\/files\/2020\/05\/20200530_141809.jpg 1200w\" sizes=\"(max-width: 225px) 100vw, 225px\" \/><\/a>\n\t\t\t<\/dt><\/dl><br style=\"clear: both\" \/><dl class='gallery-item'>\n\t\t\t<dt class='gallery-icon portrait'>\n\t\t\t\t<a href='https:\/\/blogsaverroes.juntadeandalucia.es\/ceiplaslomas\/2020\/05\/28\/un-futuro-mas-verde-por-crear\/image0-2\/'><img loading=\"lazy\" decoding=\"async\" width=\"225\" height=\"300\" src=\"https:\/\/blogsaverroes.juntadeandalucia.es\/ceiplaslomas\/files\/2020\/05\/image0-1-225x300.jpeg\" class=\"attachment-medium size-medium\" alt=\"\" srcset=\"https:\/\/blogsaverroes.juntadeandalucia.es\/ceiplaslomas\/files\/2020\/05\/image0-1-225x300.jpeg 225w, https:\/\/blogsaverroes.juntadeandalucia.es\/ceiplaslomas\/files\/2020\/05\/image0-1-768x1024.jpeg 768w, https:\/\/blogsaverroes.juntadeandalucia.es\/ceiplaslomas\/files\/2020\/05\/image0-1-18x24.jpeg 18w, https:\/\/blogsaverroes.juntadeandalucia.es\/ceiplaslomas\/files\/2020\/05\/image0-1-27x36.jpeg 27w, https:\/\/blogsaverroes.juntadeandalucia.es\/ceiplaslomas\/files\/2020\/05\/image0-1-36x48.jpeg 36w, https:\/\/blogsaverroes.juntadeandalucia.es\/ceiplaslomas\/files\/2020\/05\/image0-1.jpeg 1200w\" sizes=\"(max-width: 225px) 100vw, 225px\" \/><\/a>\n\t\t\t<\/dt><\/dl><dl class='gallery-item'>\n\t\t\t<dt class='gallery-icon landscape'>\n\t\t\t\t<a href='https:\/\/blogsaverroes.juntadeandalucia.es\/ceiplaslomas\/2020\/05\/28\/un-futuro-mas-verde-por-crear\/rptnb\/'><img loading=\"lazy\" decoding=\"async\" width=\"300\" height=\"230\" src=\"https:\/\/blogsaverroes.juntadeandalucia.es\/ceiplaslomas\/files\/2020\/05\/image1-1-300x230.jpeg\" class=\"attachment-medium size-medium\" alt=\"\" aria-describedby=\"gallery-1-8291\" srcset=\"https:\/\/blogsaverroes.juntadeandalucia.es\/ceiplaslomas\/files\/2020\/05\/image1-1-300x230.jpeg 300w, https:\/\/blogsaverroes.juntadeandalucia.es\/ceiplaslomas\/files\/2020\/05\/image1-1-768x588.jpeg 768w, https:\/\/blogsaverroes.juntadeandalucia.es\/ceiplaslomas\/files\/2020\/05\/image1-1-1024x784.jpeg 1024w, https:\/\/blogsaverroes.juntadeandalucia.es\/ceiplaslomas\/files\/2020\/05\/image1-1-24x18.jpeg 24w, https:\/\/blogsaverroes.juntadeandalucia.es\/ceiplaslomas\/files\/2020\/05\/image1-1-36x28.jpeg 36w, https:\/\/blogsaverroes.juntadeandalucia.es\/ceiplaslomas\/files\/2020\/05\/image1-1-48x37.jpeg 48w, https:\/\/blogsaverroes.juntadeandalucia.es\/ceiplaslomas\/files\/2020\/05\/image1-1.jpeg 1600w\" sizes=\"(max-width: 300px) 100vw, 300px\" \/><\/a>\n\t\t\t<\/dt>\n\t\t\t\t<dd class='wp-caption-text gallery-caption' id='gallery-1-8291'>\n\t\t\t\trptnb\n\t\t\t\t<\/dd><\/dl><dl class='gallery-item'>\n\t\t\t<dt class='gallery-icon portrait'>\n\t\t\t\t<a href='https:\/\/blogsaverroes.juntadeandalucia.es\/ceiplaslomas\/2020\/05\/28\/un-futuro-mas-verde-por-crear\/image2-2\/'><img loading=\"lazy\" decoding=\"async\" width=\"225\" height=\"300\" src=\"https:\/\/blogsaverroes.juntadeandalucia.es\/ceiplaslomas\/files\/2020\/05\/image2-1-e1591203024196-225x300.jpeg\" class=\"attachment-medium size-medium\" alt=\"\" srcset=\"https:\/\/blogsaverroes.juntadeandalucia.es\/ceiplaslomas\/files\/2020\/05\/image2-1-e1591203024196-225x300.jpeg 225w, https:\/\/blogsaverroes.juntadeandalucia.es\/ceiplaslomas\/files\/2020\/05\/image2-1-e1591203024196-768x1024.jpeg 768w, https:\/\/blogsaverroes.juntadeandalucia.es\/ceiplaslomas\/files\/2020\/05\/image2-1-e1591203024196-18x24.jpeg 18w, https:\/\/blogsaverroes.juntadeandalucia.es\/ceiplaslomas\/files\/2020\/05\/image2-1-e1591203024196-27x36.jpeg 27w, https:\/\/blogsaverroes.juntadeandalucia.es\/ceiplaslomas\/files\/2020\/05\/image2-1-e1591203024196-36x48.jpeg 36w, https:\/\/blogsaverroes.juntadeandalucia.es\/ceiplaslomas\/files\/2020\/05\/image2-1-e1591203024196.jpeg 1200w\" sizes=\"(max-width: 225px) 100vw, 225px\" \/><\/a>\n\t\t\t<\/dt><\/dl><br style=\"clear: both\" \/><dl class='gallery-item'>\n\t\t\t<dt class='gallery-icon portrait'>\n\t\t\t\t<a href='https:\/\/blogsaverroes.juntadeandalucia.es\/ceiplaslomas\/2020\/05\/28\/un-futuro-mas-verde-por-crear\/image3-2\/'><img loading=\"lazy\" decoding=\"async\" width=\"225\" height=\"300\" src=\"https:\/\/blogsaverroes.juntadeandalucia.es\/ceiplaslomas\/files\/2020\/05\/image3-1-e1591203045787-225x300.jpeg\" class=\"attachment-medium size-medium\" alt=\"\" srcset=\"https:\/\/blogsaverroes.juntadeandalucia.es\/ceiplaslomas\/files\/2020\/05\/image3-1-e1591203045787-225x300.jpeg 225w, https:\/\/blogsaverroes.juntadeandalucia.es\/ceiplaslomas\/files\/2020\/05\/image3-1-e1591203045787-768x1023.jpeg 768w, https:\/\/blogsaverroes.juntadeandalucia.es\/ceiplaslomas\/files\/2020\/05\/image3-1-e1591203045787-769x1024.jpeg 769w, https:\/\/blogsaverroes.juntadeandalucia.es\/ceiplaslomas\/files\/2020\/05\/image3-1-e1591203045787-18x24.jpeg 18w, https:\/\/blogsaverroes.juntadeandalucia.es\/ceiplaslomas\/files\/2020\/05\/image3-1-e1591203045787-27x36.jpeg 27w, https:\/\/blogsaverroes.juntadeandalucia.es\/ceiplaslomas\/files\/2020\/05\/image3-1-e1591203045787-36x48.jpeg 36w, https:\/\/blogsaverroes.juntadeandalucia.es\/ceiplaslomas\/files\/2020\/05\/image3-1-e1591203045787.jpeg 1201w\" sizes=\"(max-width: 225px) 100vw, 225px\" \/><\/a>\n\t\t\t<\/dt><\/dl><dl class='gallery-item'>\n\t\t\t<dt class='gallery-icon portrait'>\n\t\t\t\t<a href='https:\/\/blogsaverroes.juntadeandalucia.es\/ceiplaslomas\/2020\/05\/28\/un-futuro-mas-verde-por-crear\/img_20200527_171428-1\/'><img loading=\"lazy\" decoding=\"async\" width=\"169\" height=\"300\" src=\"https:\/\/blogsaverroes.juntadeandalucia.es\/ceiplaslomas\/files\/2020\/05\/IMG_20200527_171428-1-169x300.jpg\" class=\"attachment-medium size-medium\" alt=\"\" srcset=\"https:\/\/blogsaverroes.juntadeandalucia.es\/ceiplaslomas\/files\/2020\/05\/IMG_20200527_171428-1-169x300.jpg 169w, https:\/\/blogsaverroes.juntadeandalucia.es\/ceiplaslomas\/files\/2020\/05\/IMG_20200527_171428-1-768x1367.jpg 768w, https:\/\/blogsaverroes.juntadeandalucia.es\/ceiplaslomas\/files\/2020\/05\/IMG_20200527_171428-1-576x1024.jpg 576w, https:\/\/blogsaverroes.juntadeandalucia.es\/ceiplaslomas\/files\/2020\/05\/IMG_20200527_171428-1-13x24.jpg 13w, https:\/\/blogsaverroes.juntadeandalucia.es\/ceiplaslomas\/files\/2020\/05\/IMG_20200527_171428-1-20x36.jpg 20w, https:\/\/blogsaverroes.juntadeandalucia.es\/ceiplaslomas\/files\/2020\/05\/IMG_20200527_171428-1-27x48.jpg 27w, https:\/\/blogsaverroes.juntadeandalucia.es\/ceiplaslomas\/files\/2020\/05\/IMG_20200527_171428-1.jpg 899w\" sizes=\"(max-width: 169px) 100vw, 169px\" \/><\/a>\n\t\t\t<\/dt><\/dl><dl class='gallery-item'>\n\t\t\t<dt class='gallery-icon portrait'>\n\t\t\t\t<a href='https:\/\/blogsaverroes.juntadeandalucia.es\/ceiplaslomas\/2020\/05\/28\/un-futuro-mas-verde-por-crear\/img-20200529-wa0018\/'><img loading=\"lazy\" decoding=\"async\" width=\"225\" height=\"300\" src=\"https:\/\/blogsaverroes.juntadeandalucia.es\/ceiplaslomas\/files\/2020\/05\/IMG-20200529-WA0018-225x300.jpg\" class=\"attachment-medium size-medium\" alt=\"\" srcset=\"https:\/\/blogsaverroes.juntadeandalucia.es\/ceiplaslomas\/files\/2020\/05\/IMG-20200529-WA0018-225x300.jpg 225w, https:\/\/blogsaverroes.juntadeandalucia.es\/ceiplaslomas\/files\/2020\/05\/IMG-20200529-WA0018-768x1024.jpg 768w, https:\/\/blogsaverroes.juntadeandalucia.es\/ceiplaslomas\/files\/2020\/05\/IMG-20200529-WA0018-18x24.jpg 18w, https:\/\/blogsaverroes.juntadeandalucia.es\/ceiplaslomas\/files\/2020\/05\/IMG-20200529-WA0018-27x36.jpg 27w, https:\/\/blogsaverroes.juntadeandalucia.es\/ceiplaslomas\/files\/2020\/05\/IMG-20200529-WA0018-36x48.jpg 36w, https:\/\/blogsaverroes.juntadeandalucia.es\/ceiplaslomas\/files\/2020\/05\/IMG-20200529-WA0018.jpg 1200w\" sizes=\"(max-width: 225px) 100vw, 225px\" \/><\/a>\n\t\t\t<\/dt><\/dl><br style=\"clear: both\" \/><dl class='gallery-item'>\n\t\t\t<dt class='gallery-icon landscape'>\n\t\t\t\t<a href='https:\/\/blogsaverroes.juntadeandalucia.es\/ceiplaslomas\/2020\/05\/28\/un-futuro-mas-verde-por-crear\/img-20200531-wa0002\/'><img loading=\"lazy\" decoding=\"async\" width=\"300\" height=\"169\" src=\"https:\/\/blogsaverroes.juntadeandalucia.es\/ceiplaslomas\/files\/2020\/05\/IMG-20200531-WA0002-e1591203064768-300x169.jpg\" class=\"attachment-medium size-medium\" alt=\"\" srcset=\"https:\/\/blogsaverroes.juntadeandalucia.es\/ceiplaslomas\/files\/2020\/05\/IMG-20200531-WA0002-e1591203064768-300x169.jpg 300w, https:\/\/blogsaverroes.juntadeandalucia.es\/ceiplaslomas\/files\/2020\/05\/IMG-20200531-WA0002-e1591203064768-768x432.jpg 768w, https:\/\/blogsaverroes.juntadeandalucia.es\/ceiplaslomas\/files\/2020\/05\/IMG-20200531-WA0002-e1591203064768-1024x576.jpg 1024w, https:\/\/blogsaverroes.juntadeandalucia.es\/ceiplaslomas\/files\/2020\/05\/IMG-20200531-WA0002-e1591203064768-24x14.jpg 24w, https:\/\/blogsaverroes.juntadeandalucia.es\/ceiplaslomas\/files\/2020\/05\/IMG-20200531-WA0002-e1591203064768-36x20.jpg 36w, https:\/\/blogsaverroes.juntadeandalucia.es\/ceiplaslomas\/files\/2020\/05\/IMG-20200531-WA0002-e1591203064768-48x27.jpg 48w, https:\/\/blogsaverroes.juntadeandalucia.es\/ceiplaslomas\/files\/2020\/05\/IMG-20200531-WA0002-e1591203064768.jpg 1600w\" sizes=\"(max-width: 300px) 100vw, 300px\" \/><\/a>\n\t\t\t<\/dt><\/dl>\n\t\t\t<br style='clear: both' \/>\n\t\t<\/div>\n\n<p>&nbsp;<\/p>\n","protected":false},"excerpt":{"rendered":"<p>PREPARANDO LA CELEBRACI\u00d3N DEL 5 DE JUNIO, D\u00cdA INTERNACIONAL DEL MEDIO AMBIENTE El pr\u00f3ximo 5 de junio se celebra el d\u00eda internacional del Medio Ambiente. Si hubi\u00e9ramos estado en el cole, como miembros del&#46;&#46;&#46;<\/p>\n","protected":false},"author":5742,"featured_media":8228,"comment_status":"closed","ping_status":"closed","sticky":false,"template":"","format":"standard","meta":{"ngg_post_thumbnail":0,"footnotes":""},"categories":[217183],"tags":[],"aioseo_notices":[],"_links":{"self":[{"href":"https:\/\/blogsaverroes.juntadeandalucia.es\/ceiplaslomas\/wp-json\/wp\/v2\/posts\/8225"}],"collection":[{"href":"https:\/\/blogsaverroes.juntadeandalucia.es\/ceiplaslomas\/wp-json\/wp\/v2\/posts"}],"about":[{"href":"https:\/\/blogsaverroes.juntadeandalucia.es\/ceiplaslomas\/wp-json\/wp\/v2\/types\/post"}],"author":[{"embeddable":true,"href":"https:\/\/blogsaverroes.juntadeandalucia.es\/ceiplaslomas\/wp-json\/wp\/v2\/users\/5742"}],"replies":[{"embeddable":true,"href":"https:\/\/blogsaverroes.juntadeandalucia.es\/ceiplaslomas\/wp-json\/wp\/v2\/comments?post=8225"}],"version-history":[{"count":4,"href":"https:\/\/blogsaverroes.juntadeandalucia.es\/ceiplaslomas\/wp-json\/wp\/v2\/posts\/8225\/revisions"}],"predecessor-version":[{"id":8297,"href":"https:\/\/blogsaverroes.juntadeandalucia.es\/ceiplaslomas\/wp-json\/wp\/v2\/posts\/8225\/revisions\/8297"}],"wp:featuredmedia":[{"embeddable":true,"href":"https:\/\/blogsaverroes.juntadeandalucia.es\/ceiplaslomas\/wp-json\/wp\/v2\/media\/8228"}],"wp:attachment":[{"href":"https:\/\/blogsaverroes.juntadeandalucia.es\/ceiplaslomas\/wp-json\/wp\/v2\/media?parent=8225"}],"wp:term":[{"taxonomy":"category","embeddable":true,"href":"https:\/\/blogsaverroes.juntadeandalucia.es\/ceiplaslomas\/wp-json\/wp\/v2\/categories?post=8225"},{"taxonomy":"post_tag","embeddable":true,"href":"https:\/\/blogsaverroes.juntadeandalucia.es\/ceiplaslomas\/wp-json\/wp\/v2\/tags?post=8225"}],"curies":[{"name":"wp","href":"https:\/\/api.w.org\/{rel}","templated":true}]}}