{"id":3140,"date":"2020-05-02T12:08:45","date_gmt":"2020-05-02T12:08:45","guid":{"rendered":"https:\/\/blogsaverroes.juntadeandalucia.es\/ceiplasmellizas\/?p=3140"},"modified":"2020-05-02T12:09:31","modified_gmt":"2020-05-02T12:09:31","slug":"3140","status":"publish","type":"post","link":"https:\/\/blogsaverroes.juntadeandalucia.es\/ceiplasmellizas\/2020\/05\/02\/3140\/","title":{"rendered":"\u00a1Autonom\u00eda en estado puro! \ud83d\udc5e\ud83d\ude1b\ud83d\udc5e\ud83d\ude1b #Reto"},"content":{"rendered":"<p>\u00a1\u00c1lvaro, Javier y Celia se suman al reto y lo superan con \u00e9xito! <span class=\"_5mfr\"><span class=\"_6qdm\">\ud83d\udcaa\ud83c\udffd<\/span><\/span><span class=\"_5mfr\"><span class=\"_6qdm\">\ud83d\udcaa\ud83c\udffd<\/span><\/span> Son alumnos de 2\u00ba de primaria y gracias a la pr\u00e1ctica consiguen atarse los cordones de forma aut\u00f3noma. Este reto es propuesto por nuestra se\u00f1o Ana Bel\u00e9n, desde el \u00e1rea de educaci\u00f3n F\u00edsica. <span class=\"_5mfr\"><span class=\"_6qdm\">\ud83d\ude43<\/span><\/span>\u00a1Nos encanta que os anim\u00e9is a participar!<\/p>\n<p>\u00c1lvaro, Javier and Celia join the challenge and successfully overcome it! <span class=\"_5mfr\"><span class=\"_6qdm\">\ud83d\udcaa\ud83c\udffd<\/span><\/span><span class=\"_5mfr\"><span class=\"_6qdm\">\ud83d\udcaa\ud83c\udffd<\/span><\/span> They are 2nd grade students and thanks to the practice they manage to tie their laces autonomously. This challenge is proposed by our teacher Ana Bel\u00e9n, from the Physical Education area. <span class=\"_5mfr\"><span class=\"_6qdm\">\ud83d\ude43<\/span><\/span> We love that you are encouraged to participate! Bye, bye!<\/p>\n<p><a class=\"_58cn\" href=\"https:\/\/www.facebook.com\/hashtag\/ceiplasmellizas?source=feed_text&amp;epa=HASHTAG\" data-ft=\"{&quot;type&quot;:104,&quot;tn&quot;:&quot;*N&quot;}\"><span class=\"_5afx\"><span class=\"_58cl _5afz\" aria-label=\"hashtag\">#<\/span><span class=\"_58cm\">ceiplasmellizas<\/span><\/span><\/a> <a class=\"_58cn\" href=\"https:\/\/www.facebook.com\/hashtag\/malagaeducaencasa?source=feed_text&amp;epa=HASHTAG\" data-ft=\"{&quot;type&quot;:104,&quot;tn&quot;:&quot;*N&quot;}\"><span class=\"_5afx\"><span class=\"_58cl _5afz\" aria-label=\"hashtag\">#<\/span><span class=\"_58cm\">malagaeducaencasa<\/span><\/span><\/a> <a class=\"_58cn\" href=\"https:\/\/www.facebook.com\/hashtag\/reto?source=feed_text&amp;epa=HASHTAG\" data-ft=\"{&quot;type&quot;:104,&quot;tn&quot;:&quot;*N&quot;}\"><span class=\"_5afx\"><span class=\"_58cl _5afz\" aria-label=\"hashtag\">#<\/span><span class=\"_58cm\">reto<\/span><\/span><\/a> <a class=\"_58cn\" href=\"https:\/\/www.facebook.com\/hashtag\/educacionprimaria?source=feed_text&amp;epa=HASHTAG\" data-ft=\"{&quot;type&quot;:104,&quot;tn&quot;:&quot;*N&quot;}\"><span class=\"_5afx\"><span class=\"_58cl _5afz\" aria-label=\"hashtag\">#<\/span><span class=\"_58cm\">educacionprimaria<\/span><\/span><\/a><a class=\"_58cn\" href=\"https:\/\/www.facebook.com\/hashtag\/educacionfisica?source=feed_text&amp;epa=HASHTAG\" data-ft=\"{&quot;type&quot;:104,&quot;tn&quot;:&quot;*N&quot;}\"><span class=\"_5afx\"><span class=\"_58cl _5afz\" aria-label=\"hashtag\">#<\/span><span class=\"_58cm\">educacionfisica<\/span><\/span><\/a><\/p>\n<p>https:\/\/www.facebook.com\/ceip.lasmellizas.9\/videos\/pcb.2562855807259366\/2562856267259320\/?type=3&#038;theater<\/p>\n<p>https:\/\/www.facebook.com\/ceip.lasmellizas.9\/videos\/pcb.2562855807259366\/2562856310592649\/?type=3&#038;theater<\/p>\n<p>https:\/\/www.facebook.com\/ceip.lasmellizas.9\/videos\/pcb.2562855807259366\/2562856270592653\/?type=3&#038;theater<\/p>\n<h3>Im\u00e1genes Relacionadas:<\/h3>","protected":false},"excerpt":{"rendered":"<p>\u00a1\u00c1lvaro, Javier y Celia se suman al reto y lo superan con \u00e9xito! \ud83d\udcaa\ud83c\udffd\ud83d\udcaa\ud83c\udffd Son alumnos de 2\u00ba de primaria y gracias a la pr\u00e1ctica consiguen atarse los cordones de forma aut\u00f3noma. Este reto es propuesto por nuestra se\u00f1o Ana Bel\u00e9n, desde el \u00e1rea de educaci\u00f3n F\u00edsica. \ud83d\ude43\u00a1Nos encanta que os anim\u00e9is a participar! \u00c1lvaro, &hellip; <\/p>\n<p class=\"link-more\"><a href=\"https:\/\/blogsaverroes.juntadeandalucia.es\/ceiplasmellizas\/2020\/05\/02\/3140\/\" class=\"more-link\">Continuar leyendo<span class=\"screen-reader-text\"> \u00ab\u00a1Autonom\u00eda en estado puro! \ud83d\udc5e\ud83d\ude1b\ud83d\udc5e\ud83d\ude1b #Reto\u00bb<\/span><\/a><\/p>\n","protected":false},"author":2036,"featured_media":0,"comment_status":"open","ping_status":"open","sticky":false,"template":"","format":"standard","meta":{"ngg_post_thumbnail":0,"footnotes":""},"categories":[25494],"tags":[],"aioseo_notices":[],"_links":{"self":[{"href":"https:\/\/blogsaverroes.juntadeandalucia.es\/ceiplasmellizas\/wp-json\/wp\/v2\/posts\/3140"}],"collection":[{"href":"https:\/\/blogsaverroes.juntadeandalucia.es\/ceiplasmellizas\/wp-json\/wp\/v2\/posts"}],"about":[{"href":"https:\/\/blogsaverroes.juntadeandalucia.es\/ceiplasmellizas\/wp-json\/wp\/v2\/types\/post"}],"author":[{"embeddable":true,"href":"https:\/\/blogsaverroes.juntadeandalucia.es\/ceiplasmellizas\/wp-json\/wp\/v2\/users\/2036"}],"replies":[{"embeddable":true,"href":"https:\/\/blogsaverroes.juntadeandalucia.es\/ceiplasmellizas\/wp-json\/wp\/v2\/comments?post=3140"}],"version-history":[{"count":2,"href":"https:\/\/blogsaverroes.juntadeandalucia.es\/ceiplasmellizas\/wp-json\/wp\/v2\/posts\/3140\/revisions"}],"predecessor-version":[{"id":3142,"href":"https:\/\/blogsaverroes.juntadeandalucia.es\/ceiplasmellizas\/wp-json\/wp\/v2\/posts\/3140\/revisions\/3142"}],"wp:attachment":[{"href":"https:\/\/blogsaverroes.juntadeandalucia.es\/ceiplasmellizas\/wp-json\/wp\/v2\/media?parent=3140"}],"wp:term":[{"taxonomy":"category","embeddable":true,"href":"https:\/\/blogsaverroes.juntadeandalucia.es\/ceiplasmellizas\/wp-json\/wp\/v2\/categories?post=3140"},{"taxonomy":"post_tag","embeddable":true,"href":"https:\/\/blogsaverroes.juntadeandalucia.es\/ceiplasmellizas\/wp-json\/wp\/v2\/tags?post=3140"}],"curies":[{"name":"wp","href":"https:\/\/api.w.org\/{rel}","templated":true}]}}