{"id":4002,"date":"2021-10-19T12:15:03","date_gmt":"2021-10-19T12:15:03","guid":{"rendered":"https:\/\/blogsaverroes.juntadeandalucia.es\/ceiplasmellizas\/?p=4002"},"modified":"2022-01-22T23:44:08","modified_gmt":"2022-01-22T23:44:08","slug":"4002","status":"publish","type":"post","link":"https:\/\/blogsaverroes.juntadeandalucia.es\/ceiplasmellizas\/2021\/10\/19\/4002\/","title":{"rendered":"#LeoAutorasOct \ud83d\ude42 Patricia Fitti \ud83d\ude42"},"content":{"rendered":"<div class=\"kvgmc6g5 cxmmr5t8 oygrvhab hcukyx3x c1et5uql ii04i59q\">\n<div dir=\"auto\"><a href=\"https:\/\/blogsaverroes.juntadeandalucia.es\/ceiplasmellizas\/2021\/10\/19\/4002\/245643248_2992908127587463_5751893757231152860_n\/\" rel=\"attachment wp-att-4003\"><img loading=\"lazy\" decoding=\"async\" class=\"size-medium wp-image-4003 aligncenter\" src=\"https:\/\/blogsaverroes.juntadeandalucia.es\/ceiplasmellizas\/files\/2021\/10\/245643248_2992908127587463_5751893757231152860_n-225x300.jpg\" alt=\"\" width=\"225\" height=\"300\" srcset=\"https:\/\/blogsaverroes.juntadeandalucia.es\/ceiplasmellizas\/files\/2021\/10\/245643248_2992908127587463_5751893757231152860_n-225x300.jpg 225w, https:\/\/blogsaverroes.juntadeandalucia.es\/ceiplasmellizas\/files\/2021\/10\/245643248_2992908127587463_5751893757231152860_n.jpg 720w\" sizes=\"(max-width: 225px) 100vw, 225px\" \/><\/a><\/div>\n<div dir=\"auto\">\u00a1Hola familias y amig@s!!<\/div>\n<\/div>\n<div class=\"o9v6fnle cxmmr5t8 oygrvhab hcukyx3x c1et5uql ii04i59q\">\n<div dir=\"auto\">\u00bfConoc\u00e9is a Patricia Fitti?<\/div>\n<div dir=\"auto\">Naci\u00f3 en Florida, un 4 de mayo de 1965. Es ilustradora, escritora y docente. Trabaj\u00f3 como maestra durante muchos a\u00f1os y estudi\u00f3 artes visuales. Trabaj\u00f3 para varias editoriales nacionales y extranjeras como ilustradora y como autora de libros escolares, cuentos, poes\u00edas infantiles y material did\u00e1ctico para docentes.<\/div>\n<\/div>\n<div class=\"o9v6fnle cxmmr5t8 oygrvhab hcukyx3x c1et5uql ii04i59q\">\n<div dir=\"auto\">Participa en talleres de escritura para chicxs, talleres de narraci\u00f3n y arte en varias escuelas.<\/div>\n<div dir=\"auto\">\u00a1Un poco de todo!<\/div>\n<\/div>\n<div class=\"o9v6fnle cxmmr5t8 oygrvhab hcukyx3x c1et5uql ii04i59q\">\n<div dir=\"auto\">\u00bfSabes que cuenta con varios premios y reconocimientos?<\/div>\n<div dir=\"auto\">&#8211; Premio a la mejor ilustraci\u00f3n para poes\u00eda, concurso \u00abLos oficios del l\u00e1piz\u00bb, a\u00f1o 2012.<\/div>\n<div dir=\"auto\">&#8211; Premio a la mejor imagen de la Campa\u00f1a por la Paz y la Convivencia, a\u00f1o 2014.<\/div>\n<div dir=\"auto\">&#8211; Premio DESTINO APEL-LES MESTRES grupo PLANETA al mejor libro \u00e1lbum, a\u00f1o 2018.<\/div>\n<div dir=\"auto\">&#8211; Finalista del concurso internacional de \u00c1lbum ilustrado Biblioteca Insular de Gran Canaria, a\u00f1o 2019.<\/div>\n<div dir=\"auto\">En especial tenemos que destacar su \u00faltima obra, \u00abEl ni\u00f1o que no quer\u00eda ser azul, la ni\u00f1a que no quer\u00eda ser rosa\u00bb, gan\u00f3 el premio Apel-Les Mestres de Barcelona, Espa\u00f1a, al mejor libro \u00e1lbum.<\/div>\n<\/div>\n<div dir=\"auto\">\n<div class=\"o9v6fnle cxmmr5t8 oygrvhab hcukyx3x c1et5uql ii04i59q\">\n<div dir=\"auto\">Es una historia que expresa un grito a la libertad de los m\u00e1s peque\u00f1os. Un relato que nos invita a no dejar que los patrones de g\u00e9nero imperantes de la sociedad actual aplaquen su creatividad o personalidad.<\/div>\n<\/div>\n<div class=\"o9v6fnle cxmmr5t8 oygrvhab hcukyx3x c1et5uql ii04i59q\">\n<div dir=\"auto\">No hay juegos de ni\u00f1as y juegos de ni\u00f1os, simplemente hay cosas que gustan y cosas que no gustan. Y todos tienen derecho a experimentar, a explorar, y a ser como quieren ser.<\/div>\n<\/div>\n<div class=\"o9v6fnle cxmmr5t8 oygrvhab hcukyx3x c1et5uql ii04i59q\">\n<div dir=\"auto\">El libro esta compuesto de frases cortas y las ilustraciones hacen que este relato sea apto para ni\u00f1xs de hasta 3 a\u00f1os. Es un cuento ideal para contrarrestar el mito de la princesa rosa o el pr\u00edncipe azul, y todos los estereotipos de g\u00e9nero que condicionan la vida del ni\u00f1o o ni\u00f1a desde el \u00fatero.<\/div>\n<\/div>\n<div class=\"o9v6fnle cxmmr5t8 oygrvhab hcukyx3x c1et5uql ii04i59q\">\n<div dir=\"auto\">\u00a1S\u00e9 como Celestino y Rosa y reb\u00e9late! Descubre o encuentra muchos colores porque representan la diversidad y alegr\u00eda en muchas de las acciones que realizamos cada d\u00eda.<\/div>\n<div dir=\"auto\">::::::::::::<\/div>\n<div dir=\"auto\">\n<div class=\"o9v6fnle cxmmr5t8 oygrvhab hcukyx3x c1et5uql ii04i59q\">\n<div dir=\"auto\">Hello families and friends!<\/div>\n<div dir=\"auto\">Do you know Patricia Fitti?<\/div>\n<div dir=\"auto\">She was born in Florida on May 4th, 1965. She is an illustrator, writer and teacher. She worked as a teacher for many years and studied visual arts. She has worked for several national and foreign publishers as an illustrator and as an author of school books, stories, children&#8217;s poetry and didactic material for teachers. She participates in writing workshops for children, storytelling and art workshops in several schools.<\/div>\n<div dir=\"auto\">A little bit of everything!<\/div>\n<\/div>\n<div class=\"o9v6fnle cxmmr5t8 oygrvhab hcukyx3x c1et5uql ii04i59q\">\n<div dir=\"auto\">Did you know that she has won several awards and recognitions?<\/div>\n<div dir=\"auto\">In particular we have to highlight his latest work, \u00abEl ni\u00f1o que no quer\u00eda ser azul, la ni\u00f1a que no quer\u00eda ser rosa\u00bb, won the Apel-Les Mestres prize in Barcelona, Spain, for the best album book.<\/div>\n<\/div>\n<div class=\"o9v6fnle cxmmr5t8 oygrvhab hcukyx3x c1et5uql ii04i59q\">\n<div dir=\"auto\">It is a story that expresses a cry for freedom for the little ones. It is a story that invites us not to let the prevailing gender patterns of today&#8217;s society stifle their creativity or personality.<\/div>\n<\/div>\n<div class=\"o9v6fnle cxmmr5t8 oygrvhab hcukyx3x c1et5uql ii04i59q\">\n<div dir=\"auto\">There are no girls&#8217; games and boys&#8217; games, there are simply things they like and things they don&#8217;t like. And everyone has the right to experiment, to explore, and to be who they want to be.<\/div>\n<\/div>\n<div class=\"o9v6fnle cxmmr5t8 oygrvhab hcukyx3x c1et5uql ii04i59q\">\n<div dir=\"auto\">Be like Celestino and Rosa and rebel! Discover or find many colors because they represent diversity and joy in many of the actions we do every day.<\/div>\n<\/div>\n<div class=\"o9v6fnle cxmmr5t8 oygrvhab hcukyx3x c1et5uql ii04i59q\">\n<div dir=\"auto\"><a class=\"oajrlxb2 g5ia77u1 qu0x051f esr5mh6w e9989ue4 r7d6kgcz rq0escxv nhd2j8a9 nc684nl6 p7hjln8o kvgmc6g5 cxmmr5t8 oygrvhab hcukyx3x jb3vyjys rz4wbd8a qt6c0cv9 a8nywdso i1ao9s8h esuyzwwr f1sip0of lzcic4wl q66pz984 gpro0wi8 b1v8xokw\" role=\"link\" href=\"https:\/\/www.facebook.com\/hashtag\/leoautorasoct?__eep__=6&amp;__cft__[0]=AZUi0pY4aQNYVkQUL_kTq8kiQUuDYQFkZVwuLMr2GW1NuXleKML-HDHImNnvbooqUURW-eQbrE5zJzX5IVPTP2-T1UKd43CdjrTPNOy_mZto6uesuzozlNyeFPC4sJ4pbjE&amp;__tn__=*NK-R\">#LeoAutorasOct<\/a><\/div>\n<div dir=\"auto\"><a class=\"oajrlxb2 g5ia77u1 qu0x051f esr5mh6w e9989ue4 r7d6kgcz rq0escxv nhd2j8a9 nc684nl6 p7hjln8o kvgmc6g5 cxmmr5t8 oygrvhab hcukyx3x jb3vyjys rz4wbd8a qt6c0cv9 a8nywdso i1ao9s8h esuyzwwr f1sip0of lzcic4wl q66pz984 gpro0wi8 b1v8xokw\" role=\"link\" href=\"https:\/\/www.facebook.com\/hashtag\/leerparacrecer?__eep__=6&amp;__cft__[0]=AZUi0pY4aQNYVkQUL_kTq8kiQUuDYQFkZVwuLMr2GW1NuXleKML-HDHImNnvbooqUURW-eQbrE5zJzX5IVPTP2-T1UKd43CdjrTPNOy_mZto6uesuzozlNyeFPC4sJ4pbjE&amp;__tn__=*NK-R\">#leerparacrecer<\/a><span class=\"pq6dq46d tbxw36s4 knj5qynh kvgmc6g5 ditlmg2l oygrvhab nvdbi5me sf5mxxl7 gl3lb2sf hhz5lgdu\"><img loading=\"lazy\" decoding=\"async\" src=\"https:\/\/www.facebook.com\/images\/emoji.php\/v9\/t5d\/1\/16\/26a1.png\" alt=\"\u26a1\" width=\"16\" height=\"16\"><\/span><\/div>\n<div dir=\"auto\"><a class=\"oajrlxb2 g5ia77u1 qu0x051f esr5mh6w e9989ue4 r7d6kgcz rq0escxv nhd2j8a9 nc684nl6 p7hjln8o kvgmc6g5 cxmmr5t8 oygrvhab hcukyx3x jb3vyjys rz4wbd8a qt6c0cv9 a8nywdso i1ao9s8h esuyzwwr f1sip0of lzcic4wl q66pz984 gpro0wi8 b1v8xokw\" role=\"link\" href=\"https:\/\/www.facebook.com\/hashtag\/unmundomejoresposible?__eep__=6&amp;__cft__[0]=AZUi0pY4aQNYVkQUL_kTq8kiQUuDYQFkZVwuLMr2GW1NuXleKML-HDHImNnvbooqUURW-eQbrE5zJzX5IVPTP2-T1UKd43CdjrTPNOy_mZto6uesuzozlNyeFPC4sJ4pbjE&amp;__tn__=*NK-R\">#unmundomejoresposible<\/a><span class=\"pq6dq46d tbxw36s4 knj5qynh kvgmc6g5 ditlmg2l oygrvhab nvdbi5me sf5mxxl7 gl3lb2sf hhz5lgdu\"><img loading=\"lazy\" decoding=\"async\" src=\"https:\/\/www.facebook.com\/images\/emoji.php\/v9\/t28\/1\/16\/1f352.png\" alt=\"\ud83c\udf52\" width=\"16\" height=\"16\"><\/span><\/div>\n<div dir=\"auto\"><a class=\"oajrlxb2 g5ia77u1 qu0x051f esr5mh6w e9989ue4 r7d6kgcz rq0escxv nhd2j8a9 nc684nl6 p7hjln8o kvgmc6g5 cxmmr5t8 oygrvhab hcukyx3x jb3vyjys rz4wbd8a qt6c0cv9 a8nywdso i1ao9s8h esuyzwwr f1sip0of lzcic4wl q66pz984 gpro0wi8 b1v8xokw\" role=\"link\" href=\"https:\/\/www.facebook.com\/hashtag\/otraeducacionesposible?__eep__=6&amp;__cft__[0]=AZUi0pY4aQNYVkQUL_kTq8kiQUuDYQFkZVwuLMr2GW1NuXleKML-HDHImNnvbooqUURW-eQbrE5zJzX5IVPTP2-T1UKd43CdjrTPNOy_mZto6uesuzozlNyeFPC4sJ4pbjE&amp;__tn__=*NK-R\">#otraeducacionesposible<\/a><\/div>\n<\/div>\n<\/div>\n<\/div>\n<\/div>\n<h3>Im\u00e1genes Relacionadas:<\/h3>","protected":false},"excerpt":{"rendered":"<p>\u00a1Hola familias y amig@s!! \u00bfConoc\u00e9is a Patricia Fitti? Naci\u00f3 en Florida, un 4 de mayo de 1965. Es ilustradora, escritora y docente. Trabaj\u00f3 como maestra durante muchos a\u00f1os y estudi\u00f3 artes visuales. Trabaj\u00f3 para varias editoriales nacionales y extranjeras como ilustradora y como autora de libros escolares, cuentos, poes\u00edas infantiles y material did\u00e1ctico para docentes. &hellip; <\/p>\n<p class=\"link-more\"><a href=\"https:\/\/blogsaverroes.juntadeandalucia.es\/ceiplasmellizas\/2021\/10\/19\/4002\/\" class=\"more-link\">Continuar leyendo<span class=\"screen-reader-text\"> \u00ab#LeoAutorasOct \ud83d\ude42 Patricia Fitti \ud83d\ude42\u00bb<\/span><\/a><\/p>\n","protected":false},"author":2036,"featured_media":0,"comment_status":"open","ping_status":"open","sticky":false,"template":"","format":"standard","meta":{"ngg_post_thumbnail":0,"footnotes":""},"categories":[213,1621973],"tags":[],"aioseo_notices":[],"_links":{"self":[{"href":"https:\/\/blogsaverroes.juntadeandalucia.es\/ceiplasmellizas\/wp-json\/wp\/v2\/posts\/4002"}],"collection":[{"href":"https:\/\/blogsaverroes.juntadeandalucia.es\/ceiplasmellizas\/wp-json\/wp\/v2\/posts"}],"about":[{"href":"https:\/\/blogsaverroes.juntadeandalucia.es\/ceiplasmellizas\/wp-json\/wp\/v2\/types\/post"}],"author":[{"embeddable":true,"href":"https:\/\/blogsaverroes.juntadeandalucia.es\/ceiplasmellizas\/wp-json\/wp\/v2\/users\/2036"}],"replies":[{"embeddable":true,"href":"https:\/\/blogsaverroes.juntadeandalucia.es\/ceiplasmellizas\/wp-json\/wp\/v2\/comments?post=4002"}],"version-history":[{"count":4,"href":"https:\/\/blogsaverroes.juntadeandalucia.es\/ceiplasmellizas\/wp-json\/wp\/v2\/posts\/4002\/revisions"}],"predecessor-version":[{"id":4007,"href":"https:\/\/blogsaverroes.juntadeandalucia.es\/ceiplasmellizas\/wp-json\/wp\/v2\/posts\/4002\/revisions\/4007"}],"wp:attachment":[{"href":"https:\/\/blogsaverroes.juntadeandalucia.es\/ceiplasmellizas\/wp-json\/wp\/v2\/media?parent=4002"}],"wp:term":[{"taxonomy":"category","embeddable":true,"href":"https:\/\/blogsaverroes.juntadeandalucia.es\/ceiplasmellizas\/wp-json\/wp\/v2\/categories?post=4002"},{"taxonomy":"post_tag","embeddable":true,"href":"https:\/\/blogsaverroes.juntadeandalucia.es\/ceiplasmellizas\/wp-json\/wp\/v2\/tags?post=4002"}],"curies":[{"name":"wp","href":"https:\/\/api.w.org\/{rel}","templated":true}]}}