{"id":4420,"date":"2022-01-17T15:46:14","date_gmt":"2022-01-17T15:46:14","guid":{"rendered":"https:\/\/blogsaverroes.juntadeandalucia.es\/ceiplasmellizas\/?p=4420"},"modified":"2022-01-22T20:24:54","modified_gmt":"2022-01-22T20:24:54","slug":"ensenanza-telematica","status":"publish","type":"post","link":"https:\/\/blogsaverroes.juntadeandalucia.es\/ceiplasmellizas\/2022\/01\/17\/ensenanza-telematica\/","title":{"rendered":"Ense\u00f1anza telem\u00e1tica"},"content":{"rendered":"<div class=\"kvgmc6g5 cxmmr5t8 oygrvhab hcukyx3x c1et5uql ii04i59q\">\n<div dir=\"auto\"><a href=\"https:\/\/blogsaverroes.juntadeandalucia.es\/ceiplasmellizas\/2022\/01\/17\/ensenanza-telematica\/271985999_3062064707338471_8725078435710970765_n\/\" rel=\"attachment wp-att-4422\"><img loading=\"lazy\" decoding=\"async\" class=\"alignnone size-medium wp-image-4422\" src=\"https:\/\/blogsaverroes.juntadeandalucia.es\/ceiplasmellizas\/files\/2022\/01\/271985999_3062064707338471_8725078435710970765_n-300x225.jpg\" alt=\"\" width=\"300\" height=\"225\" srcset=\"https:\/\/blogsaverroes.juntadeandalucia.es\/ceiplasmellizas\/files\/2022\/01\/271985999_3062064707338471_8725078435710970765_n-300x225.jpg 300w, https:\/\/blogsaverroes.juntadeandalucia.es\/ceiplasmellizas\/files\/2022\/01\/271985999_3062064707338471_8725078435710970765_n-768x576.jpg 768w, https:\/\/blogsaverroes.juntadeandalucia.es\/ceiplasmellizas\/files\/2022\/01\/271985999_3062064707338471_8725078435710970765_n.jpg 960w\" sizes=\"(max-width: 300px) 100vw, 300px\" \/><\/a> <a href=\"https:\/\/blogsaverroes.juntadeandalucia.es\/ceiplasmellizas\/2022\/01\/17\/ensenanza-telematica\/271970314_3062064760671799_3646427901279842111_n\/\" rel=\"attachment wp-att-4424\"><img loading=\"lazy\" decoding=\"async\" class=\"alignnone size-medium wp-image-4424\" src=\"https:\/\/blogsaverroes.juntadeandalucia.es\/ceiplasmellizas\/files\/2022\/01\/271970314_3062064760671799_3646427901279842111_n-300x225.jpg\" alt=\"\" width=\"300\" height=\"225\" srcset=\"https:\/\/blogsaverroes.juntadeandalucia.es\/ceiplasmellizas\/files\/2022\/01\/271970314_3062064760671799_3646427901279842111_n-300x225.jpg 300w, https:\/\/blogsaverroes.juntadeandalucia.es\/ceiplasmellizas\/files\/2022\/01\/271970314_3062064760671799_3646427901279842111_n-768x576.jpg 768w, https:\/\/blogsaverroes.juntadeandalucia.es\/ceiplasmellizas\/files\/2022\/01\/271970314_3062064760671799_3646427901279842111_n.jpg 960w\" sizes=\"(max-width: 300px) 100vw, 300px\" \/><\/a> <a href=\"https:\/\/blogsaverroes.juntadeandalucia.es\/ceiplasmellizas\/2022\/01\/17\/ensenanza-telematica\/271966915_3062064770671798_1022608855689801469_n\/\" rel=\"attachment wp-att-4425\"><img loading=\"lazy\" decoding=\"async\" class=\"alignnone size-medium wp-image-4425\" src=\"https:\/\/blogsaverroes.juntadeandalucia.es\/ceiplasmellizas\/files\/2022\/01\/271966915_3062064770671798_1022608855689801469_n-225x300.jpg\" alt=\"\" width=\"225\" height=\"300\" srcset=\"https:\/\/blogsaverroes.juntadeandalucia.es\/ceiplasmellizas\/files\/2022\/01\/271966915_3062064770671798_1022608855689801469_n-225x300.jpg 225w, https:\/\/blogsaverroes.juntadeandalucia.es\/ceiplasmellizas\/files\/2022\/01\/271966915_3062064770671798_1022608855689801469_n.jpg 720w\" sizes=\"(max-width: 225px) 100vw, 225px\" \/><\/a><\/div>\n<div dir=\"auto\" style=\"text-align: justify\">\u00a1Buenos d\u00edas! <span class=\"pq6dq46d tbxw36s4 knj5qynh kvgmc6g5 ditlmg2l oygrvhab nvdbi5me sf5mxxl7 gl3lb2sf hhz5lgdu\"><img loading=\"lazy\" decoding=\"async\" src=\"https:\/\/www.facebook.com\/images\/emoji.php\/v9\/t39\/1\/16\/1f64c_1f3fc.png\" alt=\"\ud83d\ude4c\ud83c\udffc\" width=\"16\" height=\"16\"><\/span><\/div>\n<div dir=\"auto\" style=\"text-align: justify\">La pasada semana tuvimos algunas bajas en la clase del tercer ciclo pero buscamos todos los recursos posibles para estar conectamos con lo que suced\u00eda en el aula. <span class=\"pq6dq46d tbxw36s4 knj5qynh kvgmc6g5 ditlmg2l oygrvhab nvdbi5me sf5mxxl7 gl3lb2sf hhz5lgdu\"><img loading=\"lazy\" decoding=\"async\" src=\"https:\/\/www.facebook.com\/images\/emoji.php\/v9\/tbc\/1\/16\/1f469_1f3fc_200d_1f4bb.png\" alt=\"\ud83d\udc69\ud83c\udffc\u200d\ud83d\udcbb\" width=\"16\" height=\"16\"><\/span><\/div>\n<\/div>\n<div class=\"cxmmr5t8 oygrvhab hcukyx3x c1et5uql o9v6fnle ii04i59q\" style=\"text-align: justify\">\n<div dir=\"auto\">Como pod\u00e9is ver en las fotos que adjuntamos, hacemos uso de los recursos digitales que tenemos en nuestro centro; tablet, tr\u00edpode, pizarra digital, ordenador de mesa\u2026 todo ello, gracias a Meet, hace que la educaci\u00f3n a distancia sea posible.<\/div>\n<\/div>\n<div class=\"cxmmr5t8 oygrvhab hcukyx3x c1et5uql o9v6fnle ii04i59q\" style=\"text-align: justify\">\n<div dir=\"auto\">\u00a1Nuestra Se\u00f1o <a class=\"oajrlxb2 g5ia77u1 qu0x051f esr5mh6w e9989ue4 r7d6kgcz rq0escxv nhd2j8a9 nc684nl6 p7hjln8o kvgmc6g5 cxmmr5t8 oygrvhab hcukyx3x jb3vyjys rz4wbd8a qt6c0cv9 a8nywdso i1ao9s8h esuyzwwr f1sip0of lzcic4wl gpro0wi8 q66pz984 b1v8xokw\" role=\"link\" href=\"https:\/\/www.facebook.com\/anabelenvergaraluque?__cft__[0]=AZWkJvWkLYHYJjPpsxgjIG3FxSO0DqSWB6d7FDXwredpkNhgW_9CYVec-Uu2F4rxYUpSCG980hLsE6ekrmGqvW7LRvom2gTfnNewVMv3IX9V-2Gi0CpR5JEcEbqunJ7y6KhPIlx2-uRi4zv2nBRmFtFV&amp;__tn__=-]K-R\"><span class=\"nc684nl6\">Ana Bel\u00e9n Vergara Luque<\/span><\/a>, junto a su tutor\u00eda siempre est\u00e1 al pie del ca\u00f1\u00f3n!<\/div>\n<\/div>\n<div class=\"cxmmr5t8 oygrvhab hcukyx3x c1et5uql o9v6fnle ii04i59q\" style=\"text-align: justify\">\n<div dir=\"auto\">\u201cAdaptarse o morir\u201d, dec\u00eda Darwin. Si algo hemos sido durante y despu\u00e9s de esta pandemia es camale\u00f3nicos. Sobre las ruinas de aquello que, ahora, catalogamos como antigua normalidad, hemos construido un nuevo concepto de rutina educativa e, incluso, de vida. En nuestro caso, preferimos resaltar todas las cosas que hemos aprendido a ra\u00edz de esta nueva situaci\u00f3n:<\/div>\n<\/div>\n<div class=\"cxmmr5t8 oygrvhab hcukyx3x c1et5uql o9v6fnle ii04i59q\" style=\"text-align: justify\">\n<div dir=\"auto\">&#8211; Establecer un calendario espec\u00edfico y claro de trabajo con el alumnado.<\/div>\n<div dir=\"auto\">&#8211; Investigar nuevos programas inform\u00e1ticos.<\/div>\n<div dir=\"auto\">&#8211; Demostrar que la docencia virtual puede no verse afectada por la brecha digital.<\/div>\n<div dir=\"auto\">&#8211; Interacci\u00f3n y retroalimentaci\u00f3n inmediata.<\/div>\n<div dir=\"auto\">&#8211; Flexibilidad.<\/div>\n<div dir=\"auto\">&#8211; Formaci\u00f3n del equipo docente: actualizaci\u00f3n.<\/div>\n<\/div>\n<div class=\"cxmmr5t8 oygrvhab hcukyx3x c1et5uql o9v6fnle ii04i59q\" style=\"text-align: justify\">\n<div dir=\"auto\">A\u00fan podemos mejorar en muchos aspectos pero vamos por buen camino. <span class=\"pq6dq46d tbxw36s4 knj5qynh kvgmc6g5 ditlmg2l oygrvhab nvdbi5me sf5mxxl7 gl3lb2sf hhz5lgdu\"><img loading=\"lazy\" decoding=\"async\" src=\"https:\/\/www.facebook.com\/images\/emoji.php\/v9\/t57\/1\/16\/1f609.png\" alt=\"\ud83d\ude09\" width=\"16\" height=\"16\"><\/span><\/div>\n<div dir=\"auto\">:::::::::::::::::::::::::::::::::::::::<\/div>\n<div dir=\"auto\">Good morning! <span class=\"pq6dq46d tbxw36s4 knj5qynh kvgmc6g5 ditlmg2l oygrvhab nvdbi5me sf5mxxl7 gl3lb2sf hhz5lgdu\"><img loading=\"lazy\" decoding=\"async\" src=\"https:\/\/www.facebook.com\/images\/emoji.php\/v9\/t39\/1\/16\/1f64c_1f3fc.png\" alt=\"\ud83d\ude4c\ud83c\udffc\" width=\"16\" height=\"16\"><\/span><\/div>\n<div dir=\"auto\">Last week we had some absences in the third cycle class but we looked for all possible resources to be connected with what was happening in the classroom. <span class=\"pq6dq46d tbxw36s4 knj5qynh kvgmc6g5 ditlmg2l oygrvhab nvdbi5me sf5mxxl7 gl3lb2sf hhz5lgdu\"><img loading=\"lazy\" decoding=\"async\" src=\"https:\/\/www.facebook.com\/images\/emoji.php\/v9\/tbc\/1\/16\/1f469_1f3fc_200d_1f4bb.png\" alt=\"\ud83d\udc69\ud83c\udffc\u200d\ud83d\udcbb\" width=\"16\" height=\"16\"><\/span><\/div>\n<\/div>\n<div class=\"cxmmr5t8 oygrvhab hcukyx3x c1et5uql o9v6fnle ii04i59q\" style=\"text-align: justify\">\n<div dir=\"auto\">As you can see in the attached pictures, we make use of the digital resources we have in our school; tablet, tripod, interactive digital board, desktop computer&#8230; all this, thanks to Meet, makes distance education possible.<\/div>\n<\/div>\n<div class=\"cxmmr5t8 oygrvhab hcukyx3x c1et5uql o9v6fnle ii04i59q\" style=\"text-align: justify\">\n<div dir=\"auto\">Our teacher Ana Bel\u00e9n, together with her tutoring team, is always at the bottom of the canyon!<\/div>\n<\/div>\n<div class=\"cxmmr5t8 oygrvhab hcukyx3x c1et5uql o9v6fnle ii04i59q\" style=\"text-align: justify\">\n<div dir=\"auto\" style=\"text-align: justify\">\u00abAdapt or die,\u00bb said Darwin. If there is one thing we have been during and after this pandemic, it is chameleon-like. On the ruins of what we now classify as the old normal, we have built a new concept of educational routine and even of life. In our case, we prefer to highlight all the things we have learned as a result of this new situation:<\/div>\n<\/div>\n<div class=\"cxmmr5t8 oygrvhab hcukyx3x c1et5uql o9v6fnle ii04i59q\" style=\"text-align: justify\">\n<div dir=\"auto\">&#8211; Establish a specific and clear schedule for working with students.<\/div>\n<div dir=\"auto\">&#8211; Researching new software.<\/div>\n<div dir=\"auto\">&#8211; Demonstrate that virtual teaching can be unaffected by the digital divide.<\/div>\n<div dir=\"auto\">&#8211; Immediate interaction and feedback.<\/div>\n<div dir=\"auto\">&#8211; Flexibility.<\/div>\n<div dir=\"auto\">&#8211; Training of the teaching staff: updating.<\/div>\n<\/div>\n<div class=\"cxmmr5t8 oygrvhab hcukyx3x c1et5uql o9v6fnle ii04i59q\">\n<div dir=\"auto\" style=\"text-align: justify\">There is still room for improvement in many aspects but we are on the right track. <img loading=\"lazy\" decoding=\"async\" src=\"https:\/\/www.facebook.com\/images\/emoji.php\/v9\/t4c\/1\/16\/1f642.png\" alt=\"\ud83d\ude42\" width=\"16\" height=\"16\"><\/div>\n<\/div>\n<h3>Im\u00e1genes Relacionadas:<\/h3>","protected":false},"excerpt":{"rendered":"<p>\u00a1Buenos d\u00edas! La pasada semana tuvimos algunas bajas en la clase del tercer ciclo pero buscamos todos los recursos posibles para estar conectamos con lo que suced\u00eda en el aula. Como pod\u00e9is ver en las fotos que adjuntamos, hacemos uso de los recursos digitales que tenemos en nuestro centro; tablet, tr\u00edpode, pizarra digital, ordenador de &hellip; <\/p>\n<p class=\"link-more\"><a href=\"https:\/\/blogsaverroes.juntadeandalucia.es\/ceiplasmellizas\/2022\/01\/17\/ensenanza-telematica\/\" class=\"more-link\">Continuar leyendo<span class=\"screen-reader-text\"> \u00abEnse\u00f1anza telem\u00e1tica\u00bb<\/span><\/a><\/p>\n","protected":false},"author":2036,"featured_media":0,"comment_status":"open","ping_status":"open","sticky":false,"template":"","format":"standard","meta":{"ngg_post_thumbnail":0,"footnotes":""},"categories":[25496,526,1621932],"tags":[],"aioseo_notices":[],"_links":{"self":[{"href":"https:\/\/blogsaverroes.juntadeandalucia.es\/ceiplasmellizas\/wp-json\/wp\/v2\/posts\/4420"}],"collection":[{"href":"https:\/\/blogsaverroes.juntadeandalucia.es\/ceiplasmellizas\/wp-json\/wp\/v2\/posts"}],"about":[{"href":"https:\/\/blogsaverroes.juntadeandalucia.es\/ceiplasmellizas\/wp-json\/wp\/v2\/types\/post"}],"author":[{"embeddable":true,"href":"https:\/\/blogsaverroes.juntadeandalucia.es\/ceiplasmellizas\/wp-json\/wp\/v2\/users\/2036"}],"replies":[{"embeddable":true,"href":"https:\/\/blogsaverroes.juntadeandalucia.es\/ceiplasmellizas\/wp-json\/wp\/v2\/comments?post=4420"}],"version-history":[{"count":3,"href":"https:\/\/blogsaverroes.juntadeandalucia.es\/ceiplasmellizas\/wp-json\/wp\/v2\/posts\/4420\/revisions"}],"predecessor-version":[{"id":4426,"href":"https:\/\/blogsaverroes.juntadeandalucia.es\/ceiplasmellizas\/wp-json\/wp\/v2\/posts\/4420\/revisions\/4426"}],"wp:attachment":[{"href":"https:\/\/blogsaverroes.juntadeandalucia.es\/ceiplasmellizas\/wp-json\/wp\/v2\/media?parent=4420"}],"wp:term":[{"taxonomy":"category","embeddable":true,"href":"https:\/\/blogsaverroes.juntadeandalucia.es\/ceiplasmellizas\/wp-json\/wp\/v2\/categories?post=4420"},{"taxonomy":"post_tag","embeddable":true,"href":"https:\/\/blogsaverroes.juntadeandalucia.es\/ceiplasmellizas\/wp-json\/wp\/v2\/tags?post=4420"}],"curies":[{"name":"wp","href":"https:\/\/api.w.org\/{rel}","templated":true}]}}