{"id":2681,"date":"2019-09-21T17:13:04","date_gmt":"2019-09-21T18:13:04","guid":{"rendered":"http:\/\/blogsaverroes.juntadeandalucia.es\/ceiplaunion\/?p=2681"},"modified":"2019-09-22T14:40:45","modified_gmt":"2019-09-22T15:40:45","slug":"curriculo-de-primaria","status":"publish","type":"post","link":"https:\/\/blogsaverroes.juntadeandalucia.es\/ceiplaunion\/2019\/09\/21\/curriculo-de-primaria\/","title":{"rendered":"Curr\u00edculo de Primaria"},"content":{"rendered":"<p align=\"justify\">La finalidad esencial de la educaci\u00f3n Primaria es el desarrollo integral de la persona y su objetivo es la de promover la socializaci\u00f3n de los ni\u00f1os y ni\u00f1as, favorecer su incorporaci\u00f3n a la cultura y contribuir a la progresiva autonom\u00eda de acci\u00f3n en su medio.<\/p>\n<p align=\"justify\">El curr\u00edculo de la Educaci\u00f3n Primaria expresa el proyecto educativo general y com\u00fan a todos los centros docentes que impartan Educaci\u00f3n Primaria en la Comunidad Aut\u00f3noma de Andaluc\u00eda, que cada uno de ellos concretar\u00e1 a trav\u00e9s de su proyecto educativo.<\/p>\n<div class=\"page\" title=\"Page 2\">\n<div class=\"layoutArea\">\n<div class=\"column\">\n<p><em>DECRETO 97\/2015, de 3 de marzo, por el que se establece la ordenaci\u00f3n y las ense\u00f1anzas correspondientes a la Educaci\u00f3n Primaria en la Comunidad Aut\u00f3noma de Andaluc\u00eda.<\/em><\/p>\n<div class=\"page\" title=\"Page 2\">\n<div class=\"layoutArea\">\n<div class=\"column\">\n<p><em>ORDEN de 17 de marzo de 2015 por la que se desarrolla el curr\u00edculo correspondiente a la Educaci\u00f3n Primaria en Andaluc\u00eda.<\/em><\/p>\n<\/div>\n<\/div>\n<\/div>\n<\/div>\n<\/div>\n<\/div>\n<p><a href=\"https:\/\/blogsaverroes.juntadeandalucia.es\/ceiplaunion\/files\/2019\/09\/Criterios-evaluacion-1\u00ba-ciclo.pdf\">Criterios-evaluacion-1\u00ba-ciclo<\/a><\/p>\n<p><a href=\"https:\/\/blogsaverroes.juntadeandalucia.es\/ceiplaunion\/files\/2019\/09\/Criterios-de-Evaluaci\u00f3n-2\u00ba-Ciclo-Primaria.pdf\">Criterios de Evaluaci\u00f3n 2\u00ba Ciclo Primaria<\/a><\/p>\n<p><a href=\"https:\/\/blogsaverroes.juntadeandalucia.es\/ceiplaunion\/files\/2019\/09\/Presentaci\u00f3n-criterios-eva.3\u00ba-ciclo.pdf\">Criterios de evaluaci\u00f3n 3\u00ba ciclo<\/a><\/p>\n","protected":false},"excerpt":{"rendered":"<p>La finalidad esencial de la educaci\u00f3n Primaria es el desarrollo integral de la persona y su objetivo es la de promover la socializaci\u00f3n de los ni\u00f1os y ni\u00f1as, favorecer su incorporaci\u00f3n a la cultura y contribuir a la progresiva autonom\u00eda de acci\u00f3n en su medio. El curr\u00edculo de la Educaci\u00f3n Primaria expresa el proyecto educativo [&hellip;]<\/p>\n","protected":false},"author":1861,"featured_media":0,"comment_status":"open","ping_status":"open","sticky":false,"template":"","format":"standard","meta":{"ngg_post_thumbnail":0,"footnotes":""},"categories":[11909],"tags":[],"aioseo_notices":[],"_links":{"self":[{"href":"https:\/\/blogsaverroes.juntadeandalucia.es\/ceiplaunion\/wp-json\/wp\/v2\/posts\/2681"}],"collection":[{"href":"https:\/\/blogsaverroes.juntadeandalucia.es\/ceiplaunion\/wp-json\/wp\/v2\/posts"}],"about":[{"href":"https:\/\/blogsaverroes.juntadeandalucia.es\/ceiplaunion\/wp-json\/wp\/v2\/types\/post"}],"author":[{"embeddable":true,"href":"https:\/\/blogsaverroes.juntadeandalucia.es\/ceiplaunion\/wp-json\/wp\/v2\/users\/1861"}],"replies":[{"embeddable":true,"href":"https:\/\/blogsaverroes.juntadeandalucia.es\/ceiplaunion\/wp-json\/wp\/v2\/comments?post=2681"}],"version-history":[{"count":3,"href":"https:\/\/blogsaverroes.juntadeandalucia.es\/ceiplaunion\/wp-json\/wp\/v2\/posts\/2681\/revisions"}],"predecessor-version":[{"id":2717,"href":"https:\/\/blogsaverroes.juntadeandalucia.es\/ceiplaunion\/wp-json\/wp\/v2\/posts\/2681\/revisions\/2717"}],"wp:attachment":[{"href":"https:\/\/blogsaverroes.juntadeandalucia.es\/ceiplaunion\/wp-json\/wp\/v2\/media?parent=2681"}],"wp:term":[{"taxonomy":"category","embeddable":true,"href":"https:\/\/blogsaverroes.juntadeandalucia.es\/ceiplaunion\/wp-json\/wp\/v2\/categories?post=2681"},{"taxonomy":"post_tag","embeddable":true,"href":"https:\/\/blogsaverroes.juntadeandalucia.es\/ceiplaunion\/wp-json\/wp\/v2\/tags?post=2681"}],"curies":[{"name":"wp","href":"https:\/\/api.w.org\/{rel}","templated":true}]}}