{"id":2963,"date":"2021-02-08T18:49:49","date_gmt":"2021-02-08T19:49:49","guid":{"rendered":"http:\/\/blogsaverroes.juntadeandalucia.es\/ceiplaunion\/?p=2963"},"modified":"2021-05-29T15:24:39","modified_gmt":"2021-05-29T16:24:39","slug":"40-aniversario","status":"publish","type":"post","link":"https:\/\/blogsaverroes.juntadeandalucia.es\/ceiplaunion\/2021\/02\/08\/40-aniversario\/","title":{"rendered":"40 ANIVERSARIO"},"content":{"rendered":"<p style=\"text-align: center\"><a href=\"https:\/\/blogsaverroes.juntadeandalucia.es\/ceiplaunion\/files\/2021\/01\/731FD70F-A794-43DA-A9AB-14934066B8A2.png\"><img loading=\"lazy\" decoding=\"async\" class=\"size-medium wp-image-2968 aligncenter\" src=\"https:\/\/blogsaverroes.juntadeandalucia.es\/ceiplaunion\/files\/2021\/01\/731FD70F-A794-43DA-A9AB-14934066B8A2-222x300.png\" alt=\"\" width=\"222\" height=\"300\" srcset=\"https:\/\/blogsaverroes.juntadeandalucia.es\/ceiplaunion\/files\/2021\/01\/731FD70F-A794-43DA-A9AB-14934066B8A2-222x300.png 222w, https:\/\/blogsaverroes.juntadeandalucia.es\/ceiplaunion\/files\/2021\/01\/731FD70F-A794-43DA-A9AB-14934066B8A2-759x1024.png 759w, https:\/\/blogsaverroes.juntadeandalucia.es\/ceiplaunion\/files\/2021\/01\/731FD70F-A794-43DA-A9AB-14934066B8A2-768x1036.png 768w, https:\/\/blogsaverroes.juntadeandalucia.es\/ceiplaunion\/files\/2021\/01\/731FD70F-A794-43DA-A9AB-14934066B8A2-18x24.png 18w, https:\/\/blogsaverroes.juntadeandalucia.es\/ceiplaunion\/files\/2021\/01\/731FD70F-A794-43DA-A9AB-14934066B8A2-27x36.png 27w, https:\/\/blogsaverroes.juntadeandalucia.es\/ceiplaunion\/files\/2021\/01\/731FD70F-A794-43DA-A9AB-14934066B8A2-36x48.png 36w, https:\/\/blogsaverroes.juntadeandalucia.es\/ceiplaunion\/files\/2021\/01\/731FD70F-A794-43DA-A9AB-14934066B8A2.png 949w\" sizes=\"(max-width: 222px) 100vw, 222px\" \/><\/a><\/p>\n<h1 style=\"text-align: center\"><span style=\"color: #0066cc\"><span style=\"font-family: Apple Chancery\"><span style=\"font-size: 300%\"><b>40\u00ba<\/b><\/span><\/span><\/span><\/h1>\n<h1 style=\"text-align: center\"><span style=\"color: #0066cc\"><span style=\"font-family: AppleMyungjo\"><span style=\"font-size: 300%\"><b>ANIVERSARIO<\/b><\/span><\/span><\/span><\/h1>\n<p style=\"text-align: center\" align=\"CENTER\"><span style=\"color: #0066cc\"><span style=\"font-family: Trattatello\"><span style=\"font-size: 300%\"><b>\u00ab40 a\u00f1os unidos por la educaci\u00f3n\u00bb<\/b><\/span><\/span><\/span><\/p>\n<h6 style=\"text-align: center\" align=\"CENTER\"><span style=\"color: #0066cc\"><span style=\"font-family: Trattatello\"><span style=\"font-size: xx-large\"><b>&nbsp; &nbsp; &nbsp; &nbsp; &nbsp; &nbsp; &nbsp; &nbsp; &nbsp; &nbsp; &nbsp; &nbsp; &nbsp; &nbsp; &nbsp; &nbsp; &nbsp; &nbsp;1980\/81-2020\/21<\/b><\/span><\/span><\/span><\/h6>\n<p><!--more--><\/p>\n<h4 style=\"text-align: center\"><strong><span style=\"color: #3366ff\"><a style=\"color: #3366ff\" href=\"https:\/\/blogsaverroes.juntadeandalucia.es\/ceiplaunion\/files\/2021\/01\/INTRODUCCI\u00d3N.pdf\">INTRODUCCI\u00d3N<\/a><\/span><\/strong><\/h4>\n<p style=\"text-align: center\"><a href=\"https:\/\/blogsaverroes.juntadeandalucia.es\/ceiplaunion\/files\/2021\/02\/ceiplaunion-1.jpg\"><img loading=\"lazy\" decoding=\"async\" class=\"alignnone size-medium wp-image-3486\" src=\"https:\/\/blogsaverroes.juntadeandalucia.es\/ceiplaunion\/files\/2021\/02\/ceiplaunion-1-300x225.jpg\" alt=\"\" width=\"300\" height=\"225\" srcset=\"https:\/\/blogsaverroes.juntadeandalucia.es\/ceiplaunion\/files\/2021\/02\/ceiplaunion-1-300x225.jpg 300w, https:\/\/blogsaverroes.juntadeandalucia.es\/ceiplaunion\/files\/2021\/02\/ceiplaunion-1.jpg 450w\" sizes=\"(max-width: 300px) 100vw, 300px\" \/><\/a><\/p>\n<h5 style=\"text-align: center\"><strong><span style=\"color: #3366ff\"><a style=\"color: #3366ff\" href=\"https:\/\/blogsaverroes.juntadeandalucia.es\/ceiplaunion\/files\/2021\/02\/OR\u00cdGENES-DEL-COLEGIO-1.pdf\">OR\u00cdGENES DEL COLEGIO<\/a><\/span><\/strong><br \/>\n<a href=\"https:\/\/blogsaverroes.juntadeandalucia.es\/ceiplaunion\/files\/2021\/01\/VISTA-AEREA-DEL-COLEGIO-EN-OBRAS-scaled.jpg\"><img loading=\"lazy\" decoding=\"async\" class=\"wp-image-3006 aligncenter\" src=\"https:\/\/blogsaverroes.juntadeandalucia.es\/ceiplaunion\/files\/2021\/01\/VISTA-AEREA-DEL-COLEGIO-EN-OBRAS-300x214.jpg\" alt=\"\" width=\"337\" height=\"241\" srcset=\"https:\/\/blogsaverroes.juntadeandalucia.es\/ceiplaunion\/files\/2021\/01\/VISTA-AEREA-DEL-COLEGIO-EN-OBRAS-300x214.jpg 300w, https:\/\/blogsaverroes.juntadeandalucia.es\/ceiplaunion\/files\/2021\/01\/VISTA-AEREA-DEL-COLEGIO-EN-OBRAS-1024x729.jpg 1024w, https:\/\/blogsaverroes.juntadeandalucia.es\/ceiplaunion\/files\/2021\/01\/VISTA-AEREA-DEL-COLEGIO-EN-OBRAS-768x547.jpg 768w, https:\/\/blogsaverroes.juntadeandalucia.es\/ceiplaunion\/files\/2021\/01\/VISTA-AEREA-DEL-COLEGIO-EN-OBRAS-1536x1094.jpg 1536w, https:\/\/blogsaverroes.juntadeandalucia.es\/ceiplaunion\/files\/2021\/01\/VISTA-AEREA-DEL-COLEGIO-EN-OBRAS-2048x1458.jpg 2048w, https:\/\/blogsaverroes.juntadeandalucia.es\/ceiplaunion\/files\/2021\/01\/VISTA-AEREA-DEL-COLEGIO-EN-OBRAS-24x17.jpg 24w, https:\/\/blogsaverroes.juntadeandalucia.es\/ceiplaunion\/files\/2021\/01\/VISTA-AEREA-DEL-COLEGIO-EN-OBRAS-36x26.jpg 36w, https:\/\/blogsaverroes.juntadeandalucia.es\/ceiplaunion\/files\/2021\/01\/VISTA-AEREA-DEL-COLEGIO-EN-OBRAS-48x34.jpg 48w, https:\/\/blogsaverroes.juntadeandalucia.es\/ceiplaunion\/files\/2021\/01\/VISTA-AEREA-DEL-COLEGIO-EN-OBRAS-scaled.jpg 1600w\" sizes=\"(max-width: 337px) 100vw, 337px\" \/><\/a><a href=\"https:\/\/blogsaverroes.juntadeandalucia.es\/ceiplaunion\/files\/2021\/01\/JEFES-Y-POLITICOS.jpg\"><img loading=\"lazy\" decoding=\"async\" class=\"wp-image-2995 aligncenter\" src=\"https:\/\/blogsaverroes.juntadeandalucia.es\/ceiplaunion\/files\/2021\/01\/JEFES-Y-POLITICOS-300x215.jpg\" alt=\"\" width=\"305\" height=\"218\" srcset=\"https:\/\/blogsaverroes.juntadeandalucia.es\/ceiplaunion\/files\/2021\/01\/JEFES-Y-POLITICOS-300x215.jpg 300w, https:\/\/blogsaverroes.juntadeandalucia.es\/ceiplaunion\/files\/2021\/01\/JEFES-Y-POLITICOS-1024x734.jpg 1024w, https:\/\/blogsaverroes.juntadeandalucia.es\/ceiplaunion\/files\/2021\/01\/JEFES-Y-POLITICOS-768x550.jpg 768w, https:\/\/blogsaverroes.juntadeandalucia.es\/ceiplaunion\/files\/2021\/01\/JEFES-Y-POLITICOS-1536x1101.jpg 1536w, https:\/\/blogsaverroes.juntadeandalucia.es\/ceiplaunion\/files\/2021\/01\/JEFES-Y-POLITICOS-2048x1468.jpg 2048w, https:\/\/blogsaverroes.juntadeandalucia.es\/ceiplaunion\/files\/2021\/01\/JEFES-Y-POLITICOS-24x17.jpg 24w, https:\/\/blogsaverroes.juntadeandalucia.es\/ceiplaunion\/files\/2021\/01\/JEFES-Y-POLITICOS-36x26.jpg 36w, https:\/\/blogsaverroes.juntadeandalucia.es\/ceiplaunion\/files\/2021\/01\/JEFES-Y-POLITICOS-48x34.jpg 48w, https:\/\/blogsaverroes.juntadeandalucia.es\/ceiplaunion\/files\/2021\/01\/JEFES-Y-POLITICOS.jpg 1600w\" sizes=\"(max-width: 305px) 100vw, 305px\" \/><\/a>&nbsp; &nbsp; Visita de autoridades<\/h5>\n<h3 style=\"text-align: center\"><a href=\"https:\/\/blogsaverroes.juntadeandalucia.es\/ceiplaunion\/files\/2021\/01\/P1210833-scaled.jpg\"><img loading=\"lazy\" decoding=\"async\" class=\"alignnone wp-image-2996\" src=\"https:\/\/blogsaverroes.juntadeandalucia.es\/ceiplaunion\/files\/2021\/01\/P1210833-300x225.jpg\" alt=\"\" width=\"277\" height=\"208\" srcset=\"https:\/\/blogsaverroes.juntadeandalucia.es\/ceiplaunion\/files\/2021\/01\/P1210833-300x225.jpg 300w, https:\/\/blogsaverroes.juntadeandalucia.es\/ceiplaunion\/files\/2021\/01\/P1210833-1024x768.jpg 1024w, https:\/\/blogsaverroes.juntadeandalucia.es\/ceiplaunion\/files\/2021\/01\/P1210833-768x576.jpg 768w, https:\/\/blogsaverroes.juntadeandalucia.es\/ceiplaunion\/files\/2021\/01\/P1210833-1536x1152.jpg 1536w, https:\/\/blogsaverroes.juntadeandalucia.es\/ceiplaunion\/files\/2021\/01\/P1210833-2048x1536.jpg 2048w, https:\/\/blogsaverroes.juntadeandalucia.es\/ceiplaunion\/files\/2021\/01\/P1210833-24x18.jpg 24w, https:\/\/blogsaverroes.juntadeandalucia.es\/ceiplaunion\/files\/2021\/01\/P1210833-36x27.jpg 36w, https:\/\/blogsaverroes.juntadeandalucia.es\/ceiplaunion\/files\/2021\/01\/P1210833-48x36.jpg 48w, https:\/\/blogsaverroes.juntadeandalucia.es\/ceiplaunion\/files\/2021\/01\/P1210833-scaled.jpg 1600w\" sizes=\"(max-width: 277px) 100vw, 277px\" \/><\/a><\/h3>\n<h5 style=\"text-align: center\">&nbsp;Gobernador Civil D. Jos\u00e9 Gonz\u00e1lez<\/h5>\n<p style=\"text-align: center\"><a href=\"https:\/\/blogsaverroes.juntadeandalucia.es\/ceiplaunion\/files\/2021\/01\/thumbnail_INSPECTOR.jpg\"><img loading=\"lazy\" decoding=\"async\" class=\"alignnone wp-image-2997\" src=\"https:\/\/blogsaverroes.juntadeandalucia.es\/ceiplaunion\/files\/2021\/01\/thumbnail_INSPECTOR-300x258.jpg\" alt=\"\" width=\"246\" height=\"212\" srcset=\"https:\/\/blogsaverroes.juntadeandalucia.es\/ceiplaunion\/files\/2021\/01\/thumbnail_INSPECTOR-300x258.jpg 300w, https:\/\/blogsaverroes.juntadeandalucia.es\/ceiplaunion\/files\/2021\/01\/thumbnail_INSPECTOR-1024x879.jpg 1024w, https:\/\/blogsaverroes.juntadeandalucia.es\/ceiplaunion\/files\/2021\/01\/thumbnail_INSPECTOR-768x659.jpg 768w, https:\/\/blogsaverroes.juntadeandalucia.es\/ceiplaunion\/files\/2021\/01\/thumbnail_INSPECTOR-24x21.jpg 24w, https:\/\/blogsaverroes.juntadeandalucia.es\/ceiplaunion\/files\/2021\/01\/thumbnail_INSPECTOR-36x31.jpg 36w, https:\/\/blogsaverroes.juntadeandalucia.es\/ceiplaunion\/files\/2021\/01\/thumbnail_INSPECTOR-48x41.jpg 48w, https:\/\/blogsaverroes.juntadeandalucia.es\/ceiplaunion\/files\/2021\/01\/thumbnail_INSPECTOR.jpg 1280w\" sizes=\"(max-width: 246px) 100vw, 246px\" \/><\/a>&nbsp; &nbsp; &nbsp; &nbsp; &nbsp; &nbsp;<a href=\"https:\/\/blogsaverroes.juntadeandalucia.es\/ceiplaunion\/files\/2021\/01\/thumbnail_P1210834.jpg\"><img loading=\"lazy\" decoding=\"async\" class=\"alignnone wp-image-2998\" src=\"https:\/\/blogsaverroes.juntadeandalucia.es\/ceiplaunion\/files\/2021\/01\/thumbnail_P1210834-300x225.jpg\" alt=\"\" width=\"282\" height=\"211\" srcset=\"https:\/\/blogsaverroes.juntadeandalucia.es\/ceiplaunion\/files\/2021\/01\/thumbnail_P1210834-300x225.jpg 300w, https:\/\/blogsaverroes.juntadeandalucia.es\/ceiplaunion\/files\/2021\/01\/thumbnail_P1210834-1024x768.jpg 1024w, https:\/\/blogsaverroes.juntadeandalucia.es\/ceiplaunion\/files\/2021\/01\/thumbnail_P1210834-768x576.jpg 768w, https:\/\/blogsaverroes.juntadeandalucia.es\/ceiplaunion\/files\/2021\/01\/thumbnail_P1210834-24x18.jpg 24w, https:\/\/blogsaverroes.juntadeandalucia.es\/ceiplaunion\/files\/2021\/01\/thumbnail_P1210834-36x27.jpg 36w, https:\/\/blogsaverroes.juntadeandalucia.es\/ceiplaunion\/files\/2021\/01\/thumbnail_P1210834-48x36.jpg 48w, https:\/\/blogsaverroes.juntadeandalucia.es\/ceiplaunion\/files\/2021\/01\/thumbnail_P1210834.jpg 1280w\" sizes=\"(max-width: 282px) 100vw, 282px\" \/>&nbsp;<\/a><\/p>\n<h5 style=\"text-align: center\">Inspector Jefe de Edc. D.Jes\u00fas Gea. &nbsp; &nbsp; &nbsp; &nbsp; &nbsp; &nbsp; &nbsp; &nbsp; &nbsp; &nbsp; &nbsp; &nbsp; &nbsp; &nbsp; &nbsp; &nbsp; &nbsp;&nbsp;Director D. Jos\u00e9 Gil Torres &nbsp;<\/h5>\n<h5 style=\"text-align: center\"><a href=\"https:\/\/blogsaverroes.juntadeandalucia.es\/ceiplaunion\/files\/2021\/01\/thumbnail_APA-MEJIAS.jpg\"><img loading=\"lazy\" decoding=\"async\" class=\"wp-image-2999 aligncenter\" src=\"https:\/\/blogsaverroes.juntadeandalucia.es\/ceiplaunion\/files\/2021\/01\/thumbnail_APA-MEJIAS-300x252.jpg\" alt=\"\" width=\"307\" height=\"258\" srcset=\"https:\/\/blogsaverroes.juntadeandalucia.es\/ceiplaunion\/files\/2021\/01\/thumbnail_APA-MEJIAS-300x252.jpg 300w, https:\/\/blogsaverroes.juntadeandalucia.es\/ceiplaunion\/files\/2021\/01\/thumbnail_APA-MEJIAS-1024x859.jpg 1024w, https:\/\/blogsaverroes.juntadeandalucia.es\/ceiplaunion\/files\/2021\/01\/thumbnail_APA-MEJIAS-768x644.jpg 768w, https:\/\/blogsaverroes.juntadeandalucia.es\/ceiplaunion\/files\/2021\/01\/thumbnail_APA-MEJIAS-24x20.jpg 24w, https:\/\/blogsaverroes.juntadeandalucia.es\/ceiplaunion\/files\/2021\/01\/thumbnail_APA-MEJIAS-36x30.jpg 36w, https:\/\/blogsaverroes.juntadeandalucia.es\/ceiplaunion\/files\/2021\/01\/thumbnail_APA-MEJIAS-48x40.jpg 48w, https:\/\/blogsaverroes.juntadeandalucia.es\/ceiplaunion\/files\/2021\/01\/thumbnail_APA-MEJIAS.jpg 1280w\" sizes=\"(max-width: 307px) 100vw, 307px\" \/><\/a><\/h5>\n<h5 style=\"text-align: center\">&nbsp;Presidente de la APA D. Juan Mej\u00edas Garc\u00eda<\/h5>\n<p style=\"text-align: center\"><a href=\"https:\/\/blogsaverroes.juntadeandalucia.es\/ceiplaunion\/files\/2021\/01\/BIBLIOTECA-1-scaled.jpg\"><img loading=\"lazy\" decoding=\"async\" class=\"alignnone size-medium wp-image-3016\" src=\"https:\/\/blogsaverroes.juntadeandalucia.es\/ceiplaunion\/files\/2021\/01\/BIBLIOTECA-1-300x204.jpg\" alt=\"\" width=\"300\" height=\"204\" srcset=\"https:\/\/blogsaverroes.juntadeandalucia.es\/ceiplaunion\/files\/2021\/01\/BIBLIOTECA-1-300x204.jpg 300w, https:\/\/blogsaverroes.juntadeandalucia.es\/ceiplaunion\/files\/2021\/01\/BIBLIOTECA-1-1024x697.jpg 1024w, https:\/\/blogsaverroes.juntadeandalucia.es\/ceiplaunion\/files\/2021\/01\/BIBLIOTECA-1-768x523.jpg 768w, https:\/\/blogsaverroes.juntadeandalucia.es\/ceiplaunion\/files\/2021\/01\/BIBLIOTECA-1-1536x1045.jpg 1536w, https:\/\/blogsaverroes.juntadeandalucia.es\/ceiplaunion\/files\/2021\/01\/BIBLIOTECA-1-2048x1394.jpg 2048w, https:\/\/blogsaverroes.juntadeandalucia.es\/ceiplaunion\/files\/2021\/01\/BIBLIOTECA-1-scaled.jpg 1600w\" sizes=\"(max-width: 300px) 100vw, 300px\" \/><\/a><a href=\"https:\/\/blogsaverroes.juntadeandalucia.es\/ceiplaunion\/files\/2021\/01\/Aula-de-pretecnolog\u00eda-scaled.jpg\"><img loading=\"lazy\" decoding=\"async\" class=\"alignnone wp-image-3018\" src=\"https:\/\/blogsaverroes.juntadeandalucia.es\/ceiplaunion\/files\/2021\/01\/Aula-de-pretecnolog\u00eda-300x225.jpg\" alt=\"\" width=\"272\" height=\"204\" srcset=\"https:\/\/blogsaverroes.juntadeandalucia.es\/ceiplaunion\/files\/2021\/01\/Aula-de-pretecnolog\u00eda-300x225.jpg 300w, https:\/\/blogsaverroes.juntadeandalucia.es\/ceiplaunion\/files\/2021\/01\/Aula-de-pretecnolog\u00eda-1024x768.jpg 1024w, https:\/\/blogsaverroes.juntadeandalucia.es\/ceiplaunion\/files\/2021\/01\/Aula-de-pretecnolog\u00eda-768x576.jpg 768w, https:\/\/blogsaverroes.juntadeandalucia.es\/ceiplaunion\/files\/2021\/01\/Aula-de-pretecnolog\u00eda-1536x1152.jpg 1536w, https:\/\/blogsaverroes.juntadeandalucia.es\/ceiplaunion\/files\/2021\/01\/Aula-de-pretecnolog\u00eda-2048x1536.jpg 2048w, https:\/\/blogsaverroes.juntadeandalucia.es\/ceiplaunion\/files\/2021\/01\/Aula-de-pretecnolog\u00eda-scaled.jpg 1600w\" sizes=\"(max-width: 272px) 100vw, 272px\" \/><\/a><a href=\"https:\/\/blogsaverroes.juntadeandalucia.es\/ceiplaunion\/files\/2021\/01\/Pistas-deportivasd-1-scaled.jpg\"><img loading=\"lazy\" decoding=\"async\" class=\"alignnone wp-image-3024\" src=\"https:\/\/blogsaverroes.juntadeandalucia.es\/ceiplaunion\/files\/2021\/01\/Pistas-deportivasd-1-225x300.jpg\" alt=\"\" width=\"195\" height=\"260\" srcset=\"https:\/\/blogsaverroes.juntadeandalucia.es\/ceiplaunion\/files\/2021\/01\/Pistas-deportivasd-1-225x300.jpg 225w, https:\/\/blogsaverroes.juntadeandalucia.es\/ceiplaunion\/files\/2021\/01\/Pistas-deportivasd-1-768x1024.jpg 768w, https:\/\/blogsaverroes.juntadeandalucia.es\/ceiplaunion\/files\/2021\/01\/Pistas-deportivasd-1-1152x1536.jpg 1152w, https:\/\/blogsaverroes.juntadeandalucia.es\/ceiplaunion\/files\/2021\/01\/Pistas-deportivasd-1-1536x2048.jpg 1536w, https:\/\/blogsaverroes.juntadeandalucia.es\/ceiplaunion\/files\/2021\/01\/Pistas-deportivasd-1-scaled.jpg 1200w\" sizes=\"(max-width: 195px) 100vw, 195px\" \/><\/a><\/p>\n<h4 style=\"text-align: center\"><span style=\"color: #3366ff\">INSTALACIONES DEL CENTRO<\/span><\/h4>\n<p style=\"text-align: center\"><a href=\"https:\/\/blogsaverroes.juntadeandalucia.es\/ceiplaunion\/files\/2021\/01\/PATIO-TRASERO-JARDIN-scaled.jpg\">&nbsp;<img loading=\"lazy\" decoding=\"async\" class=\"alignnone size-medium wp-image-3021\" src=\"https:\/\/blogsaverroes.juntadeandalucia.es\/ceiplaunion\/files\/2021\/01\/PATIO-TRASERO-JARDIN-300x197.jpg\" alt=\"\" width=\"300\" height=\"197\" srcset=\"https:\/\/blogsaverroes.juntadeandalucia.es\/ceiplaunion\/files\/2021\/01\/PATIO-TRASERO-JARDIN-300x197.jpg 300w, https:\/\/blogsaverroes.juntadeandalucia.es\/ceiplaunion\/files\/2021\/01\/PATIO-TRASERO-JARDIN-1024x672.jpg 1024w, https:\/\/blogsaverroes.juntadeandalucia.es\/ceiplaunion\/files\/2021\/01\/PATIO-TRASERO-JARDIN-768x504.jpg 768w, https:\/\/blogsaverroes.juntadeandalucia.es\/ceiplaunion\/files\/2021\/01\/PATIO-TRASERO-JARDIN-1536x1009.jpg 1536w, https:\/\/blogsaverroes.juntadeandalucia.es\/ceiplaunion\/files\/2021\/01\/PATIO-TRASERO-JARDIN-2048x1345.jpg 2048w, https:\/\/blogsaverroes.juntadeandalucia.es\/ceiplaunion\/files\/2021\/01\/PATIO-TRASERO-JARDIN-scaled.jpg 1600w\" sizes=\"(max-width: 300px) 100vw, 300px\" \/><\/a><a href=\"https:\/\/blogsaverroes.juntadeandalucia.es\/ceiplaunion\/files\/2021\/01\/INTERIOR-DEL-COLEGIO-2-2-scaled.jpg\"><img loading=\"lazy\" decoding=\"async\" class=\"alignnone wp-image-3023\" src=\"https:\/\/blogsaverroes.juntadeandalucia.es\/ceiplaunion\/files\/2021\/01\/INTERIOR-DEL-COLEGIO-2-2-203x300.jpg\" alt=\"\" width=\"133\" height=\"197\" srcset=\"https:\/\/blogsaverroes.juntadeandalucia.es\/ceiplaunion\/files\/2021\/01\/INTERIOR-DEL-COLEGIO-2-2-203x300.jpg 203w, https:\/\/blogsaverroes.juntadeandalucia.es\/ceiplaunion\/files\/2021\/01\/INTERIOR-DEL-COLEGIO-2-2-692x1024.jpg 692w, https:\/\/blogsaverroes.juntadeandalucia.es\/ceiplaunion\/files\/2021\/01\/INTERIOR-DEL-COLEGIO-2-2-768x1137.jpg 768w, https:\/\/blogsaverroes.juntadeandalucia.es\/ceiplaunion\/files\/2021\/01\/INTERIOR-DEL-COLEGIO-2-2-1038x1536.jpg 1038w, https:\/\/blogsaverroes.juntadeandalucia.es\/ceiplaunion\/files\/2021\/01\/INTERIOR-DEL-COLEGIO-2-2-1384x2048.jpg 1384w, https:\/\/blogsaverroes.juntadeandalucia.es\/ceiplaunion\/files\/2021\/01\/INTERIOR-DEL-COLEGIO-2-2-scaled.jpg 1081w\" sizes=\"(max-width: 133px) 100vw, 133px\" \/><\/a><\/p>\n<h4 style=\"text-align: center\"><span style=\"color: #3366ff\">MIEMBROS DEL PRIMER CLAUSTRO 80\/81<\/span><\/h4>\n<h4 style=\"text-align: center\"><a href=\"https:\/\/blogsaverroes.juntadeandalucia.es\/ceiplaunion\/files\/2021\/01\/thumbnail_ORLA-80-81.jpg\"><img loading=\"lazy\" decoding=\"async\" class=\"alignnone wp-image-3012\" src=\"https:\/\/blogsaverroes.juntadeandalucia.es\/ceiplaunion\/files\/2021\/01\/thumbnail_ORLA-80-81-300x248.jpg\" alt=\"\" width=\"360\" height=\"297\" srcset=\"https:\/\/blogsaverroes.juntadeandalucia.es\/ceiplaunion\/files\/2021\/01\/thumbnail_ORLA-80-81-300x248.jpg 300w, https:\/\/blogsaverroes.juntadeandalucia.es\/ceiplaunion\/files\/2021\/01\/thumbnail_ORLA-80-81-1024x845.jpg 1024w, https:\/\/blogsaverroes.juntadeandalucia.es\/ceiplaunion\/files\/2021\/01\/thumbnail_ORLA-80-81-768x634.jpg 768w, https:\/\/blogsaverroes.juntadeandalucia.es\/ceiplaunion\/files\/2021\/01\/thumbnail_ORLA-80-81.jpg 1280w\" sizes=\"(max-width: 360px) 100vw, 360px\" \/><\/a>&nbsp; &nbsp;<\/h4>\n<h4 style=\"text-align: center\">(De izquierda a derecha y de arriba hacia abajo):<\/h4>\n<h4 style=\"text-align: center\">Juan Delgado Fdez. Cabrera, Jos\u00e9 M\u00aa Yamuza Clavijo, Francisco Fern\u00e1ndez Pozar (Inspector Educ.), Jos\u00e9 Gil Torres (Director), Diego Bejarano Galisteo (Inspector Educ.), Gaspar S\u00e1nchez Bernal, Tom\u00e1s Yuste Barrero, Salvador Molina G\u00e1mez, Cecilio Lorente Sanz, Saturnina Garc\u00eda Furones, Manuel Soria de Amil, Jos\u00e9 P\u00e9rez Gonz\u00e1lez, Emilio R\u00edos Cod\u00f3n, Rafael Caro Aguilar, Emilia Ingelmo Hern\u00e1ndez, M\u00aa del Carmen M\u00e9ijome P\u00e9rez, Jos\u00e9 Amuedo Romero, Trinidad Velasco Pintado y Jos\u00e9 Lagos Rodr\u00edguez.<\/h4>\n<h4 style=\"text-align: center\"><span style=\"color: #3366ff\">MIEMBROS DEL CLAUSTRO 84\/85 &nbsp;<\/span><\/h4>\n<h4 style=\"text-align: center\"><a href=\"https:\/\/blogsaverroes.juntadeandalucia.es\/ceiplaunion\/files\/2021\/01\/P1210954-scaled.jpg\"><img loading=\"lazy\" decoding=\"async\" class=\"alignnone wp-image-3030\" src=\"https:\/\/blogsaverroes.juntadeandalucia.es\/ceiplaunion\/files\/2021\/01\/P1210954-300x225.jpg\" alt=\"\" width=\"383\" height=\"287\" srcset=\"https:\/\/blogsaverroes.juntadeandalucia.es\/ceiplaunion\/files\/2021\/01\/P1210954-300x225.jpg 300w, https:\/\/blogsaverroes.juntadeandalucia.es\/ceiplaunion\/files\/2021\/01\/P1210954-1024x768.jpg 1024w, https:\/\/blogsaverroes.juntadeandalucia.es\/ceiplaunion\/files\/2021\/01\/P1210954-768x576.jpg 768w, https:\/\/blogsaverroes.juntadeandalucia.es\/ceiplaunion\/files\/2021\/01\/P1210954-1536x1152.jpg 1536w, https:\/\/blogsaverroes.juntadeandalucia.es\/ceiplaunion\/files\/2021\/01\/P1210954-2048x1536.jpg 2048w, https:\/\/blogsaverroes.juntadeandalucia.es\/ceiplaunion\/files\/2021\/01\/P1210954-scaled.jpg 1600w\" sizes=\"(max-width: 383px) 100vw, 383px\" \/><\/a><\/h4>\n<h4 style=\"text-align: center\">(De izquierda a derecha y de arriba hacia abajo):<\/h4>\n<h4 style=\"text-align: center\">Juan Delgado Fdez. Cabrera,&nbsp;Salvador Molina G\u00e1mez,&nbsp;Jos\u00e9 M\u00aa Yamuza Clavijo,&nbsp;Tom\u00e1s Yuste Barrero (Director), Francisco Poveda D\u00edaz (Inspector Educ.),&nbsp;Manuel Soria de Amil,&nbsp;M\u00aa del Carmen M\u00e9ijome P\u00e9rez,&nbsp;Rafael Caro Aguilar, Jose M\u00aa Lozano Albu\u00edn, Eloy Rodr\u00edguez Garc\u00eda,&nbsp;Saturnina Garc\u00eda Furones, Jose antonio Lara Lled\u00f3,&nbsp;Trinidad Velasco Pintado, Pablo Garc\u00eda Alonso, \u00c1ngel M\u00aa D\u00edaz Bellido, Antonio Torres Gonz\u00e1lez, Marina Calles Robles, Margarita Reviriego Hern\u00e1ndez y Jos\u00e9 Acedo Doblas.<\/h4>\n<h4 style=\"text-align: center\"><a href=\"https:\/\/blogsaverroes.juntadeandalucia.es\/ceiplaunion\/files\/2021\/02\/GALER\u00cdA-DE-DIRECTOR@S-1.pdf\"><strong><span style=\"color: #3366ff\">GALER\u00cdA DE DIRECTOR@S<\/span><\/strong><\/a><\/h4>\n<p style=\"text-align: center\"><a href=\"https:\/\/blogsaverroes.juntadeandalucia.es\/ceiplaunion\/files\/2021\/02\/unnamed-5.jpg\"><img loading=\"lazy\" decoding=\"async\" class=\"wp-image-3063 aligncenter\" src=\"https:\/\/blogsaverroes.juntadeandalucia.es\/ceiplaunion\/files\/2021\/02\/unnamed-5-300x200.jpg\" alt=\"\" width=\"187\" height=\"124\" srcset=\"https:\/\/blogsaverroes.juntadeandalucia.es\/ceiplaunion\/files\/2021\/02\/unnamed-5-300x200.jpg 300w, https:\/\/blogsaverroes.juntadeandalucia.es\/ceiplaunion\/files\/2021\/02\/unnamed-5.jpg 512w\" sizes=\"(max-width: 187px) 100vw, 187px\" \/><\/a><\/p>\n<h4 style=\"text-align: center\"><span style=\"color: #3366ff\"><strong><a style=\"color: #3366ff\" href=\"https:\/\/blogsaverroes.juntadeandalucia.es\/ceiplaunion\/files\/2021\/02\/EL-ESCUDO-DEL-COLEGIO-1.pdf\">EL ESCUDO DEL COLEGIO<\/a><\/strong><\/span><\/h4>\n<p><a href=\"https:\/\/blogsaverroes.juntadeandalucia.es\/ceiplaunion\/files\/2021\/01\/731FD70F-A794-43DA-A9AB-14934066B8A2.png\"><img loading=\"lazy\" decoding=\"async\" class=\"wp-image-2968 aligncenter\" src=\"https:\/\/blogsaverroes.juntadeandalucia.es\/ceiplaunion\/files\/2021\/01\/731FD70F-A794-43DA-A9AB-14934066B8A2-222x300.png\" alt=\"\" width=\"120\" height=\"162\" srcset=\"https:\/\/blogsaverroes.juntadeandalucia.es\/ceiplaunion\/files\/2021\/01\/731FD70F-A794-43DA-A9AB-14934066B8A2-222x300.png 222w, https:\/\/blogsaverroes.juntadeandalucia.es\/ceiplaunion\/files\/2021\/01\/731FD70F-A794-43DA-A9AB-14934066B8A2-759x1024.png 759w, https:\/\/blogsaverroes.juntadeandalucia.es\/ceiplaunion\/files\/2021\/01\/731FD70F-A794-43DA-A9AB-14934066B8A2-768x1036.png 768w, https:\/\/blogsaverroes.juntadeandalucia.es\/ceiplaunion\/files\/2021\/01\/731FD70F-A794-43DA-A9AB-14934066B8A2-18x24.png 18w, https:\/\/blogsaverroes.juntadeandalucia.es\/ceiplaunion\/files\/2021\/01\/731FD70F-A794-43DA-A9AB-14934066B8A2-27x36.png 27w, https:\/\/blogsaverroes.juntadeandalucia.es\/ceiplaunion\/files\/2021\/01\/731FD70F-A794-43DA-A9AB-14934066B8A2-36x48.png 36w, https:\/\/blogsaverroes.juntadeandalucia.es\/ceiplaunion\/files\/2021\/01\/731FD70F-A794-43DA-A9AB-14934066B8A2.png 949w\" sizes=\"(max-width: 120px) 100vw, 120px\" \/><\/a><\/p>\n<p style=\"text-align: center\"><span style=\"color: #3366ff\"><strong>&nbsp;<\/strong><\/span><\/p>\n<p style=\"text-align: center\"><span style=\"color: #3366ff\"><strong><a style=\"color: #3366ff\" href=\"https:\/\/blogsaverroes.juntadeandalucia.es\/ceiplaunion\/files\/2021\/02\/LA-UNI\u00d3N-VISITA-EL-PARLAMENTO-EUROPEO.pdf\">LA UNI\u00d3N VISITA EL PARLAMENTO EUROPEO<\/a><\/strong><\/span><\/p>\n<p style=\"text-align: center\"><span style=\"color: #3366ff\"><a style=\"color: #3366ff\" href=\"https:\/\/blogsaverroes.juntadeandalucia.es\/ceiplaunion\/files\/2021\/02\/VIAJE-A-ESTRASBURGO-I.pdf\">VIAJE A ESTRASBURGO I<\/a><\/span><\/p>\n<p style=\"text-align: center\"><span style=\"color: #3366ff\"><a style=\"color: #3366ff\" href=\"https:\/\/blogsaverroes.juntadeandalucia.es\/ceiplaunion\/files\/2021\/02\/VIAJE-A-ESTRASBURGO-II-1.pdf\">VIAJE A ESTRASBURGO II<\/a><\/span><\/p>\n<p style=\"text-align: center\"><a href=\"https:\/\/blogsaverroes.juntadeandalucia.es\/ceiplaunion\/files\/2021\/02\/bandera-esuropa.png\"><img loading=\"lazy\" decoding=\"async\" class=\"wp-image-3102 aligncenter\" src=\"https:\/\/blogsaverroes.juntadeandalucia.es\/ceiplaunion\/files\/2021\/02\/bandera-esuropa-300x209.png\" alt=\"\" width=\"141\" height=\"98\" srcset=\"https:\/\/blogsaverroes.juntadeandalucia.es\/ceiplaunion\/files\/2021\/02\/bandera-esuropa-300x209.png 300w, https:\/\/blogsaverroes.juntadeandalucia.es\/ceiplaunion\/files\/2021\/02\/bandera-esuropa-768x536.png 768w, https:\/\/blogsaverroes.juntadeandalucia.es\/ceiplaunion\/files\/2021\/02\/bandera-esuropa.png 999w\" sizes=\"(max-width: 141px) 100vw, 141px\" \/><\/a><\/p>\n<h4 style=\"text-align: center\"><span style=\"color: #3366ff\"><a style=\"color: #3366ff\" href=\"https:\/\/blogsaverroes.juntadeandalucia.es\/ceiplaunion\/files\/2021\/02\/SIMULACRO-DE-INCENDIO.pdf\">SIMULACRO DE INCENDIO<\/a><\/span><\/h4>\n<p style=\"text-align: center\"><a href=\"https:\/\/blogsaverroes.juntadeandalucia.es\/ceiplaunion\/files\/2021\/02\/63878839-evacuaci\u00f3n-icono-del-fuego-hombre-calendario-del-vector-del-d\u00eda-el-estilo-es-el-s\u00edmbolo-plano-bicolor-gr\u00e1fico.jpg\"><img loading=\"lazy\" decoding=\"async\" class=\"alignnone wp-image-3120\" src=\"https:\/\/blogsaverroes.juntadeandalucia.es\/ceiplaunion\/files\/2021\/02\/63878839-evacuaci\u00f3n-icono-del-fuego-hombre-calendario-del-vector-del-d\u00eda-el-estilo-es-el-s\u00edmbolo-plano-bicolor-gr\u00e1fico-300x300.jpg\" alt=\"\" width=\"105\" height=\"105\" srcset=\"https:\/\/blogsaverroes.juntadeandalucia.es\/ceiplaunion\/files\/2021\/02\/63878839-evacuaci\u00f3n-icono-del-fuego-hombre-calendario-del-vector-del-d\u00eda-el-estilo-es-el-s\u00edmbolo-plano-bicolor-gr\u00e1fico-300x300.jpg 300w, https:\/\/blogsaverroes.juntadeandalucia.es\/ceiplaunion\/files\/2021\/02\/63878839-evacuaci\u00f3n-icono-del-fuego-hombre-calendario-del-vector-del-d\u00eda-el-estilo-es-el-s\u00edmbolo-plano-bicolor-gr\u00e1fico-1024x1021.jpg 1024w, https:\/\/blogsaverroes.juntadeandalucia.es\/ceiplaunion\/files\/2021\/02\/63878839-evacuaci\u00f3n-icono-del-fuego-hombre-calendario-del-vector-del-d\u00eda-el-estilo-es-el-s\u00edmbolo-plano-bicolor-gr\u00e1fico-150x150.jpg 150w, https:\/\/blogsaverroes.juntadeandalucia.es\/ceiplaunion\/files\/2021\/02\/63878839-evacuaci\u00f3n-icono-del-fuego-hombre-calendario-del-vector-del-d\u00eda-el-estilo-es-el-s\u00edmbolo-plano-bicolor-gr\u00e1fico-768x766.jpg 768w, https:\/\/blogsaverroes.juntadeandalucia.es\/ceiplaunion\/files\/2021\/02\/63878839-evacuaci\u00f3n-icono-del-fuego-hombre-calendario-del-vector-del-d\u00eda-el-estilo-es-el-s\u00edmbolo-plano-bicolor-gr\u00e1fico.jpg 1222w\" sizes=\"(max-width: 105px) 100vw, 105px\" \/><\/a><\/p>\n<p>&nbsp;<\/p>\n<p style=\"text-align: center\"><span style=\"color: #3366ff\"><strong><a style=\"color: #3366ff\" href=\"https:\/\/blogsaverroes.juntadeandalucia.es\/ceiplaunion\/files\/2021\/02\/JORNADA-CONTINUADA-Talleres-1.pdf\">JORNADA CONTINUADA Talleres<\/a><\/strong><\/span><\/p>\n<p style=\"text-align: center\"><a href=\"https:\/\/blogsaverroes.juntadeandalucia.es\/ceiplaunion\/files\/2021\/02\/images-4.png\"><img loading=\"lazy\" decoding=\"async\" class=\"alignnone wp-image-3090\" src=\"https:\/\/blogsaverroes.juntadeandalucia.es\/ceiplaunion\/files\/2021\/02\/images-4.png\" alt=\"\" width=\"164\" height=\"102\"><\/a><\/p>\n<p style=\"text-align: center\"><strong><a href=\"https:\/\/blogsaverroes.juntadeandalucia.es\/ceiplaunion\/files\/2021\/02\/ASOCIACI\u00d3N-PADRES-Y-MADRES-DE-ALUMNADO.pdf\"><span style=\"color: #3366ff\">ASOCIACI\u00d3N PADRES Y MADRES DE ALUMNADO<\/span><\/a><\/strong><\/p>\n<p style=\"text-align: center\"><a href=\"https:\/\/blogsaverroes.juntadeandalucia.es\/ceiplaunion\/files\/2014\/12\/familia.png\"><img loading=\"lazy\" decoding=\"async\" class=\"wp-image-542 aligncenter\" src=\"https:\/\/blogsaverroes.juntadeandalucia.es\/ceiplaunion\/files\/2014\/12\/familia-300x194.png\" alt=\"\" width=\"94\" height=\"61\" srcset=\"https:\/\/blogsaverroes.juntadeandalucia.es\/ceiplaunion\/files\/2014\/12\/familia-300x194.png 300w, https:\/\/blogsaverroes.juntadeandalucia.es\/ceiplaunion\/files\/2014\/12\/familia-1024x662.png 1024w, https:\/\/blogsaverroes.juntadeandalucia.es\/ceiplaunion\/files\/2014\/12\/familia-700x452.png 700w, https:\/\/blogsaverroes.juntadeandalucia.es\/ceiplaunion\/files\/2014\/12\/familia-332x215.png 332w, https:\/\/blogsaverroes.juntadeandalucia.es\/ceiplaunion\/files\/2014\/12\/familia.png 1280w\" sizes=\"(max-width: 94px) 100vw, 94px\" \/><\/a><\/p>\n<h5 style=\"text-align: center\"><span style=\"color: #3366ff\"><strong><a href=\"https:\/\/blogsaverroes.juntadeandalucia.es\/ceiplaunion\/files\/2021\/02\/GALERIA-DE-PRESIDENT@S-A.M.P.A.-1.pdf\"><span style=\"color: #3366ff\">GALERIA DE PRESIDENT@S A.M.P.A.<\/span><\/a><\/strong><\/span><\/h5>\n<h5 style=\"text-align: center\"><strong><a href=\"https:\/\/blogsaverroes.juntadeandalucia.es\/ceiplaunion\/files\/2021\/02\/CORO-E-HIMNO-DEL-COLEGIO.pdf\"><span style=\"color: #3366ff\">CORO E HIMNO DEL COLEGIO<\/span><\/a><\/strong><\/h5>\n<div style=\"width: 848px;\" class=\"wp-video\"><!--[if lt IE 9]><script>document.createElement('video');<\/script><![endif]-->\n<video class=\"wp-video-shortcode\" id=\"video-2963-1\" width=\"848\" height=\"480\" preload=\"metadata\" controls=\"controls\"><source type=\"video\/mp4\" src=\"https:\/\/blogsaverroes.juntadeandalucia.es\/ceiplaunion\/files\/2021\/02\/VIDEO-2021-03-05-17-03-53.mp4?_=1\" \/><a href=\"https:\/\/blogsaverroes.juntadeandalucia.es\/ceiplaunion\/files\/2021\/02\/VIDEO-2021-03-05-17-03-53.mp4\">https:\/\/blogsaverroes.juntadeandalucia.es\/ceiplaunion\/files\/2021\/02\/VIDEO-2021-03-05-17-03-53.mp4<\/a><\/video><\/div>\n<h5 style=\"text-align: center\"><span style=\"color: #3366ff\"><strong>ACTIVIDADES Y COLABORACIONES DE A.M.P.A.<\/strong><\/span><\/h5>\n<p>A lo largo de los a\u00f1os la ASOCIACI\u00d3N PADRES Y MADRES DE ALUMNADO (AMPA), antiguamente conocida como APA, ha jugado un papel fundamental en el recorrido y crecimiento del centro educativo de La Uni\u00f3n.<\/p>\n<p>A continuaci\u00f3n hacemos un recorrido por la historia con im\u00e1genes de los primeros a\u00f1os del funcionamiento del colegio.<\/p>\n<h5 style=\"text-align: center\"><a href=\"https:\/\/blogsaverroes.juntadeandalucia.es\/ceiplaunion\/files\/2021\/02\/CONVIVENCIA-Y-REIVINDICACIONES.pdf\"><span style=\"color: #3366ff\">CONVIVENCIA Y REIVINDICACIONES<\/span><\/a><\/h5>\n<h5 style=\"text-align: center\"><a href=\"https:\/\/blogsaverroes.juntadeandalucia.es\/ceiplaunion\/files\/2021\/04\/4-scaled.jpg\"><img loading=\"lazy\" decoding=\"async\" class=\" wp-image-3333 aligncenter\" src=\"https:\/\/blogsaverroes.juntadeandalucia.es\/ceiplaunion\/files\/2021\/04\/4-300x225.jpg\" alt=\"\" width=\"341\" height=\"256\" srcset=\"https:\/\/blogsaverroes.juntadeandalucia.es\/ceiplaunion\/files\/2021\/04\/4-300x225.jpg 300w, https:\/\/blogsaverroes.juntadeandalucia.es\/ceiplaunion\/files\/2021\/04\/4-1024x768.jpg 1024w, https:\/\/blogsaverroes.juntadeandalucia.es\/ceiplaunion\/files\/2021\/04\/4-768x576.jpg 768w, https:\/\/blogsaverroes.juntadeandalucia.es\/ceiplaunion\/files\/2021\/04\/4-1536x1152.jpg 1536w, https:\/\/blogsaverroes.juntadeandalucia.es\/ceiplaunion\/files\/2021\/04\/4-2048x1536.jpg 2048w, https:\/\/blogsaverroes.juntadeandalucia.es\/ceiplaunion\/files\/2021\/04\/4-scaled.jpg 1600w\" sizes=\"(max-width: 341px) 100vw, 341px\" \/><\/a><\/h5>\n<h5 style=\"text-align: center\"><a href=\"https:\/\/blogsaverroes.juntadeandalucia.es\/ceiplaunion\/files\/2021\/02\/CATERING.pdf\"><span style=\"color: #3366ff\">CATERING<\/span><\/a><\/h5>\n<p><a href=\"https:\/\/blogsaverroes.juntadeandalucia.es\/ceiplaunion\/files\/2021\/04\/8-scaled.jpg\"><img loading=\"lazy\" decoding=\"async\" class=\" wp-image-3334 aligncenter\" src=\"https:\/\/blogsaverroes.juntadeandalucia.es\/ceiplaunion\/files\/2021\/04\/8-300x225.jpg\" alt=\"\" width=\"330\" height=\"247\" srcset=\"https:\/\/blogsaverroes.juntadeandalucia.es\/ceiplaunion\/files\/2021\/04\/8-300x225.jpg 300w, https:\/\/blogsaverroes.juntadeandalucia.es\/ceiplaunion\/files\/2021\/04\/8-1024x768.jpg 1024w, https:\/\/blogsaverroes.juntadeandalucia.es\/ceiplaunion\/files\/2021\/04\/8-768x576.jpg 768w, https:\/\/blogsaverroes.juntadeandalucia.es\/ceiplaunion\/files\/2021\/04\/8-1536x1152.jpg 1536w, https:\/\/blogsaverroes.juntadeandalucia.es\/ceiplaunion\/files\/2021\/04\/8-2048x1536.jpg 2048w, https:\/\/blogsaverroes.juntadeandalucia.es\/ceiplaunion\/files\/2021\/04\/8-scaled.jpg 1600w\" sizes=\"(max-width: 330px) 100vw, 330px\" \/><\/a><\/p>\n<h5 style=\"text-align: center\"><a href=\"https:\/\/blogsaverroes.juntadeandalucia.es\/ceiplaunion\/files\/2021\/02\/DESAYUNO-ANDALUZ.pdf\"><span style=\"color: #3366ff\">DESAYUNO ANDALUZ<\/span><\/a><\/h5>\n<h4><a href=\"https:\/\/blogsaverroes.juntadeandalucia.es\/ceiplaunion\/files\/2021\/04\/2-scaled.jpg\"><img loading=\"lazy\" decoding=\"async\" class=\" wp-image-3335 aligncenter\" src=\"https:\/\/blogsaverroes.juntadeandalucia.es\/ceiplaunion\/files\/2021\/04\/2-300x225.jpg\" alt=\"\" width=\"336\" height=\"252\" srcset=\"https:\/\/blogsaverroes.juntadeandalucia.es\/ceiplaunion\/files\/2021\/04\/2-300x225.jpg 300w, https:\/\/blogsaverroes.juntadeandalucia.es\/ceiplaunion\/files\/2021\/04\/2-1024x768.jpg 1024w, https:\/\/blogsaverroes.juntadeandalucia.es\/ceiplaunion\/files\/2021\/04\/2-768x576.jpg 768w, https:\/\/blogsaverroes.juntadeandalucia.es\/ceiplaunion\/files\/2021\/04\/2-1536x1152.jpg 1536w, https:\/\/blogsaverroes.juntadeandalucia.es\/ceiplaunion\/files\/2021\/04\/2-2048x1536.jpg 2048w, https:\/\/blogsaverroes.juntadeandalucia.es\/ceiplaunion\/files\/2021\/04\/2-scaled.jpg 1600w\" sizes=\"(max-width: 336px) 100vw, 336px\" \/><\/a><\/h4>\n<h5 style=\"text-align: center\"><strong><a href=\"https:\/\/blogsaverroes.juntadeandalucia.es\/ceiplaunion\/files\/2021\/02\/ELECCIONES.pdf\"><span style=\"color: #3366ff\">ELECCIONES<\/span><\/a><\/strong><\/h5>\n<p><a href=\"https:\/\/blogsaverroes.juntadeandalucia.es\/ceiplaunion\/files\/2021\/04\/2-1-scaled.jpg\"><img loading=\"lazy\" decoding=\"async\" class=\" wp-image-3336 aligncenter\" src=\"https:\/\/blogsaverroes.juntadeandalucia.es\/ceiplaunion\/files\/2021\/04\/2-1-300x225.jpg\" alt=\"\" width=\"339\" height=\"254\" srcset=\"https:\/\/blogsaverroes.juntadeandalucia.es\/ceiplaunion\/files\/2021\/04\/2-1-300x225.jpg 300w, https:\/\/blogsaverroes.juntadeandalucia.es\/ceiplaunion\/files\/2021\/04\/2-1-1024x768.jpg 1024w, https:\/\/blogsaverroes.juntadeandalucia.es\/ceiplaunion\/files\/2021\/04\/2-1-768x576.jpg 768w, https:\/\/blogsaverroes.juntadeandalucia.es\/ceiplaunion\/files\/2021\/04\/2-1-1536x1152.jpg 1536w, https:\/\/blogsaverroes.juntadeandalucia.es\/ceiplaunion\/files\/2021\/04\/2-1-2048x1536.jpg 2048w, https:\/\/blogsaverroes.juntadeandalucia.es\/ceiplaunion\/files\/2021\/04\/2-1-scaled.jpg 1600w\" sizes=\"(max-width: 339px) 100vw, 339px\" \/><\/a><\/p>\n<h5 style=\"text-align: center\"><a href=\"https:\/\/blogsaverroes.juntadeandalucia.es\/ceiplaunion\/files\/2021\/02\/EXPOSICIONES-Y-TALLERES.pdf\"><strong><span style=\"color: #3366ff\">EXPOSICIONES Y TALLERES<\/span><\/strong><\/a><\/h5>\n<h4><a href=\"https:\/\/blogsaverroes.juntadeandalucia.es\/ceiplaunion\/files\/2021\/04\/3-scaled.jpg\"><img loading=\"lazy\" decoding=\"async\" class=\"size-medium wp-image-3339 aligncenter\" src=\"https:\/\/blogsaverroes.juntadeandalucia.es\/ceiplaunion\/files\/2021\/04\/3-300x225.jpg\" alt=\"\" width=\"300\" height=\"225\" srcset=\"https:\/\/blogsaverroes.juntadeandalucia.es\/ceiplaunion\/files\/2021\/04\/3-300x225.jpg 300w, https:\/\/blogsaverroes.juntadeandalucia.es\/ceiplaunion\/files\/2021\/04\/3-1024x768.jpg 1024w, https:\/\/blogsaverroes.juntadeandalucia.es\/ceiplaunion\/files\/2021\/04\/3-768x576.jpg 768w, https:\/\/blogsaverroes.juntadeandalucia.es\/ceiplaunion\/files\/2021\/04\/3-1536x1152.jpg 1536w, https:\/\/blogsaverroes.juntadeandalucia.es\/ceiplaunion\/files\/2021\/04\/3-2048x1536.jpg 2048w, https:\/\/blogsaverroes.juntadeandalucia.es\/ceiplaunion\/files\/2021\/04\/3-scaled.jpg 1600w\" sizes=\"(max-width: 300px) 100vw, 300px\" \/><\/a><\/h4>\n<h5 style=\"text-align: center\"><a href=\"https:\/\/blogsaverroes.juntadeandalucia.es\/ceiplaunion\/files\/2021\/04\/VISITA-DE-LOS-REYES-MAGOS.pdf\"><strong><span style=\"color: #3366ff\">VISITA DE LOS REYES MAGOS<\/span><\/strong><\/a><\/h5>\n<h4><a href=\"https:\/\/blogsaverroes.juntadeandalucia.es\/ceiplaunion\/files\/2021\/04\/5-scaled.jpg\"><img loading=\"lazy\" decoding=\"async\" class=\" wp-image-3343 aligncenter\" src=\"https:\/\/blogsaverroes.juntadeandalucia.es\/ceiplaunion\/files\/2021\/04\/5-300x225.jpg\" alt=\"\" width=\"312\" height=\"234\" srcset=\"https:\/\/blogsaverroes.juntadeandalucia.es\/ceiplaunion\/files\/2021\/04\/5-300x225.jpg 300w, https:\/\/blogsaverroes.juntadeandalucia.es\/ceiplaunion\/files\/2021\/04\/5-1024x768.jpg 1024w, https:\/\/blogsaverroes.juntadeandalucia.es\/ceiplaunion\/files\/2021\/04\/5-768x576.jpg 768w, https:\/\/blogsaverroes.juntadeandalucia.es\/ceiplaunion\/files\/2021\/04\/5-1536x1152.jpg 1536w, https:\/\/blogsaverroes.juntadeandalucia.es\/ceiplaunion\/files\/2021\/04\/5-2048x1536.jpg 2048w, https:\/\/blogsaverroes.juntadeandalucia.es\/ceiplaunion\/files\/2021\/04\/5-scaled.jpg 1600w\" sizes=\"(max-width: 312px) 100vw, 312px\" \/><\/a><\/h4>\n<h5 style=\"text-align: center\"><strong><span style=\"color: #3366ff\"><a href=\"https:\/\/blogsaverroes.juntadeandalucia.es\/ceiplaunion\/files\/2021\/04\/MEJORAS-Y-REFORMAS.pdf\"><span style=\"color: #3366ff\">MEJORAS Y REFORMAS<\/span><\/a><\/span><\/strong><\/h5>\n<h5 style=\"text-align: center\"><strong><span style=\"color: #3366ff\"><a href=\"https:\/\/blogsaverroes.juntadeandalucia.es\/ceiplaunion\/files\/2021\/02\/0.jpg\"><img loading=\"lazy\" decoding=\"async\" class=\" wp-image-3318 aligncenter\" src=\"https:\/\/blogsaverroes.juntadeandalucia.es\/ceiplaunion\/files\/2021\/02\/0-300x225.jpg\" alt=\"\" width=\"315\" height=\"236\" srcset=\"https:\/\/blogsaverroes.juntadeandalucia.es\/ceiplaunion\/files\/2021\/02\/0-300x225.jpg 300w, https:\/\/blogsaverroes.juntadeandalucia.es\/ceiplaunion\/files\/2021\/02\/0-1024x768.jpg 1024w, https:\/\/blogsaverroes.juntadeandalucia.es\/ceiplaunion\/files\/2021\/02\/0-768x576.jpg 768w, https:\/\/blogsaverroes.juntadeandalucia.es\/ceiplaunion\/files\/2021\/02\/0.jpg 1280w\" sizes=\"(max-width: 315px) 100vw, 315px\" \/><\/a><\/span><\/strong><\/h5>\n<h5 style=\"text-align: center\"><a href=\"https:\/\/blogsaverroes.juntadeandalucia.es\/ceiplaunion\/files\/2021\/02\/CASETA-DE-LA-UNIO\u0301N-EN-FERIA-1.pdf\"><span style=\"color: #3366ff\">CASETA DE LA UNIO\u0301N EN FERIA<\/span><\/a><\/h5>\n<div id='gallery-1' class='gallery galleryid-2963 gallery-columns-3 gallery-size-thumbnail'><figure class='gallery-item'>\n\t\t\t<div class='gallery-icon landscape'>\n\t\t\t\t<a href='https:\/\/blogsaverroes.juntadeandalucia.es\/ceiplaunion\/ampa\/attachment\/25\/'><img loading=\"lazy\" decoding=\"async\" width=\"150\" height=\"150\" src=\"https:\/\/blogsaverroes.juntadeandalucia.es\/ceiplaunion\/files\/2021\/04\/25-150x150.jpg\" class=\"attachment-thumbnail size-thumbnail\" alt=\"\" \/><\/a>\n\t\t\t<\/div><\/figure><figure class='gallery-item'>\n\t\t\t<div class='gallery-icon landscape'>\n\t\t\t\t<a href='https:\/\/blogsaverroes.juntadeandalucia.es\/ceiplaunion\/ampa\/attachment\/24\/'><img loading=\"lazy\" decoding=\"async\" width=\"150\" height=\"150\" src=\"https:\/\/blogsaverroes.juntadeandalucia.es\/ceiplaunion\/files\/2021\/04\/24-150x150.jpg\" class=\"attachment-thumbnail size-thumbnail\" alt=\"\" \/><\/a>\n\t\t\t<\/div><\/figure><figure class='gallery-item'>\n\t\t\t<div class='gallery-icon landscape'>\n\t\t\t\t<a href='https:\/\/blogsaverroes.juntadeandalucia.es\/ceiplaunion\/ampa\/attachment\/23\/'><img loading=\"lazy\" decoding=\"async\" width=\"150\" height=\"150\" src=\"https:\/\/blogsaverroes.juntadeandalucia.es\/ceiplaunion\/files\/2021\/04\/23-150x150.jpg\" class=\"attachment-thumbnail size-thumbnail\" alt=\"\" \/><\/a>\n\t\t\t<\/div><\/figure><figure class='gallery-item'>\n\t\t\t<div class='gallery-icon landscape'>\n\t\t\t\t<a href='https:\/\/blogsaverroes.juntadeandalucia.es\/ceiplaunion\/ampa\/attachment\/21\/'><img loading=\"lazy\" decoding=\"async\" width=\"150\" height=\"150\" src=\"https:\/\/blogsaverroes.juntadeandalucia.es\/ceiplaunion\/files\/2021\/04\/21-150x150.jpg\" class=\"attachment-thumbnail size-thumbnail\" alt=\"\" \/><\/a>\n\t\t\t<\/div><\/figure><figure class='gallery-item'>\n\t\t\t<div class='gallery-icon landscape'>\n\t\t\t\t<a href='https:\/\/blogsaverroes.juntadeandalucia.es\/ceiplaunion\/ampa\/attachment\/20\/'><img loading=\"lazy\" decoding=\"async\" width=\"150\" height=\"150\" src=\"https:\/\/blogsaverroes.juntadeandalucia.es\/ceiplaunion\/files\/2021\/04\/20-150x150.jpg\" class=\"attachment-thumbnail size-thumbnail\" alt=\"\" \/><\/a>\n\t\t\t<\/div><\/figure><figure class='gallery-item'>\n\t\t\t<div class='gallery-icon landscape'>\n\t\t\t\t<a href='https:\/\/blogsaverroes.juntadeandalucia.es\/ceiplaunion\/ampa\/attachment\/18\/'><img loading=\"lazy\" decoding=\"async\" width=\"150\" height=\"150\" src=\"https:\/\/blogsaverroes.juntadeandalucia.es\/ceiplaunion\/files\/2021\/04\/18-150x150.jpg\" class=\"attachment-thumbnail size-thumbnail\" alt=\"\" \/><\/a>\n\t\t\t<\/div><\/figure><figure class='gallery-item'>\n\t\t\t<div class='gallery-icon landscape'>\n\t\t\t\t<a href='https:\/\/blogsaverroes.juntadeandalucia.es\/ceiplaunion\/ampa\/attachment\/17\/'><img loading=\"lazy\" decoding=\"async\" width=\"150\" height=\"150\" src=\"https:\/\/blogsaverroes.juntadeandalucia.es\/ceiplaunion\/files\/2021\/04\/17-150x150.jpg\" class=\"attachment-thumbnail size-thumbnail\" alt=\"\" \/><\/a>\n\t\t\t<\/div><\/figure><figure class='gallery-item'>\n\t\t\t<div class='gallery-icon landscape'>\n\t\t\t\t<a href='https:\/\/blogsaverroes.juntadeandalucia.es\/ceiplaunion\/ampa\/attachment\/16\/'><img loading=\"lazy\" decoding=\"async\" width=\"150\" height=\"150\" src=\"https:\/\/blogsaverroes.juntadeandalucia.es\/ceiplaunion\/files\/2021\/04\/16-150x150.jpg\" class=\"attachment-thumbnail size-thumbnail\" alt=\"\" \/><\/a>\n\t\t\t<\/div><\/figure><figure class='gallery-item'>\n\t\t\t<div class='gallery-icon landscape'>\n\t\t\t\t<a href='https:\/\/blogsaverroes.juntadeandalucia.es\/ceiplaunion\/ampa\/attachment\/15\/'><img loading=\"lazy\" decoding=\"async\" width=\"150\" height=\"150\" src=\"https:\/\/blogsaverroes.juntadeandalucia.es\/ceiplaunion\/files\/2021\/04\/15-150x150.jpg\" class=\"attachment-thumbnail size-thumbnail\" alt=\"\" \/><\/a>\n\t\t\t<\/div><\/figure>\n\t\t<\/div>\n\n<p>El empe\u00f1o de la joven y emprendedora Junta Directiva de la A.P.A. por potenciar la convivencia en la comunidad educativa, les llev\u00f3 a montar por vez primera un caseta en el recinto ferial. Concretamente fue en la feria del a\u00f1o 1983 y fue la primera caseta que representaba a un Colegio P\u00fablico. Su ubicaci\u00f3n fu\u00e9 en las proximidades de lo que actualmente es la zona lateral derecha del Paseo Nuevo.<\/p>\n<p>Con posterioridad, se consigui\u00f3 un enclave muy se\u00f1ero como fue el Paseo de las Palmeras por la entrada principal al ferial entre las casetas de <em>Diario de Jerez<\/em> y la Hermandad de las Angustias (Caseta n\u00ba20).<br \/>\nNi que decir tiene, que las fechas preparativas de montaje constituyeron una de las m\u00e1s arduas y participativas muestras de colaboraci\u00f3n y convivencia entre todos, dado que all\u00ed se reun\u00edan para tal fin padres, profesores y alumnos, con el empe\u00f1o de engalanar nuestra caseta lo m\u00e1s dignamente posible.<\/p>\n<p>El esfuerzo era grande, el tiempo y la ilusi\u00f3n invertidos sin l\u00edmites. Ah\u00ed permaneci\u00f3 ubicada la caseta la mayor\u00eda de los a\u00f1os hasta que una remodelaci\u00f3n municipal la traslad\u00f3 a la zona de Ifeca (Caseta N\u00ba153).<\/p>\n<p>Todas las casetas cumplieron su objetivo: ser un lugar de encuentro donde las actividades como Concursos de \u201csevillanas\u201d y de dibujos daban contenido y participaci\u00f3n al programa de actividades.<\/p>\n<p>Como muestra de lo rese\u00f1ado ofrecemos una amplia galer\u00eda de fotos que nos har\u00e1 evocar aquellos momentos inolvidables.<\/p>\n<h5 style=\"text-align: center\"><span style=\"color: #3366ff\"><a href=\"https:\/\/blogsaverroes.juntadeandalucia.es\/ceiplaunion\/files\/2021\/02\/SA\u0301BADOS-EN-LA-UNIO\u0301N-1.pdf\"><span style=\"color: #3366ff\">SA\u0301BADOS EN LA UNIO\u0301N<\/span><\/a><\/span><\/h5>\n<p><a href=\"https:\/\/blogsaverroes.juntadeandalucia.es\/ceiplaunion\/files\/2021\/04\/10-1-scaled.jpg\"><img loading=\"lazy\" decoding=\"async\" class=\" wp-image-3368 aligncenter\" src=\"https:\/\/blogsaverroes.juntadeandalucia.es\/ceiplaunion\/files\/2021\/04\/10-1-300x225.jpg\" alt=\"\" width=\"351\" height=\"263\" srcset=\"https:\/\/blogsaverroes.juntadeandalucia.es\/ceiplaunion\/files\/2021\/04\/10-1-300x225.jpg 300w, https:\/\/blogsaverroes.juntadeandalucia.es\/ceiplaunion\/files\/2021\/04\/10-1-1024x768.jpg 1024w, https:\/\/blogsaverroes.juntadeandalucia.es\/ceiplaunion\/files\/2021\/04\/10-1-768x576.jpg 768w, https:\/\/blogsaverroes.juntadeandalucia.es\/ceiplaunion\/files\/2021\/04\/10-1-1536x1152.jpg 1536w, https:\/\/blogsaverroes.juntadeandalucia.es\/ceiplaunion\/files\/2021\/04\/10-1-2048x1536.jpg 2048w, https:\/\/blogsaverroes.juntadeandalucia.es\/ceiplaunion\/files\/2021\/04\/10-1-scaled.jpg 1600w\" sizes=\"(max-width: 351px) 100vw, 351px\" \/><\/a><\/p>\n<h5 style=\"text-align: center\"><a href=\"https:\/\/blogsaverroes.juntadeandalucia.es\/ceiplaunion\/files\/2021\/02\/SEMANA-CULTURAL-DEDICADA-A-ANDALUCI\u0301A-2.pdf\"><span style=\"color: #3366ff\">SEMANA CULTURAL DEDICADA A ANDALUCI\u0301A<\/span><\/a><\/h5>\n<h5 style=\"text-align: center\"><a href=\"https:\/\/blogsaverroes.juntadeandalucia.es\/ceiplaunion\/files\/2021\/02\/4-scaled.jpg\"><img loading=\"lazy\" decoding=\"async\" class=\" wp-image-3407 aligncenter\" src=\"https:\/\/blogsaverroes.juntadeandalucia.es\/ceiplaunion\/files\/2021\/02\/4-300x225.jpg\" alt=\"\" width=\"325\" height=\"244\" srcset=\"https:\/\/blogsaverroes.juntadeandalucia.es\/ceiplaunion\/files\/2021\/02\/4-300x225.jpg 300w, https:\/\/blogsaverroes.juntadeandalucia.es\/ceiplaunion\/files\/2021\/02\/4-1024x768.jpg 1024w, https:\/\/blogsaverroes.juntadeandalucia.es\/ceiplaunion\/files\/2021\/02\/4-768x576.jpg 768w, https:\/\/blogsaverroes.juntadeandalucia.es\/ceiplaunion\/files\/2021\/02\/4-1536x1152.jpg 1536w, https:\/\/blogsaverroes.juntadeandalucia.es\/ceiplaunion\/files\/2021\/02\/4-2048x1536.jpg 2048w, https:\/\/blogsaverroes.juntadeandalucia.es\/ceiplaunion\/files\/2021\/02\/4-scaled.jpg 1600w\" sizes=\"(max-width: 325px) 100vw, 325px\" \/><\/a><a href=\"https:\/\/blogsaverroes.juntadeandalucia.es\/ceiplaunion\/files\/2021\/02\/ZAMBOMBAS.pdf\"><strong><span style=\"color: #3366ff\">ZAMBOMBAS<\/span><\/strong><\/a><\/h5>\n<p><a href=\"https:\/\/blogsaverroes.juntadeandalucia.es\/ceiplaunion\/files\/2021\/02\/1-scaled.jpg\"><img loading=\"lazy\" decoding=\"async\" class=\" wp-image-3409 aligncenter\" src=\"https:\/\/blogsaverroes.juntadeandalucia.es\/ceiplaunion\/files\/2021\/02\/1-300x225.jpg\" alt=\"\" width=\"323\" height=\"242\" srcset=\"https:\/\/blogsaverroes.juntadeandalucia.es\/ceiplaunion\/files\/2021\/02\/1-300x225.jpg 300w, https:\/\/blogsaverroes.juntadeandalucia.es\/ceiplaunion\/files\/2021\/02\/1-1024x768.jpg 1024w, https:\/\/blogsaverroes.juntadeandalucia.es\/ceiplaunion\/files\/2021\/02\/1-768x576.jpg 768w, https:\/\/blogsaverroes.juntadeandalucia.es\/ceiplaunion\/files\/2021\/02\/1-1536x1152.jpg 1536w, https:\/\/blogsaverroes.juntadeandalucia.es\/ceiplaunion\/files\/2021\/02\/1-2048x1536.jpg 2048w, https:\/\/blogsaverroes.juntadeandalucia.es\/ceiplaunion\/files\/2021\/02\/1-scaled.jpg 1600w\" sizes=\"(max-width: 323px) 100vw, 323px\" \/><\/a><\/p>\n<h5 style=\"text-align: center\"><span style=\"color: #3366ff\"><strong><a style=\"color: #3366ff\" href=\"https:\/\/blogsaverroes.juntadeandalucia.es\/ceiplaunion\/files\/2021\/02\/SEMANA-CULTURAL-XX-ANIVERSARIO.pdf\">SEMANA CULTURAL XX ANIVERSARIO<\/a><\/strong><\/span><\/h5>\n<p><a href=\"https:\/\/blogsaverroes.juntadeandalucia.es\/ceiplaunion\/files\/2021\/02\/16-scaled.jpg\"><img loading=\"lazy\" decoding=\"async\" class=\" wp-image-3412 aligncenter\" src=\"https:\/\/blogsaverroes.juntadeandalucia.es\/ceiplaunion\/files\/2021\/02\/16-300x225.jpg\" alt=\"\" width=\"325\" height=\"244\" srcset=\"https:\/\/blogsaverroes.juntadeandalucia.es\/ceiplaunion\/files\/2021\/02\/16-300x225.jpg 300w, https:\/\/blogsaverroes.juntadeandalucia.es\/ceiplaunion\/files\/2021\/02\/16-1024x768.jpg 1024w, https:\/\/blogsaverroes.juntadeandalucia.es\/ceiplaunion\/files\/2021\/02\/16-768x576.jpg 768w, https:\/\/blogsaverroes.juntadeandalucia.es\/ceiplaunion\/files\/2021\/02\/16-1536x1152.jpg 1536w, https:\/\/blogsaverroes.juntadeandalucia.es\/ceiplaunion\/files\/2021\/02\/16-2048x1536.jpg 2048w, https:\/\/blogsaverroes.juntadeandalucia.es\/ceiplaunion\/files\/2021\/02\/16-scaled.jpg 1600w\" sizes=\"(max-width: 325px) 100vw, 325px\" \/><\/a><\/p>\n<h5 style=\"text-align: center\"><a href=\"https:\/\/blogsaverroes.juntadeandalucia.es\/ceiplaunion\/files\/2021\/02\/AULA-DE-M\u00daSICA-2.pdf\"><span style=\"color: #3366ff\">AULA DE M\u00daSICA<\/span><\/a><\/h5>\n<p style=\"text-align: center\"><a href=\"https:\/\/blogsaverroes.juntadeandalucia.es\/ceiplaunion\/files\/2021\/02\/AULA-DE-m\u00daSICA6-2.png\"><img loading=\"lazy\" decoding=\"async\" class=\"alignnone wp-image-3170\" src=\"https:\/\/blogsaverroes.juntadeandalucia.es\/ceiplaunion\/files\/2021\/02\/AULA-DE-m\u00daSICA6-2-300x139.png\" alt=\"\" width=\"177\" height=\"82\" srcset=\"https:\/\/blogsaverroes.juntadeandalucia.es\/ceiplaunion\/files\/2021\/02\/AULA-DE-m\u00daSICA6-2-300x139.png 300w, https:\/\/blogsaverroes.juntadeandalucia.es\/ceiplaunion\/files\/2021\/02\/AULA-DE-m\u00daSICA6-2.png 544w\" sizes=\"(max-width: 177px) 100vw, 177px\" \/><\/a><\/p>\n<h5 style=\"text-align: center\"><a style=\"color: #3366ff\" href=\"https:\/\/blogsaverroes.juntadeandalucia.es\/ceiplaunion\/files\/2021\/02\/CONSTRUCCI\u00d3N-DE-ESCENARIO-1.pdf\"><strong>CONSTRUCCI\u00d3N DE ESCENARIO<\/strong><\/a><\/h5>\n<p style=\"text-align: center\"><a href=\"https:\/\/blogsaverroes.juntadeandalucia.es\/ceiplaunion\/files\/2021\/02\/thumbnail_P1220585-2.jpg\"><img loading=\"lazy\" decoding=\"async\" class=\"alignnone wp-image-3165\" src=\"https:\/\/blogsaverroes.juntadeandalucia.es\/ceiplaunion\/files\/2021\/02\/thumbnail_P1220585-2-300x187.jpg\" alt=\"\" width=\"276\" height=\"172\" srcset=\"https:\/\/blogsaverroes.juntadeandalucia.es\/ceiplaunion\/files\/2021\/02\/thumbnail_P1220585-2-300x187.jpg 300w, https:\/\/blogsaverroes.juntadeandalucia.es\/ceiplaunion\/files\/2021\/02\/thumbnail_P1220585-2.jpg 554w\" sizes=\"(max-width: 276px) 100vw, 276px\" \/><\/a><\/p>\n<h5 style=\"text-align: center\"><a href=\"https:\/\/blogsaverroes.juntadeandalucia.es\/ceiplaunion\/files\/2021\/02\/REFORMAS-Y-AMPLIACI\u00d3N-INFANTIL_compressed.pdf\"><span style=\"color: #3366ff\">REFORMAS Y AMPLIACI\u00d3N INFANTIL<\/span><\/a><\/h5>\n<p style=\"text-align: center\"><a href=\"https:\/\/blogsaverroes.juntadeandalucia.es\/ceiplaunion\/files\/2021\/02\/dibujos-animados-constructor-construccion_7737-1257.jpg\"><img loading=\"lazy\" decoding=\"async\" class=\"alignnone wp-image-3473\" src=\"https:\/\/blogsaverroes.juntadeandalucia.es\/ceiplaunion\/files\/2021\/02\/dibujos-animados-constructor-construccion_7737-1257-300x300.jpg\" alt=\"\" width=\"214\" height=\"214\" srcset=\"https:\/\/blogsaverroes.juntadeandalucia.es\/ceiplaunion\/files\/2021\/02\/dibujos-animados-constructor-construccion_7737-1257-300x300.jpg 300w, https:\/\/blogsaverroes.juntadeandalucia.es\/ceiplaunion\/files\/2021\/02\/dibujos-animados-constructor-construccion_7737-1257-150x150.jpg 150w, https:\/\/blogsaverroes.juntadeandalucia.es\/ceiplaunion\/files\/2021\/02\/dibujos-animados-constructor-construccion_7737-1257.jpg 626w\" sizes=\"(max-width: 214px) 100vw, 214px\" \/><\/a><\/p>\n<h5 style=\"text-align: center\"><span style=\"color: #3366ff\"><a style=\"color: #3366ff\" href=\"https:\/\/blogsaverroes.juntadeandalucia.es\/ceiplaunion\/files\/2021\/02\/REFORMAS-Y-AMPLIACI\u00d3N-PRIMARIA_compressed.pdf\">REFORMAS Y AMPLIACI\u00d3N PRIMARIA<\/a><\/span><\/h5>\n<h5 style=\"text-align: center\"><strong><a href=\"https:\/\/blogsaverroes.juntadeandalucia.es\/ceiplaunion\/files\/2021\/02\/PRENSA-ESCOLAR-1.pdf\"><span style=\"color: #3366ff\">PRENSA ESCOLAR<\/span><\/a><\/strong><\/h5>\n<h5 style=\"text-align: center\"><a href=\"https:\/\/blogsaverroes.juntadeandalucia.es\/ceiplaunion\/files\/2021\/02\/P1220428-scaled.jpg\"><img loading=\"lazy\" decoding=\"async\" class=\" wp-image-3127 aligncenter\" src=\"https:\/\/blogsaverroes.juntadeandalucia.es\/ceiplaunion\/files\/2021\/02\/P1220428-216x300.jpg\" alt=\"\" width=\"196\" height=\"273\" srcset=\"https:\/\/blogsaverroes.juntadeandalucia.es\/ceiplaunion\/files\/2021\/02\/P1220428-216x300.jpg 216w, https:\/\/blogsaverroes.juntadeandalucia.es\/ceiplaunion\/files\/2021\/02\/P1220428-736x1024.jpg 736w, https:\/\/blogsaverroes.juntadeandalucia.es\/ceiplaunion\/files\/2021\/02\/P1220428-768x1068.jpg 768w, https:\/\/blogsaverroes.juntadeandalucia.es\/ceiplaunion\/files\/2021\/02\/P1220428-1104x1536.jpg 1104w, https:\/\/blogsaverroes.juntadeandalucia.es\/ceiplaunion\/files\/2021\/02\/P1220428-1472x2048.jpg 1472w, https:\/\/blogsaverroes.juntadeandalucia.es\/ceiplaunion\/files\/2021\/02\/P1220428-scaled.jpg 1150w\" sizes=\"(max-width: 196px) 100vw, 196px\" \/><\/a><\/h5>\n<h5 style=\"text-align: center\"><strong><a href=\"https:\/\/blogsaverroes.juntadeandalucia.es\/ceiplaunion\/files\/2021\/02\/VISITA-DEL-PROFESORADO-JAPON\u00c9S.pdf\"><span style=\"color: #3366ff\">VISITA DEL PROFESORADO JAPON\u00c9S<\/span><\/a><\/strong><\/h5>\n<p style=\"text-align: center\"><a href=\"https:\/\/blogsaverroes.juntadeandalucia.es\/ceiplaunion\/files\/2021\/02\/grupo_de_apoyo-300x233-2.png\"><img loading=\"lazy\" decoding=\"async\" class=\"alignnone wp-image-3143\" src=\"https:\/\/blogsaverroes.juntadeandalucia.es\/ceiplaunion\/files\/2021\/02\/grupo_de_apoyo-300x233-2.png\" alt=\"\" width=\"191\" height=\"148\"><\/a><\/p>\n<h5 style=\"text-align: center\"><a href=\"https:\/\/blogsaverroes.juntadeandalucia.es\/ceiplaunion\/files\/2021\/02\/HERMANAMIENTO-CON-EL-COLEGIO-SAHARAUI-\u201cAL\u00cd-OMAR-BLEILA\u201d.pdf\"><strong><span style=\"color: #3366ff\">HERMANAMIENTO CON EL COLEGIO SAHARAUI \u201cAL\u00cd OMAR BLEILA\u201d<\/span><\/strong><\/a><\/h5>\n<p><a href=\"https:\/\/blogsaverroes.juntadeandalucia.es\/ceiplaunion\/files\/2021\/02\/thumbnail_1-3.jpg\"><img loading=\"lazy\" decoding=\"async\" class=\" wp-image-3159 aligncenter\" src=\"https:\/\/blogsaverroes.juntadeandalucia.es\/ceiplaunion\/files\/2021\/02\/thumbnail_1-3-300x208.jpg\" alt=\"\" width=\"263\" height=\"182\" srcset=\"https:\/\/blogsaverroes.juntadeandalucia.es\/ceiplaunion\/files\/2021\/02\/thumbnail_1-3-300x208.jpg 300w, https:\/\/blogsaverroes.juntadeandalucia.es\/ceiplaunion\/files\/2021\/02\/thumbnail_1-3.jpg 501w\" sizes=\"(max-width: 263px) 100vw, 263px\" \/><\/a><\/p>\n<h5 style=\"text-align: center\"><span style=\"color: #3366ff\"><strong><a style=\"color: #3366ff\" href=\"https:\/\/blogsaverroes.juntadeandalucia.es\/ceiplaunion\/files\/2021\/02\/PROGRAMA-EUROPEO-COMENIUS-1.pdf\">PROGRAMA EUROPEO COMENIUS<\/a><\/strong><\/span><\/h5>\n<h5 style=\"text-align: center\"><a href=\"https:\/\/blogsaverroes.juntadeandalucia.es\/ceiplaunion\/files\/2021\/02\/ACTIVIDADES-COMENIUS-1.pdf\"><span style=\"color: #3366ff\">ACTIVIDADES COMENIUS<\/span><\/a><\/h5>\n<p style=\"text-align: center\"><a href=\"https:\/\/blogsaverroes.juntadeandalucia.es\/ceiplaunion\/files\/2021\/02\/thumbnail_20-2.jpg\"><img loading=\"lazy\" decoding=\"async\" class=\"alignnone wp-image-3161\" src=\"https:\/\/blogsaverroes.juntadeandalucia.es\/ceiplaunion\/files\/2021\/02\/thumbnail_20-2-300x225.jpg\" alt=\"\" width=\"280\" height=\"210\" srcset=\"https:\/\/blogsaverroes.juntadeandalucia.es\/ceiplaunion\/files\/2021\/02\/thumbnail_20-2-300x225.jpg 300w, https:\/\/blogsaverroes.juntadeandalucia.es\/ceiplaunion\/files\/2021\/02\/thumbnail_20-2-1024x768.jpg 1024w, https:\/\/blogsaverroes.juntadeandalucia.es\/ceiplaunion\/files\/2021\/02\/thumbnail_20-2-768x576.jpg 768w, https:\/\/blogsaverroes.juntadeandalucia.es\/ceiplaunion\/files\/2021\/02\/thumbnail_20-2.jpg 1280w\" sizes=\"(max-width: 280px) 100vw, 280px\" \/><\/a><\/p>\n<p style=\"text-align: center\"><span style=\"color: #3366ff\"><strong style=\"text-align: center;font-size: 16px\">&nbsp;GALER\u00cdA DE ACTIVIDADES&nbsp;<\/strong><\/span><\/p>\n<p><a href=\"https:\/\/blogsaverroes.juntadeandalucia.es\/ceiplaunion\/files\/2021\/02\/people_gears.jpg\"><img loading=\"lazy\" decoding=\"async\" class=\"size-medium wp-image-3266 aligncenter\" src=\"https:\/\/blogsaverroes.juntadeandalucia.es\/ceiplaunion\/files\/2021\/02\/people_gears-300x174.jpg\" alt=\"\" width=\"300\" height=\"174\" srcset=\"https:\/\/blogsaverroes.juntadeandalucia.es\/ceiplaunion\/files\/2021\/02\/people_gears-300x174.jpg 300w, https:\/\/blogsaverroes.juntadeandalucia.es\/ceiplaunion\/files\/2021\/02\/people_gears.jpg 620w\" sizes=\"(max-width: 300px) 100vw, 300px\" \/><\/a><\/p>\n<h5 style=\"text-align: center\"><span style=\"color: #3366ff\"><strong><a style=\"color: #3366ff\" href=\"https:\/\/blogsaverroes.juntadeandalucia.es\/ceiplaunion\/files\/2021\/02\/ACTOS-DE-CONVIVENCIA-I.pdf\">ACTOS DE CONVIVENCIA I<\/a><\/strong><\/span><\/h5>\n<h5 style=\"text-align: center\"><a href=\"https:\/\/blogsaverroes.juntadeandalucia.es\/ceiplaunion\/files\/2021\/02\/D\u00cdA-DE-LOS-DERECHOS-DE-LOS-NI\u00d1@S.pdf\"><span style=\"color: #3366ff\">D\u00cdA DE LOS DERECHOS DE LOS NI\u00d1@S<\/span><\/a><\/h5>\n<h5 style=\"text-align: center\"><span style=\"color: #3366ff\"><a style=\"color: #3366ff\" href=\"https:\/\/blogsaverroes.juntadeandalucia.es\/ceiplaunion\/files\/2021\/02\/HALLOWEEN_compressed.pdf\">HALLOWEEN<\/a><\/span><\/h5>\n<h5 style=\"text-align: center\"><span style=\"color: #3366ff\"><a style=\"color: #3366ff\" href=\"https:\/\/blogsaverroes.juntadeandalucia.es\/ceiplaunion\/files\/2021\/02\/D\u00cdA-DE-LA-CONSTITUCI\u00d3N_compressed.pdf\">D\u00cdA DE LA CONSTITUCI\u00d3N<\/a><\/span><\/h5>\n<h5 style=\"text-align: center\"><a href=\"https:\/\/blogsaverroes.juntadeandalucia.es\/ceiplaunion\/files\/2021\/02\/DI\u0301A-DEL-FLAMENCO.pdf\"><span style=\"color: #3366ff\">DI\u0301A DEL FLAMENCO<\/span><\/a><\/h5>\n<h5 style=\"text-align: center\"><span style=\"color: #3366ff\"><strong><a style=\"color: #3366ff\" href=\"https:\/\/blogsaverroes.juntadeandalucia.es\/ceiplaunion\/files\/2021\/02\/ANDALUC\u00cdA-Y-EL-FLAMENCO_compressed.pdf\">ANDALUC\u00cdA Y EL FLAMENCO<\/a><\/strong><\/span><\/h5>\n<div style=\"width: 640px;\" class=\"wp-video\"><video class=\"wp-video-shortcode\" id=\"video-2963-2\" width=\"640\" height=\"352\" preload=\"metadata\" controls=\"controls\"><source type=\"video\/mp4\" src=\"https:\/\/blogsaverroes.juntadeandalucia.es\/ceiplaunion\/files\/2021\/02\/VIDEO-2021-04-28-21-44-00.mp4?_=2\" \/><a href=\"https:\/\/blogsaverroes.juntadeandalucia.es\/ceiplaunion\/files\/2021\/02\/VIDEO-2021-04-28-21-44-00.mp4\">https:\/\/blogsaverroes.juntadeandalucia.es\/ceiplaunion\/files\/2021\/02\/VIDEO-2021-04-28-21-44-00.mp4<\/a><\/video><\/div>\n<h5 style=\"text-align: center\"><span style=\"color: #3366ff\"><a style=\"color: #3366ff\" href=\"https:\/\/blogsaverroes.juntadeandalucia.es\/ceiplaunion\/files\/2021\/02\/NAVIDAD_compressed-2.pdf\">NAVIDAD<\/a><\/span><\/h5>\n<h5 style=\"text-align: center\"><a href=\"https:\/\/blogsaverroes.juntadeandalucia.es\/ceiplaunion\/files\/2021\/02\/D\u00cdA-DE-LA-PAZ.pdf\"><span style=\"color: #3366ff\">D\u00cdA DE LA PAZ<\/span><\/a><\/h5>\n<h5 style=\"text-align: center\"><span style=\"color: #3366ff\"><a style=\"color: #3366ff\" href=\"https:\/\/blogsaverroes.juntadeandalucia.es\/ceiplaunion\/files\/2021\/02\/CARNAVAL_compressed.pdf\">CARNAVAL<\/a><\/span><\/h5>\n<h5 style=\"text-align: center\"><span style=\"color: #3366ff\"><a style=\"color: #3366ff\" href=\"https:\/\/blogsaverroes.juntadeandalucia.es\/ceiplaunion\/files\/2021\/02\/D\u00cdA-DE-ANDALUC\u00cdA-I_compressed.pdf\">D\u00cdA DE ANDALUC\u00cdA I<\/a><\/span><\/h5>\n<h5 style=\"text-align: center\"><span style=\"color: #3366ff\"><a style=\"color: #3366ff\" href=\"https:\/\/blogsaverroes.juntadeandalucia.es\/ceiplaunion\/files\/2021\/02\/D\u00cdA-DE-ANDALUC\u00cdA_compressed.pdf\">D\u00cdA DE ANDALUC\u00cdA II<\/a><\/span><\/h5>\n<div style=\"width: 848px;\" class=\"wp-video\"><video class=\"wp-video-shortcode\" id=\"video-2963-3\" width=\"848\" height=\"480\" preload=\"metadata\" controls=\"controls\"><source type=\"video\/mp4\" src=\"https:\/\/blogsaverroes.juntadeandalucia.es\/ceiplaunion\/files\/2021\/02\/VID-20200227-WA0015.mp4?_=3\" \/><a href=\"https:\/\/blogsaverroes.juntadeandalucia.es\/ceiplaunion\/files\/2021\/02\/VID-20200227-WA0015.mp4\">https:\/\/blogsaverroes.juntadeandalucia.es\/ceiplaunion\/files\/2021\/02\/VID-20200227-WA0015.mp4<\/a><\/video><\/div>\n<p>&nbsp;<\/p>\n<p style=\"text-align: center\"><a href=\"https:\/\/blogsaverroes.juntadeandalucia.es\/ceiplaunion\/files\/2021\/02\/6e5cdca4-6212-436c-a4ef-0caadd87e054.mp4\">6e5cdca4-6212-436c-a4ef-0caadd87e054<\/a><\/p>\n<h5 style=\"text-align: center\"><a href=\"https:\/\/blogsaverroes.juntadeandalucia.es\/ceiplaunion\/files\/2021\/02\/FERIA-DE-LA-CIENCIA_compressed.pdf\"><span style=\"color: #3366ff\">FERIA DE LA CIENCIA<\/span><\/a><\/h5>\n<h5 style=\"text-align: center\"><span style=\"color: #3366ff\"><a style=\"color: #3366ff\" href=\"https:\/\/blogsaverroes.juntadeandalucia.es\/ceiplaunion\/files\/2021\/02\/LA-MU\u0301SICA-Y-EL-COLEGIO-1.pdf\">LA MU\u0301SICA Y EL COLEGIO<\/a><\/span><\/h5>\n<p style=\"text-align: center\"><a href=\"https:\/\/blogsaverroes.juntadeandalucia.es\/ceiplaunion\/files\/2021\/02\/0-2.png\"><img loading=\"lazy\" decoding=\"async\" class=\"alignnone wp-image-3510\" src=\"https:\/\/blogsaverroes.juntadeandalucia.es\/ceiplaunion\/files\/2021\/02\/0-2-300x209.png\" alt=\"\" width=\"256\" height=\"178\" srcset=\"https:\/\/blogsaverroes.juntadeandalucia.es\/ceiplaunion\/files\/2021\/02\/0-2-300x209.png 300w, https:\/\/blogsaverroes.juntadeandalucia.es\/ceiplaunion\/files\/2021\/02\/0-2-1024x715.png 1024w, https:\/\/blogsaverroes.juntadeandalucia.es\/ceiplaunion\/files\/2021\/02\/0-2-768x536.png 768w, https:\/\/blogsaverroes.juntadeandalucia.es\/ceiplaunion\/files\/2021\/02\/0-2.png 1056w\" sizes=\"(max-width: 256px) 100vw, 256px\" \/><\/a><\/p>\n<p style=\"text-align: center\"><span style=\"color: #3366ff\"><a style=\"color: #3366ff\" href=\"https:\/\/blogsaverroes.juntadeandalucia.es\/ceiplaunion\/files\/2021\/02\/EDUCACI\u00d3N-INFANTIL_compressed.pdf\">EDUCACI\u00d3N INFANTIL<\/a><\/span><\/p>\n<p>&nbsp;<\/p>\n<p style=\"text-align: center\"><a href=\"https:\/\/blogsaverroes.juntadeandalucia.es\/ceiplaunion\/files\/2021\/02\/FOTO-BIBLIOTECA.jpg\"><img loading=\"lazy\" decoding=\"async\" class=\"alignnone wp-image-3522\" src=\"https:\/\/blogsaverroes.juntadeandalucia.es\/ceiplaunion\/files\/2021\/02\/FOTO-BIBLIOTECA-300x225.jpg\" alt=\"\" width=\"270\" height=\"202\" srcset=\"https:\/\/blogsaverroes.juntadeandalucia.es\/ceiplaunion\/files\/2021\/02\/FOTO-BIBLIOTECA-300x225.jpg 300w, https:\/\/blogsaverroes.juntadeandalucia.es\/ceiplaunion\/files\/2021\/02\/FOTO-BIBLIOTECA-1024x768.jpg 1024w, https:\/\/blogsaverroes.juntadeandalucia.es\/ceiplaunion\/files\/2021\/02\/FOTO-BIBLIOTECA-768x576.jpg 768w, https:\/\/blogsaverroes.juntadeandalucia.es\/ceiplaunion\/files\/2021\/02\/FOTO-BIBLIOTECA-1536x1152.jpg 1536w, https:\/\/blogsaverroes.juntadeandalucia.es\/ceiplaunion\/files\/2021\/02\/FOTO-BIBLIOTECA.jpg 1600w\" sizes=\"(max-width: 270px) 100vw, 270px\" \/><\/a><\/p>\n<p style=\"text-align: center\"><strong><span style=\"color: #3366ff\">NUESTRA BIBLIOTECA<\/span><\/strong><\/p>\n<h5 style=\"text-align: center\"><span style=\"color: #3366ff\"><a style=\"color: #3366ff\" href=\"https:\/\/blogsaverroes.juntadeandalucia.es\/ceiplaunion\/files\/2021\/02\/Inauguraci\u00f3n-de-la-biblioteca_compressed.pdf\">Inauguraci\u00f3n de la biblioteca<\/a><\/span><\/h5>\n<h5 style=\"text-align: center\"><a href=\"https:\/\/blogsaverroes.juntadeandalucia.es\/ceiplaunion\/files\/2021\/02\/Entrega-de-llaves-de-biblioteca-a-Tom\u00e1s-Yuste_compressed.pdf\"><span style=\"color: #3366ff\">Entrega de llaves a Tom\u00e1s Yuste<\/span><\/a><\/h5>\n<h5 style=\"text-align: center\"><span style=\"color: #3366ff\"><a style=\"color: #3366ff\" href=\"https:\/\/blogsaverroes.juntadeandalucia.es\/ceiplaunion\/files\/2021\/02\/biblio-2010.pdf\">El proyecto de la biblioteca desde 2010<\/a><\/span><\/h5>\n<p style=\"text-align: center\"><a href=\"https:\/\/blogsaverroes.juntadeandalucia.es\/ceiplaunion\/files\/2021\/02\/ef7039d943704f35ec84fedda7303807.png\"><img loading=\"lazy\" decoding=\"async\" class=\"alignnone wp-image-3188\" src=\"https:\/\/blogsaverroes.juntadeandalucia.es\/ceiplaunion\/files\/2021\/02\/ef7039d943704f35ec84fedda7303807-300x182.png\" alt=\"\" width=\"198\" height=\"120\" srcset=\"https:\/\/blogsaverroes.juntadeandalucia.es\/ceiplaunion\/files\/2021\/02\/ef7039d943704f35ec84fedda7303807-300x182.png 300w, https:\/\/blogsaverroes.juntadeandalucia.es\/ceiplaunion\/files\/2021\/02\/ef7039d943704f35ec84fedda7303807.png 500w\" sizes=\"(max-width: 198px) 100vw, 198px\" \/><\/a><\/p>\n<p style=\"text-align: center\"><a href=\"https:\/\/blogsaverroes.juntadeandalucia.es\/ceiplaunion\/files\/2021\/02\/PROMOCIONES-ALUMANDO-1985-87.pdf\"><span style=\"color: #3366ff\">PROMOCIONES ALUMANDO (1985-87)<\/span><\/a><\/p>\n<p style=\"text-align: center\"><span style=\"color: #3366ff\"><a style=\"color: #3366ff\" href=\"https:\/\/blogsaverroes.juntadeandalucia.es\/ceiplaunion\/files\/2021\/02\/PROMOCIONES-ALUMANDO-1988-90.pdf\">PROMOCIONES ALUMANDO (1988-90)<\/a><\/span><\/p>\n<p style=\"text-align: center\"><span style=\"color: #3366ff\"><a style=\"color: #3366ff\" href=\"https:\/\/blogsaverroes.juntadeandalucia.es\/ceiplaunion\/files\/2021\/02\/PROMOCIONES-ALUMANDO-1991-93.pdf\">PROMOCIONES ALUMANDO (1991-93)<\/a><\/span><\/p>\n<p style=\"text-align: center\"><span style=\"color: #3366ff\"><a style=\"color: #3366ff\" href=\"https:\/\/blogsaverroes.juntadeandalucia.es\/ceiplaunion\/files\/2021\/02\/PROMOCIONES-ALUMANDO-1994-95.pdf\">PROMOCIONES ALUMANDO (1994-95)<\/a><\/span><\/p>\n<p style=\"text-align: center\"><span style=\"color: #3366ff\"><a style=\"color: #3366ff\" href=\"https:\/\/blogsaverroes.juntadeandalucia.es\/ceiplaunion\/files\/2021\/02\/PROMOCIONES-ALUMNADO-1996-98.pdf\">PROMOCIONES ALUMNADO (1996-98)<\/a><\/span><\/p>\n<p style=\"text-align: center\"><span style=\"color: #3366ff\"><a style=\"color: #3366ff\" href=\"https:\/\/blogsaverroes.juntadeandalucia.es\/ceiplaunion\/files\/2021\/02\/PROMOCIONES-ALUMNADO-98-2000.pdf\">PROMOCIONES ALUMNADO (98-2000)<\/a><\/span><\/p>\n<p style=\"text-align: center\"><span style=\"color: #3366ff\"><a style=\"color: #3366ff\" href=\"https:\/\/blogsaverroes.juntadeandalucia.es\/ceiplaunion\/files\/2021\/02\/PROMOCIONES-ALUMNADO-2001-05.pdf\">PROMOCIONES ALUMNADO (2001-05)<\/a><\/span><\/p>\n<p style=\"text-align: center\"><a href=\"https:\/\/blogsaverroes.juntadeandalucia.es\/ceiplaunion\/files\/2021\/02\/PROMOCIONES-ALUMNADO-2006-10.pdf\"><span style=\"color: #3366ff\">PROMOCIONES ALUMNADO (2006-10)<\/span><\/a><\/p>\n<p style=\"text-align: center\"><span style=\"color: #3366ff\"><a style=\"color: #3366ff\" href=\"https:\/\/blogsaverroes.juntadeandalucia.es\/ceiplaunion\/files\/2021\/02\/PROMOCIONES-ALUMNADO-2011-14.pdf\">PROMOCIONES ALUMNADO (2011-14)<\/a><\/span><\/p>\n<p style=\"text-align: center\"><span style=\"color: #3366ff\"><a style=\"color: #3366ff\" href=\"https:\/\/blogsaverroes.juntadeandalucia.es\/ceiplaunion\/files\/2021\/02\/PROMOCIONES-ALUMNADO-2015-18_compressed.pdf\">PROMOCIONES ALUMNADO (2015-18)<\/a><\/span><\/p>\n<p style=\"text-align: center\"><span style=\"color: #3366ff\"><a style=\"color: #3366ff\" href=\"https:\/\/blogsaverroes.juntadeandalucia.es\/ceiplaunion\/files\/2021\/02\/PROMOCIONES-ALUMNADO-2019-20_compressed.pdf\">PROMOCIONES ALUMNADO (2019-20)<\/a><\/span><\/p>\n<p style=\"text-align: center\"><span style=\"color: #3366ff\"><strong>MURALES DE AMBIENTACI\u00d3N<\/strong><\/span><\/p>\n<p style=\"text-align: center\"><a href=\"https:\/\/blogsaverroes.juntadeandalucia.es\/ceiplaunion\/files\/2021\/02\/ninos-pintando-pancarta_29937-4818-2.jpg\"><img loading=\"lazy\" decoding=\"async\" class=\"alignnone size-medium wp-image-3252\" src=\"https:\/\/blogsaverroes.juntadeandalucia.es\/ceiplaunion\/files\/2021\/02\/ninos-pintando-pancarta_29937-4818-2-300x122.jpg\" alt=\"\" width=\"300\" height=\"122\" srcset=\"https:\/\/blogsaverroes.juntadeandalucia.es\/ceiplaunion\/files\/2021\/02\/ninos-pintando-pancarta_29937-4818-2-300x122.jpg 300w, https:\/\/blogsaverroes.juntadeandalucia.es\/ceiplaunion\/files\/2021\/02\/ninos-pintando-pancarta_29937-4818-2.jpg 626w\" sizes=\"(max-width: 300px) 100vw, 300px\" \/><\/a><\/p>\n<h5 style=\"text-align: center\"><span style=\"color: #3366ff\"><a style=\"color: #3366ff\" href=\"https:\/\/blogsaverroes.juntadeandalucia.es\/ceiplaunion\/files\/2021\/02\/MURALES-INICIO-DE-CURSO-2.pdf\">MURALES INICIO DE CURSO<\/a><\/span><\/h5>\n<h5 style=\"text-align: center\"><a href=\"https:\/\/blogsaverroes.juntadeandalucia.es\/ceiplaunion\/files\/2021\/02\/MURALES-DE-NAVIDAD.pdf\"><span style=\"color: #3366ff\">MURALES DE NAVIDAD<\/span><\/a><\/h5>\n<h5 style=\"text-align: center\"><a href=\"https:\/\/blogsaverroes.juntadeandalucia.es\/ceiplaunion\/files\/2021\/02\/MURALES-D\u00cdA-DE-LA-PAZ.pdf\"><span style=\"color: #3366ff\">MURALES D\u00cdA DE LA PAZ<\/span><\/a><\/h5>\n<h5 style=\"text-align: center\"><a href=\"https:\/\/blogsaverroes.juntadeandalucia.es\/ceiplaunion\/files\/2021\/02\/MURALES-D\u00cdA-DE-ANDALUC\u00cdA_compressed.pdf\">MURALES D\u00cdA DE ANDALUC\u00cdA<\/a><\/h5>\n<p>&nbsp;<\/p>\n","protected":false},"excerpt":{"rendered":"<p>40\u00ba ANIVERSARIO \u00ab40 a\u00f1os unidos por la educaci\u00f3n\u00bb &nbsp; &nbsp; &nbsp; &nbsp; &nbsp; &nbsp; &nbsp; &nbsp; &nbsp; &nbsp; &nbsp; &nbsp; &nbsp; &nbsp; &nbsp; &nbsp; &nbsp; &nbsp;1980\/81-2020\/21<\/p>\n","protected":false},"author":1861,"featured_media":0,"comment_status":"open","ping_status":"open","sticky":false,"template":"","format":"standard","meta":{"ngg_post_thumbnail":0,"footnotes":""},"categories":[11909],"tags":[],"aioseo_notices":[],"_links":{"self":[{"href":"https:\/\/blogsaverroes.juntadeandalucia.es\/ceiplaunion\/wp-json\/wp\/v2\/posts\/2963"}],"collection":[{"href":"https:\/\/blogsaverroes.juntadeandalucia.es\/ceiplaunion\/wp-json\/wp\/v2\/posts"}],"about":[{"href":"https:\/\/blogsaverroes.juntadeandalucia.es\/ceiplaunion\/wp-json\/wp\/v2\/types\/post"}],"author":[{"embeddable":true,"href":"https:\/\/blogsaverroes.juntadeandalucia.es\/ceiplaunion\/wp-json\/wp\/v2\/users\/1861"}],"replies":[{"embeddable":true,"href":"https:\/\/blogsaverroes.juntadeandalucia.es\/ceiplaunion\/wp-json\/wp\/v2\/comments?post=2963"}],"version-history":[{"count":153,"href":"https:\/\/blogsaverroes.juntadeandalucia.es\/ceiplaunion\/wp-json\/wp\/v2\/posts\/2963\/revisions"}],"predecessor-version":[{"id":3545,"href":"https:\/\/blogsaverroes.juntadeandalucia.es\/ceiplaunion\/wp-json\/wp\/v2\/posts\/2963\/revisions\/3545"}],"wp:attachment":[{"href":"https:\/\/blogsaverroes.juntadeandalucia.es\/ceiplaunion\/wp-json\/wp\/v2\/media?parent=2963"}],"wp:term":[{"taxonomy":"category","embeddable":true,"href":"https:\/\/blogsaverroes.juntadeandalucia.es\/ceiplaunion\/wp-json\/wp\/v2\/categories?post=2963"},{"taxonomy":"post_tag","embeddable":true,"href":"https:\/\/blogsaverroes.juntadeandalucia.es\/ceiplaunion\/wp-json\/wp\/v2\/tags?post=2963"}],"curies":[{"name":"wp","href":"https:\/\/api.w.org\/{rel}","templated":true}]}}