{"id":4599,"date":"2023-04-05T08:04:55","date_gmt":"2023-04-05T06:04:55","guid":{"rendered":"https:\/\/blogsaverroes.juntadeandalucia.es\/ceiplaza\/?p=4599"},"modified":"2023-04-05T11:30:39","modified_gmt":"2023-04-05T09:30:39","slug":"batidos-de-fruta","status":"publish","type":"post","link":"https:\/\/blogsaverroes.juntadeandalucia.es\/ceiplaza\/batidos-de-fruta\/","title":{"rendered":"Batidos de fruta"},"content":{"rendered":"<p>Desde el programa \u00abCreciendo en salud\u00bb se propone realizar una jornada de talleres y consumo de batidos de fruta. Dado que al centro llegan remesa de fruta y leche gratuita y el consumo es inferior al esperado, se ha optado por esta forma divertida de fomentar el consumo de fruta.&nbsp;<\/p>\n<p>El alumnado de infantil y primer ciclo han participado en esta actividad, desarrollada el viernes 34 de marzo. Para la organizaci\u00f3n y funcionamiento de esta actividad, se ha contado con la participaci\u00f3n del AMPA. Agradecemos su implicaci\u00f3n y dinamismo en la vida en el centro.<\/p>\n<p><iframe loading=\"lazy\" src=\"\/\/www.youtube.com\/embed\/H5zrXBn_-bY\" width=\"560\" height=\"314\"><\/iframe><\/p>\n","protected":false},"excerpt":{"rendered":"<p>Desde el programa \u00abCreciendo en salud\u00bb se propone realizar una jornada de talleres y consumo de batidos de fruta. Dado que al centro llegan remesa de fruta y leche gratuita y el consumo es&#46;&#46;&#46;<\/p>\n","protected":false},"author":6728,"featured_media":0,"comment_status":"closed","ping_status":"open","sticky":false,"template":"","format":"video","meta":{"footnotes":""},"categories":[412350],"tags":[],"aioseo_notices":[],"_links":{"self":[{"href":"https:\/\/blogsaverroes.juntadeandalucia.es\/ceiplaza\/wp-json\/wp\/v2\/posts\/4599"}],"collection":[{"href":"https:\/\/blogsaverroes.juntadeandalucia.es\/ceiplaza\/wp-json\/wp\/v2\/posts"}],"about":[{"href":"https:\/\/blogsaverroes.juntadeandalucia.es\/ceiplaza\/wp-json\/wp\/v2\/types\/post"}],"author":[{"embeddable":true,"href":"https:\/\/blogsaverroes.juntadeandalucia.es\/ceiplaza\/wp-json\/wp\/v2\/users\/6728"}],"replies":[{"embeddable":true,"href":"https:\/\/blogsaverroes.juntadeandalucia.es\/ceiplaza\/wp-json\/wp\/v2\/comments?post=4599"}],"version-history":[{"count":2,"href":"https:\/\/blogsaverroes.juntadeandalucia.es\/ceiplaza\/wp-json\/wp\/v2\/posts\/4599\/revisions"}],"predecessor-version":[{"id":4604,"href":"https:\/\/blogsaverroes.juntadeandalucia.es\/ceiplaza\/wp-json\/wp\/v2\/posts\/4599\/revisions\/4604"}],"wp:attachment":[{"href":"https:\/\/blogsaverroes.juntadeandalucia.es\/ceiplaza\/wp-json\/wp\/v2\/media?parent=4599"}],"wp:term":[{"taxonomy":"category","embeddable":true,"href":"https:\/\/blogsaverroes.juntadeandalucia.es\/ceiplaza\/wp-json\/wp\/v2\/categories?post=4599"},{"taxonomy":"post_tag","embeddable":true,"href":"https:\/\/blogsaverroes.juntadeandalucia.es\/ceiplaza\/wp-json\/wp\/v2\/tags?post=4599"}],"curies":[{"name":"wp","href":"https:\/\/api.w.org\/{rel}","templated":true}]}}