{"id":2128,"date":"2019-09-08T13:23:21","date_gmt":"2019-09-08T13:23:21","guid":{"rendered":"https:\/\/blogsaverroes.juntadeandalucia.es\/ceiplinares\/?p=2128"},"modified":"2021-03-01T19:46:42","modified_gmt":"2021-03-01T17:46:42","slug":"2128","status":"publish","type":"post","link":"https:\/\/blogsaverroes.juntadeandalucia.es\/ceiplinares\/2019\/09\/08\/2128\/","title":{"rendered":"Bienvenidos\/as"},"content":{"rendered":"<p>&nbsp;<\/p>\n<p><a href=\"http:\/\/https:\/\/blogsaverroes.juntadeandalucia.es\/ceiplinares\/2019\/09\/08\/2128\/\"><img loading=\"lazy\" decoding=\"async\" class=\" wp-image-2129\" src=\"https:\/\/blogsaverroes.juntadeandalucia.es\/ceiplinares\/files\/2019\/09\/CEIP-Nuestra-Senora-Linares-Estudio-Rosa-Palacios-jo0101-004-300x115.jpg\" alt=\"\" width=\"331\" height=\"127\" srcset=\"https:\/\/blogsaverroes.juntadeandalucia.es\/ceiplinares\/files\/2019\/09\/CEIP-Nuestra-Senora-Linares-Estudio-Rosa-Palacios-jo0101-004-300x115.jpg 300w, https:\/\/blogsaverroes.juntadeandalucia.es\/ceiplinares\/files\/2019\/09\/CEIP-Nuestra-Senora-Linares-Estudio-Rosa-Palacios-jo0101-004-768x293.jpg 768w, https:\/\/blogsaverroes.juntadeandalucia.es\/ceiplinares\/files\/2019\/09\/CEIP-Nuestra-Senora-Linares-Estudio-Rosa-Palacios-jo0101-004-1024x391.jpg 1024w, https:\/\/blogsaverroes.juntadeandalucia.es\/ceiplinares\/files\/2019\/09\/CEIP-Nuestra-Senora-Linares-Estudio-Rosa-Palacios-jo0101-004-24x9.jpg 24w, https:\/\/blogsaverroes.juntadeandalucia.es\/ceiplinares\/files\/2019\/09\/CEIP-Nuestra-Senora-Linares-Estudio-Rosa-Palacios-jo0101-004-36x14.jpg 36w, https:\/\/blogsaverroes.juntadeandalucia.es\/ceiplinares\/files\/2019\/09\/CEIP-Nuestra-Senora-Linares-Estudio-Rosa-Palacios-jo0101-004-48x18.jpg 48w, https:\/\/blogsaverroes.juntadeandalucia.es\/ceiplinares\/files\/2019\/09\/CEIP-Nuestra-Senora-Linares-Estudio-Rosa-Palacios-jo0101-004.jpg 1200w\" sizes=\"(max-width: 331px) 100vw, 331px\" \/><\/a><\/p>\n<p>&nbsp;<\/p>\n<h1>Bienvenidos\/as a la nueva p\u00e1gina web del colegio Nuestra Se\u00f1ora de Linares.<\/h1>\n<p><span style=\"font-size: 13.5pt;color: black\">Tras la jubilaci\u00f3n de nuestro anterior director, Juan Jos\u00e9 Gonz\u00e1lez Ortiz, para el que deseamos todo lo mejor en su nueva etapa de vida, el actual equipo directivo: Rafaela Herm\u00e1n Le\u00f3n (directora), Pilar Mu\u00f1oz Luna (jefe de estudios), \u00c1ngela L\u00f3pez Romero (secretaria), comienza su andadura con entusiasmo e ilusi\u00f3n.<\/span><\/p>\n<p style=\"text-align: start\"><span style=\"font-size: 13.5pt;color: black\">Desde este espacio virtual y aprovechando el inicio del curso escolar, saludamos a toda nuestra Comunidad Educativa, en la confianza de seguir contando con su colaboraci\u00f3n y entrega. S\u00f3lo aunando esfuerzos y trabajando conjuntamente haremos realidad este proyecto de escuela en el que todas y todos tenemos un papel destacado.<\/span><\/p>\n<p style=\"text-align: start\"><span style=\"font-size: 13.5pt;color: black\">Un saludo del Equipo Directivo<\/span><\/p>\n","protected":false},"excerpt":{"rendered":"<p>&nbsp; &nbsp; Bienvenidos\/as a la nueva p\u00e1gina web del colegio Nuestra Se\u00f1ora de Linares. Tras la jubilaci\u00f3n de nuestro anterior director, Juan Jos\u00e9 Gonz\u00e1lez Ortiz, para el que deseamos todo lo mejor en su&#46;&#46;&#46;<\/p>\n","protected":false},"author":7232,"featured_media":2129,"comment_status":"open","ping_status":"open","sticky":false,"template":"","format":"standard","meta":{"ngg_post_thumbnail":0,"footnotes":""},"categories":[307390],"tags":[],"aioseo_notices":[],"_links":{"self":[{"href":"https:\/\/blogsaverroes.juntadeandalucia.es\/ceiplinares\/wp-json\/wp\/v2\/posts\/2128"}],"collection":[{"href":"https:\/\/blogsaverroes.juntadeandalucia.es\/ceiplinares\/wp-json\/wp\/v2\/posts"}],"about":[{"href":"https:\/\/blogsaverroes.juntadeandalucia.es\/ceiplinares\/wp-json\/wp\/v2\/types\/post"}],"author":[{"embeddable":true,"href":"https:\/\/blogsaverroes.juntadeandalucia.es\/ceiplinares\/wp-json\/wp\/v2\/users\/7232"}],"replies":[{"embeddable":true,"href":"https:\/\/blogsaverroes.juntadeandalucia.es\/ceiplinares\/wp-json\/wp\/v2\/comments?post=2128"}],"version-history":[{"count":8,"href":"https:\/\/blogsaverroes.juntadeandalucia.es\/ceiplinares\/wp-json\/wp\/v2\/posts\/2128\/revisions"}],"predecessor-version":[{"id":2176,"href":"https:\/\/blogsaverroes.juntadeandalucia.es\/ceiplinares\/wp-json\/wp\/v2\/posts\/2128\/revisions\/2176"}],"wp:featuredmedia":[{"embeddable":true,"href":"https:\/\/blogsaverroes.juntadeandalucia.es\/ceiplinares\/wp-json\/wp\/v2\/media\/2129"}],"wp:attachment":[{"href":"https:\/\/blogsaverroes.juntadeandalucia.es\/ceiplinares\/wp-json\/wp\/v2\/media?parent=2128"}],"wp:term":[{"taxonomy":"category","embeddable":true,"href":"https:\/\/blogsaverroes.juntadeandalucia.es\/ceiplinares\/wp-json\/wp\/v2\/categories?post=2128"},{"taxonomy":"post_tag","embeddable":true,"href":"https:\/\/blogsaverroes.juntadeandalucia.es\/ceiplinares\/wp-json\/wp\/v2\/tags?post=2128"}],"curies":[{"name":"wp","href":"https:\/\/api.w.org\/{rel}","templated":true}]}}