{"id":4144,"date":"2021-05-27T08:46:23","date_gmt":"2021-05-27T08:46:23","guid":{"rendered":"http:\/\/blogsaverroes.juntadeandalucia.es\/ceiplomastodomingo\/?p=4144"},"modified":"2021-05-27T08:50:01","modified_gmt":"2021-05-27T08:50:01","slug":"los-simpson-la-pelicula","status":"publish","type":"post","link":"https:\/\/blogsaverroes.juntadeandalucia.es\/ceiplomastodomingo\/los-simpson-la-pelicula\/","title":{"rendered":"Los Simpson : la pel\u00edcula"},"content":{"rendered":"<h2 class=\"title\">Las aventuras de la familia amarilla<\/h2>\n<div class=\"entry clearfix\">Debido a la popular serie (Los Simpson), creada por Matt Groening y emitida desde 1989, la Fox decidi\u00f3 hacer una pel\u00edcula que se estren\u00f3 en 2007: Los Simpson, la pel\u00edcula.<br \/>\nEs innegable que esta pel\u00edcula tiene momentos que nos hacen re\u00edr, y tambi\u00e9n es divertido ver las referencias a otras pel\u00edculas y personajes de la cultura popular, sin embargo la pel\u00edcula no es perfecta, ya que tiene momentos que pueden aburrir un poco. En castellano han regresado los actores de doblaje de la serie de TV. La trama es normalita, aunque en esta clase de pel\u00edculas eso no importa mucho. Otro punto a favor de la pel\u00edcula es que sabe hacer re\u00edr a los m\u00e1s mayores, por ejemplo con la participaci\u00f3n de Tom Hanks y de Arnold Schwarzenegger.<br \/>\nEn conclusi\u00f3n esta pel\u00edcula, con una trama normalita, es divertida, pero no perfecta.<a href=\"http:\/\/blogsaverroes.juntadeandalucia.es\/lomasdesantodomingo\/files\/2017\/04\/imgpromo24.jpg\"><img decoding=\"async\" class=\"alignnone size-medium wp-image-1795\" src=\"http:\/\/blogsaverroes.juntadeandalucia.es\/lomasdesantodomingo\/files\/2017\/04\/imgpromo24-300x126.jpg\" alt=\"\" width=\"300\" height=\"126\" data-attachment-id=\"1795\" data-permalink=\"https:\/\/blogsaverroes.juntadeandalucia.es\/lomasdesantodomingo\/2017\/04\/10\/las-aventuras-de-la-familia-amarilla\/imgpromo24\/\" data-orig-file=\"https:\/\/blogsaverroes.juntadeandalucia.es\/lomasdesantodomingo\/files\/2017\/04\/imgpromo24.jpg\" data-orig-size=\"1000,419\" data-comments-opened=\"1\" data-image-meta=\"{&quot;aperture&quot;:&quot;0&quot;,&quot;credit&quot;:&quot;&quot;,&quot;camera&quot;:&quot;&quot;,&quot;caption&quot;:&quot;&quot;,&quot;created_timestamp&quot;:&quot;0&quot;,&quot;copyright&quot;:&quot;&quot;,&quot;focal_length&quot;:&quot;0&quot;,&quot;iso&quot;:&quot;0&quot;,&quot;shutter_speed&quot;:&quot;0&quot;,&quot;title&quot;:&quot;&quot;,&quot;orientation&quot;:&quot;0&quot;}\" data-image-title=\"imgpromo24\" data-image-description=\"\" data-medium-file=\"https:\/\/blogsaverroes.juntadeandalucia.es\/lomasdesantodomingo\/files\/2017\/04\/imgpromo24-300x126.jpg\" data-large-file=\"https:\/\/blogsaverroes.juntadeandalucia.es\/lomasdesantodomingo\/files\/2017\/04\/imgpromo24.jpg\"><\/a><\/p>\n<p>Juan Francisco Vida\u00f1a, 6\u00baB.<\/p>\n<\/div>\n","protected":false},"excerpt":{"rendered":"<p>Las aventuras de la familia amarilla Debido a la popular serie (Los Simpson), creada por Matt Groening y emitida desde 1989, la Fox decidi\u00f3 hacer&hellip;<\/p>\n","protected":false},"author":10848,"featured_media":4145,"comment_status":"closed","ping_status":"open","sticky":false,"template":"","format":"standard","meta":{"ngg_post_thumbnail":0,"footnotes":""},"categories":[307440,307441],"tags":[],"aioseo_notices":[],"_links":{"self":[{"href":"https:\/\/blogsaverroes.juntadeandalucia.es\/ceiplomastodomingo\/wp-json\/wp\/v2\/posts\/4144"}],"collection":[{"href":"https:\/\/blogsaverroes.juntadeandalucia.es\/ceiplomastodomingo\/wp-json\/wp\/v2\/posts"}],"about":[{"href":"https:\/\/blogsaverroes.juntadeandalucia.es\/ceiplomastodomingo\/wp-json\/wp\/v2\/types\/post"}],"author":[{"embeddable":true,"href":"https:\/\/blogsaverroes.juntadeandalucia.es\/ceiplomastodomingo\/wp-json\/wp\/v2\/users\/10848"}],"replies":[{"embeddable":true,"href":"https:\/\/blogsaverroes.juntadeandalucia.es\/ceiplomastodomingo\/wp-json\/wp\/v2\/comments?post=4144"}],"version-history":[{"count":2,"href":"https:\/\/blogsaverroes.juntadeandalucia.es\/ceiplomastodomingo\/wp-json\/wp\/v2\/posts\/4144\/revisions"}],"predecessor-version":[{"id":4148,"href":"https:\/\/blogsaverroes.juntadeandalucia.es\/ceiplomastodomingo\/wp-json\/wp\/v2\/posts\/4144\/revisions\/4148"}],"wp:featuredmedia":[{"embeddable":true,"href":"https:\/\/blogsaverroes.juntadeandalucia.es\/ceiplomastodomingo\/wp-json\/wp\/v2\/media\/4145"}],"wp:attachment":[{"href":"https:\/\/blogsaverroes.juntadeandalucia.es\/ceiplomastodomingo\/wp-json\/wp\/v2\/media?parent=4144"}],"wp:term":[{"taxonomy":"category","embeddable":true,"href":"https:\/\/blogsaverroes.juntadeandalucia.es\/ceiplomastodomingo\/wp-json\/wp\/v2\/categories?post=4144"},{"taxonomy":"post_tag","embeddable":true,"href":"https:\/\/blogsaverroes.juntadeandalucia.es\/ceiplomastodomingo\/wp-json\/wp\/v2\/tags?post=4144"}],"curies":[{"name":"wp","href":"https:\/\/api.w.org\/{rel}","templated":true}]}}