{"id":4490,"date":"2021-09-30T09:52:16","date_gmt":"2021-09-30T09:52:16","guid":{"rendered":"http:\/\/blogsaverroes.juntadeandalucia.es\/ceiplomastodomingo\/?p=4490"},"modified":"2021-09-30T10:08:02","modified_gmt":"2021-09-30T10:08:02","slug":"4490-2","status":"publish","type":"post","link":"https:\/\/blogsaverroes.juntadeandalucia.es\/ceiplomastodomingo\/4490-2\/","title":{"rendered":"D\u00eda Europeo de las Lenguas"},"content":{"rendered":"<p style=\"text-align: center\"><strong>CELEBRACI\u00d3N D\u00cdA EUROPEO DE LAS LENGUAS &#8211; 26 SEPTIEMBRE &#8211;<\/strong><\/p>\n<p style=\"text-align: center\"><strong>EDUCACI\u00d3N INFANTIL<\/strong><\/p>\n<p><a href=\"https:\/\/blogsaverroes.juntadeandalucia.es\/ceiplomastodomingo\/files\/2021\/09\/Infantil.jpg\"><img fetchpriority=\"high\" decoding=\"async\" class=\"wp-image-4488 aligncenter\" src=\"https:\/\/blogsaverroes.juntadeandalucia.es\/ceiplomastodomingo\/files\/2021\/09\/Infantil-300x225.jpg\" alt=\"\" width=\"764\" height=\"573\" srcset=\"https:\/\/blogsaverroes.juntadeandalucia.es\/ceiplomastodomingo\/files\/2021\/09\/Infantil-300x225.jpg 300w, https:\/\/blogsaverroes.juntadeandalucia.es\/ceiplomastodomingo\/files\/2021\/09\/Infantil-1024x767.jpg 1024w, https:\/\/blogsaverroes.juntadeandalucia.es\/ceiplomastodomingo\/files\/2021\/09\/Infantil-768x575.jpg 768w, https:\/\/blogsaverroes.juntadeandalucia.es\/ceiplomastodomingo\/files\/2021\/09\/Infantil.jpg 1440w\" sizes=\"(max-width: 764px) 100vw, 764px\" \/><\/a><a href=\"https:\/\/blogsaverroes.juntadeandalucia.es\/ceiplomastodomingo\/files\/2021\/09\/Infantil-2.jpg\"><img decoding=\"async\" class=\"wp-image-4489 aligncenter\" src=\"https:\/\/blogsaverroes.juntadeandalucia.es\/ceiplomastodomingo\/files\/2021\/09\/Infantil-2-e1632995169958-300x228.jpg\" alt=\"\" width=\"799\" height=\"607\" srcset=\"https:\/\/blogsaverroes.juntadeandalucia.es\/ceiplomastodomingo\/files\/2021\/09\/Infantil-2-e1632995169958-300x228.jpg 300w, https:\/\/blogsaverroes.juntadeandalucia.es\/ceiplomastodomingo\/files\/2021\/09\/Infantil-2-e1632995169958-768x584.jpg 768w, https:\/\/blogsaverroes.juntadeandalucia.es\/ceiplomastodomingo\/files\/2021\/09\/Infantil-2-e1632995169958.jpg 968w\" sizes=\"(max-width: 799px) 100vw, 799px\" \/><\/a><\/p>\n<p style=\"text-align: center\"><strong>PRIMER CICLO<\/strong><\/p>\n<p><a href=\"https:\/\/blogsaverroes.juntadeandalucia.es\/ceiplomastodomingo\/files\/2021\/09\/1\u00ba-ciclo.jpg\"><img decoding=\"async\" class=\"wp-image-4483 aligncenter\" src=\"https:\/\/blogsaverroes.juntadeandalucia.es\/ceiplomastodomingo\/files\/2021\/09\/1\u00ba-ciclo-300x225.jpg\" alt=\"\" width=\"724\" height=\"543\" srcset=\"https:\/\/blogsaverroes.juntadeandalucia.es\/ceiplomastodomingo\/files\/2021\/09\/1\u00ba-ciclo-300x225.jpg 300w, https:\/\/blogsaverroes.juntadeandalucia.es\/ceiplomastodomingo\/files\/2021\/09\/1\u00ba-ciclo-1024x769.jpg 1024w, https:\/\/blogsaverroes.juntadeandalucia.es\/ceiplomastodomingo\/files\/2021\/09\/1\u00ba-ciclo-768x576.jpg 768w, https:\/\/blogsaverroes.juntadeandalucia.es\/ceiplomastodomingo\/files\/2021\/09\/1\u00ba-ciclo-1536x1153.jpg 1536w, https:\/\/blogsaverroes.juntadeandalucia.es\/ceiplomastodomingo\/files\/2021\/09\/1\u00ba-ciclo.jpg 1600w\" sizes=\"(max-width: 724px) 100vw, 724px\" \/><\/a><\/p>\n<p style=\"text-align: center\"><strong>SEGUNDO CICLO<\/strong><\/p>\n<p><a href=\"https:\/\/blogsaverroes.juntadeandalucia.es\/ceiplomastodomingo\/files\/2021\/09\/3\u00ba-curso-scaled.jpg\"><img loading=\"lazy\" decoding=\"async\" class=\"wp-image-4484 aligncenter\" src=\"https:\/\/blogsaverroes.juntadeandalucia.es\/ceiplomastodomingo\/files\/2021\/09\/3\u00ba-curso-300x225.jpg\" alt=\"\" width=\"677\" height=\"508\" srcset=\"https:\/\/blogsaverroes.juntadeandalucia.es\/ceiplomastodomingo\/files\/2021\/09\/3\u00ba-curso-300x225.jpg 300w, https:\/\/blogsaverroes.juntadeandalucia.es\/ceiplomastodomingo\/files\/2021\/09\/3\u00ba-curso-1024x769.jpg 1024w, https:\/\/blogsaverroes.juntadeandalucia.es\/ceiplomastodomingo\/files\/2021\/09\/3\u00ba-curso-768x577.jpg 768w, https:\/\/blogsaverroes.juntadeandalucia.es\/ceiplomastodomingo\/files\/2021\/09\/3\u00ba-curso-1536x1153.jpg 1536w, https:\/\/blogsaverroes.juntadeandalucia.es\/ceiplomastodomingo\/files\/2021\/09\/3\u00ba-curso-2048x1538.jpg 2048w, https:\/\/blogsaverroes.juntadeandalucia.es\/ceiplomastodomingo\/files\/2021\/09\/3\u00ba-curso-scaled.jpg 1600w\" sizes=\"(max-width: 677px) 100vw, 677px\" \/><\/a><a href=\"https:\/\/blogsaverroes.juntadeandalucia.es\/ceiplomastodomingo\/files\/2021\/09\/4\u00ba-curso-scaled.jpg\"><img loading=\"lazy\" decoding=\"async\" class=\"wp-image-4485 aligncenter\" src=\"https:\/\/blogsaverroes.juntadeandalucia.es\/ceiplomastodomingo\/files\/2021\/09\/4\u00ba-curso-300x225.jpg\" alt=\"\" width=\"696\" height=\"522\" srcset=\"https:\/\/blogsaverroes.juntadeandalucia.es\/ceiplomastodomingo\/files\/2021\/09\/4\u00ba-curso-300x225.jpg 300w, https:\/\/blogsaverroes.juntadeandalucia.es\/ceiplomastodomingo\/files\/2021\/09\/4\u00ba-curso-1024x769.jpg 1024w, https:\/\/blogsaverroes.juntadeandalucia.es\/ceiplomastodomingo\/files\/2021\/09\/4\u00ba-curso-768x577.jpg 768w, https:\/\/blogsaverroes.juntadeandalucia.es\/ceiplomastodomingo\/files\/2021\/09\/4\u00ba-curso-1536x1153.jpg 1536w, https:\/\/blogsaverroes.juntadeandalucia.es\/ceiplomastodomingo\/files\/2021\/09\/4\u00ba-curso-2048x1538.jpg 2048w, https:\/\/blogsaverroes.juntadeandalucia.es\/ceiplomastodomingo\/files\/2021\/09\/4\u00ba-curso-scaled.jpg 1600w\" sizes=\"(max-width: 696px) 100vw, 696px\" \/><\/a><\/p>\n<p style=\"text-align: center\"><strong>TERCER CICLO<\/strong><\/p>\n<p><a href=\"https:\/\/blogsaverroes.juntadeandalucia.es\/ceiplomastodomingo\/files\/2021\/09\/1632994119789-scaled.jpg\"><img loading=\"lazy\" decoding=\"async\" class=\"wp-image-4486 aligncenter\" src=\"https:\/\/blogsaverroes.juntadeandalucia.es\/ceiplomastodomingo\/files\/2021\/09\/1632994119789-225x300.jpg\" alt=\"\" width=\"675\" height=\"900\" srcset=\"https:\/\/blogsaverroes.juntadeandalucia.es\/ceiplomastodomingo\/files\/2021\/09\/1632994119789-225x300.jpg 225w, https:\/\/blogsaverroes.juntadeandalucia.es\/ceiplomastodomingo\/files\/2021\/09\/1632994119789-769x1024.jpg 769w, https:\/\/blogsaverroes.juntadeandalucia.es\/ceiplomastodomingo\/files\/2021\/09\/1632994119789-768x1023.jpg 768w, https:\/\/blogsaverroes.juntadeandalucia.es\/ceiplomastodomingo\/files\/2021\/09\/1632994119789-1153x1536.jpg 1153w, https:\/\/blogsaverroes.juntadeandalucia.es\/ceiplomastodomingo\/files\/2021\/09\/1632994119789-1538x2048.jpg 1538w, https:\/\/blogsaverroes.juntadeandalucia.es\/ceiplomastodomingo\/files\/2021\/09\/1632994119789-scaled.jpg 1201w\" sizes=\"(max-width: 675px) 100vw, 675px\" \/><\/a><\/p>\n<p>&nbsp;<\/p>\n","protected":false},"excerpt":{"rendered":"<p>CELEBRACI\u00d3N D\u00cdA EUROPEO DE LAS LENGUAS &#8211; 26 SEPTIEMBRE &#8211; EDUCACI\u00d3N INFANTIL PRIMER CICLO SEGUNDO CICLO TERCER CICLO &nbsp;<\/p>\n","protected":false},"author":5847,"featured_media":0,"comment_status":"closed","ping_status":"open","sticky":false,"template":"","format":"standard","meta":{"ngg_post_thumbnail":0,"footnotes":""},"categories":[526],"tags":[],"aioseo_notices":[],"_links":{"self":[{"href":"https:\/\/blogsaverroes.juntadeandalucia.es\/ceiplomastodomingo\/wp-json\/wp\/v2\/posts\/4490"}],"collection":[{"href":"https:\/\/blogsaverroes.juntadeandalucia.es\/ceiplomastodomingo\/wp-json\/wp\/v2\/posts"}],"about":[{"href":"https:\/\/blogsaverroes.juntadeandalucia.es\/ceiplomastodomingo\/wp-json\/wp\/v2\/types\/post"}],"author":[{"embeddable":true,"href":"https:\/\/blogsaverroes.juntadeandalucia.es\/ceiplomastodomingo\/wp-json\/wp\/v2\/users\/5847"}],"replies":[{"embeddable":true,"href":"https:\/\/blogsaverroes.juntadeandalucia.es\/ceiplomastodomingo\/wp-json\/wp\/v2\/comments?post=4490"}],"version-history":[{"count":4,"href":"https:\/\/blogsaverroes.juntadeandalucia.es\/ceiplomastodomingo\/wp-json\/wp\/v2\/posts\/4490\/revisions"}],"predecessor-version":[{"id":4501,"href":"https:\/\/blogsaverroes.juntadeandalucia.es\/ceiplomastodomingo\/wp-json\/wp\/v2\/posts\/4490\/revisions\/4501"}],"wp:attachment":[{"href":"https:\/\/blogsaverroes.juntadeandalucia.es\/ceiplomastodomingo\/wp-json\/wp\/v2\/media?parent=4490"}],"wp:term":[{"taxonomy":"category","embeddable":true,"href":"https:\/\/blogsaverroes.juntadeandalucia.es\/ceiplomastodomingo\/wp-json\/wp\/v2\/categories?post=4490"},{"taxonomy":"post_tag","embeddable":true,"href":"https:\/\/blogsaverroes.juntadeandalucia.es\/ceiplomastodomingo\/wp-json\/wp\/v2\/tags?post=4490"}],"curies":[{"name":"wp","href":"https:\/\/api.w.org\/{rel}","templated":true}]}}