{"id":5148,"date":"2022-05-09T16:00:02","date_gmt":"2022-05-09T16:00:02","guid":{"rendered":"http:\/\/blogsaverroes.juntadeandalucia.es\/ceiplomastodomingo\/?p=5148"},"modified":"2022-05-10T18:13:09","modified_gmt":"2022-05-10T18:13:09","slug":"semana-del-libro","status":"publish","type":"post","link":"https:\/\/blogsaverroes.juntadeandalucia.es\/ceiplomastodomingo\/semana-del-libro\/","title":{"rendered":"Semana del libro"},"content":{"rendered":"<p>Compartimos algunas de las fotograf\u00edas m\u00e1s representativas de la celebraci\u00f3n de la Semana del Libro en nuestro centro.<\/p>\n<p style=\"text-align: center\"><a href=\"https:\/\/blogsaverroes.juntadeandalucia.es\/ceiplomastodomingo\/files\/2022\/04\/Semana-del-libro-2.jpg\"><img fetchpriority=\"high\" decoding=\"async\" class=\"alignnone wp-image-5064\" src=\"https:\/\/blogsaverroes.juntadeandalucia.es\/ceiplomastodomingo\/files\/2022\/04\/Semana-del-libro-2-300x300.jpg\" alt=\"\" width=\"385\" height=\"385\" srcset=\"https:\/\/blogsaverroes.juntadeandalucia.es\/ceiplomastodomingo\/files\/2022\/04\/Semana-del-libro-2-300x300.jpg 300w, https:\/\/blogsaverroes.juntadeandalucia.es\/ceiplomastodomingo\/files\/2022\/04\/Semana-del-libro-2-1024x1024.jpg 1024w, https:\/\/blogsaverroes.juntadeandalucia.es\/ceiplomastodomingo\/files\/2022\/04\/Semana-del-libro-2-150x150.jpg 150w, https:\/\/blogsaverroes.juntadeandalucia.es\/ceiplomastodomingo\/files\/2022\/04\/Semana-del-libro-2-768x768.jpg 768w, https:\/\/blogsaverroes.juntadeandalucia.es\/ceiplomastodomingo\/files\/2022\/04\/Semana-del-libro-2.jpg 1080w\" sizes=\"(max-width: 385px) 100vw, 385px\" \/><\/a><a href=\"https:\/\/blogsaverroes.juntadeandalucia.es\/ceiplomastodomingo\/files\/2022\/05\/Semana-del-libro-4.jpg\"><img decoding=\"async\" class=\"alignnone wp-image-5150\" src=\"https:\/\/blogsaverroes.juntadeandalucia.es\/ceiplomastodomingo\/files\/2022\/05\/Semana-del-libro-4-300x300.jpg\" alt=\"\" width=\"389\" height=\"389\" srcset=\"https:\/\/blogsaverroes.juntadeandalucia.es\/ceiplomastodomingo\/files\/2022\/05\/Semana-del-libro-4-300x300.jpg 300w, https:\/\/blogsaverroes.juntadeandalucia.es\/ceiplomastodomingo\/files\/2022\/05\/Semana-del-libro-4-1024x1024.jpg 1024w, https:\/\/blogsaverroes.juntadeandalucia.es\/ceiplomastodomingo\/files\/2022\/05\/Semana-del-libro-4-150x150.jpg 150w, https:\/\/blogsaverroes.juntadeandalucia.es\/ceiplomastodomingo\/files\/2022\/05\/Semana-del-libro-4-768x768.jpg 768w, https:\/\/blogsaverroes.juntadeandalucia.es\/ceiplomastodomingo\/files\/2022\/05\/Semana-del-libro-4.jpg 1440w\" sizes=\"(max-width: 389px) 100vw, 389px\" \/><\/a> <a href=\"https:\/\/blogsaverroes.juntadeandalucia.es\/ceiplomastodomingo\/files\/2022\/05\/Semana-del-libro-3.jpg\"><img decoding=\"async\" class=\"alignnone wp-image-5151\" src=\"https:\/\/blogsaverroes.juntadeandalucia.es\/ceiplomastodomingo\/files\/2022\/05\/Semana-del-libro-3-300x300.jpg\" alt=\"\" width=\"384\" height=\"384\" srcset=\"https:\/\/blogsaverroes.juntadeandalucia.es\/ceiplomastodomingo\/files\/2022\/05\/Semana-del-libro-3-300x300.jpg 300w, https:\/\/blogsaverroes.juntadeandalucia.es\/ceiplomastodomingo\/files\/2022\/05\/Semana-del-libro-3-1024x1024.jpg 1024w, https:\/\/blogsaverroes.juntadeandalucia.es\/ceiplomastodomingo\/files\/2022\/05\/Semana-del-libro-3-150x150.jpg 150w, https:\/\/blogsaverroes.juntadeandalucia.es\/ceiplomastodomingo\/files\/2022\/05\/Semana-del-libro-3-768x768.jpg 768w, https:\/\/blogsaverroes.juntadeandalucia.es\/ceiplomastodomingo\/files\/2022\/05\/Semana-del-libro-3.jpg 1440w\" sizes=\"(max-width: 384px) 100vw, 384px\" \/><\/a> <a href=\"https:\/\/blogsaverroes.juntadeandalucia.es\/ceiplomastodomingo\/files\/2022\/05\/Semana-del-libro-1.jpg\"><img loading=\"lazy\" decoding=\"async\" class=\"alignnone wp-image-5152\" src=\"https:\/\/blogsaverroes.juntadeandalucia.es\/ceiplomastodomingo\/files\/2022\/05\/Semana-del-libro-1-300x300.jpg\" alt=\"\" width=\"384\" height=\"384\" srcset=\"https:\/\/blogsaverroes.juntadeandalucia.es\/ceiplomastodomingo\/files\/2022\/05\/Semana-del-libro-1-300x300.jpg 300w, https:\/\/blogsaverroes.juntadeandalucia.es\/ceiplomastodomingo\/files\/2022\/05\/Semana-del-libro-1-1024x1024.jpg 1024w, https:\/\/blogsaverroes.juntadeandalucia.es\/ceiplomastodomingo\/files\/2022\/05\/Semana-del-libro-1-150x150.jpg 150w, https:\/\/blogsaverroes.juntadeandalucia.es\/ceiplomastodomingo\/files\/2022\/05\/Semana-del-libro-1-768x768.jpg 768w, https:\/\/blogsaverroes.juntadeandalucia.es\/ceiplomastodomingo\/files\/2022\/05\/Semana-del-libro-1.jpg 1440w\" sizes=\"(max-width: 384px) 100vw, 384px\" \/><\/a> <a href=\"https:\/\/blogsaverroes.juntadeandalucia.es\/ceiplomastodomingo\/files\/2022\/05\/Semana-del-libro-2-1.jpg\"><img loading=\"lazy\" decoding=\"async\" class=\"alignnone wp-image-5189\" src=\"https:\/\/blogsaverroes.juntadeandalucia.es\/ceiplomastodomingo\/files\/2022\/05\/Semana-del-libro-2-1-300x300.jpg\" alt=\"\" width=\"380\" height=\"380\" srcset=\"https:\/\/blogsaverroes.juntadeandalucia.es\/ceiplomastodomingo\/files\/2022\/05\/Semana-del-libro-2-1-300x300.jpg 300w, https:\/\/blogsaverroes.juntadeandalucia.es\/ceiplomastodomingo\/files\/2022\/05\/Semana-del-libro-2-1-1024x1024.jpg 1024w, https:\/\/blogsaverroes.juntadeandalucia.es\/ceiplomastodomingo\/files\/2022\/05\/Semana-del-libro-2-1-150x150.jpg 150w, https:\/\/blogsaverroes.juntadeandalucia.es\/ceiplomastodomingo\/files\/2022\/05\/Semana-del-libro-2-1-768x768.jpg 768w, https:\/\/blogsaverroes.juntadeandalucia.es\/ceiplomastodomingo\/files\/2022\/05\/Semana-del-libro-2-1.jpg 1440w\" sizes=\"(max-width: 380px) 100vw, 380px\" \/><\/a><a href=\"https:\/\/blogsaverroes.juntadeandalucia.es\/ceiplomastodomingo\/files\/2022\/05\/Semana-del-libro-5.jpg\"><img loading=\"lazy\" decoding=\"async\" class=\"alignnone wp-image-5176\" src=\"https:\/\/blogsaverroes.juntadeandalucia.es\/ceiplomastodomingo\/files\/2022\/05\/Semana-del-libro-5-300x300.jpg\" alt=\"\" width=\"382\" height=\"382\" srcset=\"https:\/\/blogsaverroes.juntadeandalucia.es\/ceiplomastodomingo\/files\/2022\/05\/Semana-del-libro-5-300x300.jpg 300w, https:\/\/blogsaverroes.juntadeandalucia.es\/ceiplomastodomingo\/files\/2022\/05\/Semana-del-libro-5-1024x1024.jpg 1024w, https:\/\/blogsaverroes.juntadeandalucia.es\/ceiplomastodomingo\/files\/2022\/05\/Semana-del-libro-5-150x150.jpg 150w, https:\/\/blogsaverroes.juntadeandalucia.es\/ceiplomastodomingo\/files\/2022\/05\/Semana-del-libro-5-768x768.jpg 768w, https:\/\/blogsaverroes.juntadeandalucia.es\/ceiplomastodomingo\/files\/2022\/05\/Semana-del-libro-5.jpg 1440w\" sizes=\"(max-width: 382px) 100vw, 382px\" \/><\/a> <a href=\"https:\/\/blogsaverroes.juntadeandalucia.es\/ceiplomastodomingo\/files\/2022\/05\/1652192344533.jpg\"><img loading=\"lazy\" decoding=\"async\" class=\"alignnone  wp-image-5206\" src=\"https:\/\/blogsaverroes.juntadeandalucia.es\/ceiplomastodomingo\/files\/2022\/05\/1652192344533-300x300.jpg\" alt=\"\" width=\"389\" height=\"389\" srcset=\"https:\/\/blogsaverroes.juntadeandalucia.es\/ceiplomastodomingo\/files\/2022\/05\/1652192344533-300x300.jpg 300w, https:\/\/blogsaverroes.juntadeandalucia.es\/ceiplomastodomingo\/files\/2022\/05\/1652192344533-1024x1024.jpg 1024w, https:\/\/blogsaverroes.juntadeandalucia.es\/ceiplomastodomingo\/files\/2022\/05\/1652192344533-150x150.jpg 150w, https:\/\/blogsaverroes.juntadeandalucia.es\/ceiplomastodomingo\/files\/2022\/05\/1652192344533-768x768.jpg 768w, https:\/\/blogsaverroes.juntadeandalucia.es\/ceiplomastodomingo\/files\/2022\/05\/1652192344533.jpg 1440w\" sizes=\"(max-width: 389px) 100vw, 389px\" \/><\/a><\/p>\n","protected":false},"excerpt":{"rendered":"<p>Compartimos algunas de las fotograf\u00edas m\u00e1s representativas de la celebraci\u00f3n de la Semana del Libro en nuestro centro.<\/p>\n","protected":false},"author":5847,"featured_media":0,"comment_status":"closed","ping_status":"open","sticky":false,"template":"","format":"standard","meta":{"ngg_post_thumbnail":0,"footnotes":""},"categories":[526],"tags":[],"aioseo_notices":[],"_links":{"self":[{"href":"https:\/\/blogsaverroes.juntadeandalucia.es\/ceiplomastodomingo\/wp-json\/wp\/v2\/posts\/5148"}],"collection":[{"href":"https:\/\/blogsaverroes.juntadeandalucia.es\/ceiplomastodomingo\/wp-json\/wp\/v2\/posts"}],"about":[{"href":"https:\/\/blogsaverroes.juntadeandalucia.es\/ceiplomastodomingo\/wp-json\/wp\/v2\/types\/post"}],"author":[{"embeddable":true,"href":"https:\/\/blogsaverroes.juntadeandalucia.es\/ceiplomastodomingo\/wp-json\/wp\/v2\/users\/5847"}],"replies":[{"embeddable":true,"href":"https:\/\/blogsaverroes.juntadeandalucia.es\/ceiplomastodomingo\/wp-json\/wp\/v2\/comments?post=5148"}],"version-history":[{"count":6,"href":"https:\/\/blogsaverroes.juntadeandalucia.es\/ceiplomastodomingo\/wp-json\/wp\/v2\/posts\/5148\/revisions"}],"predecessor-version":[{"id":5207,"href":"https:\/\/blogsaverroes.juntadeandalucia.es\/ceiplomastodomingo\/wp-json\/wp\/v2\/posts\/5148\/revisions\/5207"}],"wp:attachment":[{"href":"https:\/\/blogsaverroes.juntadeandalucia.es\/ceiplomastodomingo\/wp-json\/wp\/v2\/media?parent=5148"}],"wp:term":[{"taxonomy":"category","embeddable":true,"href":"https:\/\/blogsaverroes.juntadeandalucia.es\/ceiplomastodomingo\/wp-json\/wp\/v2\/categories?post=5148"},{"taxonomy":"post_tag","embeddable":true,"href":"https:\/\/blogsaverroes.juntadeandalucia.es\/ceiplomastodomingo\/wp-json\/wp\/v2\/tags?post=5148"}],"curies":[{"name":"wp","href":"https:\/\/api.w.org\/{rel}","templated":true}]}}