{"id":5241,"date":"2022-06-06T09:55:26","date_gmt":"2022-06-06T09:55:26","guid":{"rendered":"http:\/\/blogsaverroes.juntadeandalucia.es\/ceiplomastodomingo\/?p=5241"},"modified":"2022-06-06T09:57:55","modified_gmt":"2022-06-06T09:57:55","slug":"movilidad-florencia-erasmus","status":"publish","type":"post","link":"https:\/\/blogsaverroes.juntadeandalucia.es\/ceiplomastodomingo\/movilidad-florencia-erasmus\/","title":{"rendered":"Movilidad Florencia Erasmus+"},"content":{"rendered":"<div id=\"tw-target-text-container\" class=\"tw-ta-container F0azHf tw-nfl\">\n<p><a href=\"https:\/\/blogsaverroes.juntadeandalucia.es\/ceiplomastodomingo\/files\/2022\/05\/Curso-Eramus-Florencia.jpg\"><img fetchpriority=\"high\" decoding=\"async\" class=\"wp-image-5210 aligncenter\" src=\"https:\/\/blogsaverroes.juntadeandalucia.es\/ceiplomastodomingo\/files\/2022\/05\/Curso-Eramus-Florencia-227x300.jpg\" alt=\"\" width=\"377\" height=\"498\" srcset=\"https:\/\/blogsaverroes.juntadeandalucia.es\/ceiplomastodomingo\/files\/2022\/05\/Curso-Eramus-Florencia-227x300.jpg 227w, https:\/\/blogsaverroes.juntadeandalucia.es\/ceiplomastodomingo\/files\/2022\/05\/Curso-Eramus-Florencia.jpg 652w\" sizes=\"(max-width: 377px) 100vw, 377px\" \/><\/a><\/p>\n<p>Nos gustar\u00eda compartir la tercera movilidad del Proyecto Eramus+ realizada en la semana del 30 de mayo al 3 de junio. Dos representantes de nuestro claustro han realizado el curso estructurado \u00abFacing Diversity: Intercultural Classroom Management\u00bb en la ciudad italiana de Florencia. Hemos aprendido t\u00e9cnicas y estrategias para gestionar con eficacia aulas multiculturales y diversas, fomentando una escuela inclusiva, tolerante y heterog\u00e9nea. Por otra parte, hemos tenido la oportunidad e aprender sobre metodolog\u00edas innovadoras que fomentan la inclusi\u00f3n y el desarrollo de Competencia Ling\u00fc\u00edstica de nuestro alumnado, as\u00ed como ampliar nuestra red de contactos con otros centros para realizar actividades conjuntas bajo el soporte de la plataforma etwinning.<\/p>\n<p>Estamos impacientes por implentar en nuestro centro todo lo aprendido, que ser\u00e1 transmitido a toda la Comunidad Educativa a trav\u00e9s de una presentaci\u00f3n por parte del profesorado participantes en la movilidad, tanto al Consejo Escolar como al Claustro de nuestro centro.<\/p>\n<\/div>\n<div id=\"tw-target-text-container\" class=\"tw-ta-container F0azHf tw-nfl\">\n<pre id=\"tw-target-rmn\" class=\"tw-data-placeholder tw-text-small tw-ta\" data-placeholder=\"\"><a href=\"https:\/\/blogsaverroes.juntadeandalucia.es\/ceiplomastodomingo\/files\/2022\/06\/2022-06-06T11-51-13.826159cute_photo.png\"><img decoding=\"async\" class=\"wp-image-5257 aligncenter\" src=\"https:\/\/blogsaverroes.juntadeandalucia.es\/ceiplomastodomingo\/files\/2022\/06\/2022-06-06T11-51-13.826159cute_photo-300x300.png\" alt=\"\" width=\"655\" height=\"655\" srcset=\"https:\/\/blogsaverroes.juntadeandalucia.es\/ceiplomastodomingo\/files\/2022\/06\/2022-06-06T11-51-13.826159cute_photo-300x300.png 300w, https:\/\/blogsaverroes.juntadeandalucia.es\/ceiplomastodomingo\/files\/2022\/06\/2022-06-06T11-51-13.826159cute_photo-1024x1024.png 1024w, https:\/\/blogsaverroes.juntadeandalucia.es\/ceiplomastodomingo\/files\/2022\/06\/2022-06-06T11-51-13.826159cute_photo-150x150.png 150w, https:\/\/blogsaverroes.juntadeandalucia.es\/ceiplomastodomingo\/files\/2022\/06\/2022-06-06T11-51-13.826159cute_photo-768x768.png 768w, https:\/\/blogsaverroes.juntadeandalucia.es\/ceiplomastodomingo\/files\/2022\/06\/2022-06-06T11-51-13.826159cute_photo.png 1440w\" sizes=\"(max-width: 655px) 100vw, 655px\" \/><\/a><\/pre>\n<\/div>\n","protected":false},"excerpt":{"rendered":"<p>Nos gustar\u00eda compartir la tercera movilidad del Proyecto Eramus+ realizada en la semana del 30 de mayo al 3 de junio. Dos representantes de nuestro&hellip;<\/p>\n","protected":false},"author":5847,"featured_media":0,"comment_status":"closed","ping_status":"open","sticky":false,"template":"","format":"standard","meta":{"ngg_post_thumbnail":0,"footnotes":""},"categories":[526],"tags":[],"aioseo_notices":[],"_links":{"self":[{"href":"https:\/\/blogsaverroes.juntadeandalucia.es\/ceiplomastodomingo\/wp-json\/wp\/v2\/posts\/5241"}],"collection":[{"href":"https:\/\/blogsaverroes.juntadeandalucia.es\/ceiplomastodomingo\/wp-json\/wp\/v2\/posts"}],"about":[{"href":"https:\/\/blogsaverroes.juntadeandalucia.es\/ceiplomastodomingo\/wp-json\/wp\/v2\/types\/post"}],"author":[{"embeddable":true,"href":"https:\/\/blogsaverroes.juntadeandalucia.es\/ceiplomastodomingo\/wp-json\/wp\/v2\/users\/5847"}],"replies":[{"embeddable":true,"href":"https:\/\/blogsaverroes.juntadeandalucia.es\/ceiplomastodomingo\/wp-json\/wp\/v2\/comments?post=5241"}],"version-history":[{"count":3,"href":"https:\/\/blogsaverroes.juntadeandalucia.es\/ceiplomastodomingo\/wp-json\/wp\/v2\/posts\/5241\/revisions"}],"predecessor-version":[{"id":5263,"href":"https:\/\/blogsaverroes.juntadeandalucia.es\/ceiplomastodomingo\/wp-json\/wp\/v2\/posts\/5241\/revisions\/5263"}],"wp:attachment":[{"href":"https:\/\/blogsaverroes.juntadeandalucia.es\/ceiplomastodomingo\/wp-json\/wp\/v2\/media?parent=5241"}],"wp:term":[{"taxonomy":"category","embeddable":true,"href":"https:\/\/blogsaverroes.juntadeandalucia.es\/ceiplomastodomingo\/wp-json\/wp\/v2\/categories?post=5241"},{"taxonomy":"post_tag","embeddable":true,"href":"https:\/\/blogsaverroes.juntadeandalucia.es\/ceiplomastodomingo\/wp-json\/wp\/v2\/tags?post=5241"}],"curies":[{"name":"wp","href":"https:\/\/api.w.org\/{rel}","templated":true}]}}