{"id":1044,"date":"2015-11-29T18:15:00","date_gmt":"2015-11-29T17:15:00","guid":{"rendered":"https:\/\/blogsaverroes.juntadeandalucia.es\/ceiplopedevegaalmeria\/talleres-para-profesorado-y-familias-en-el-lope\/"},"modified":"2015-11-29T18:15:00","modified_gmt":"2015-11-29T17:15:00","slug":"talleres-para-profesorado-y-familias-en-el-lope","status":"publish","type":"post","link":"https:\/\/blogsaverroes.juntadeandalucia.es\/ceiplopedevegaalmeria\/talleres-para-profesorado-y-familias-en-el-lope\/","title":{"rendered":"Talleres para profesorado y familias en el  Lope"},"content":{"rendered":"<div style=\"text-align: left\">Nuestro centro est\u00e1 siendo un lugar para la realizaci\u00f3n de talleres sobre t\u00e9cnicas Freinet y Comunidades de Aprendizaje para familias y profesorado de la provincia. M\u00e1s de cincuenta participantes en cada sesi\u00f3n.Estos talleres forman parte de la planificaci\u00f3n de las <a href=\"https:\/\/www.facebook.com\/groups\/713373022026285\/1028397247190526\/\" target=\"_blank\" rel=\"noopener noreferrer\">III&nbsp; Jornadas de Escuela Moderna y Comunidades de Aprendizaje<\/a> que se celebrar\u00e1n en Almer\u00eda&nbsp; los d\u00edas 11, 12 y 13 de marzo de 2016 en IES Al-\u00c1ndalus<\/div>\n<p>La anterior sesi\u00f3n vers\u00f3 sobre los grupos interactivos y tertulias pedag\u00f3gicas dial\u00f3gicas en torno al proyecto Includ-ed, el pr\u00f3ximo d\u00eda 11 de diciembre se tratar\u00e1 en dicha tertulia el libro de <a href=\"http:\/\/blogs.elcorreogallego.es\/gigasdetiza\/2014\/01\/21\/el-texto-libre-de-freinet\/\" target=\"_blank\" rel=\"noopener noreferrer\">Freinet &#8220;El Texto libre&#8221;<\/a> y un taller sobre dicha t\u00e9cnica.<\/p>\n<div style=\"text-align: center\"><iframe loading=\"lazy\" frameborder=\"0\" height=\"315\" src=\"https:\/\/www.youtube.com\/embed\/EGv_cjNjhWY\" width=\"420\"><\/iframe><\/div>\n","protected":false},"excerpt":{"rendered":"<p>Nuestro centro est\u00e1 siendo un lugar para la realizaci\u00f3n de talleres sobre t\u00e9cnicas Freinet y Comunidades de Aprendizaje para familias y profesorado de la provincia. M\u00e1s de cincuenta participantes en cada sesi\u00f3n.Estos talleres forman parte de la planificaci\u00f3n de las III&nbsp; Jornadas de Escuela Moderna y Comunidades de Aprendizaje que se celebrar\u00e1n en Almer\u00eda&nbsp; los [&hellip;]<\/p>\n","protected":false},"author":14154,"featured_media":0,"comment_status":"closed","ping_status":"open","sticky":false,"template":"","format":"standard","meta":{"_et_pb_use_builder":"","_et_pb_old_content":"","_et_gb_content_width":"","ngg_post_thumbnail":0,"footnotes":""},"categories":[98],"tags":[],"aioseo_notices":[],"_links":{"self":[{"href":"https:\/\/blogsaverroes.juntadeandalucia.es\/ceiplopedevegaalmeria\/wp-json\/wp\/v2\/posts\/1044"}],"collection":[{"href":"https:\/\/blogsaverroes.juntadeandalucia.es\/ceiplopedevegaalmeria\/wp-json\/wp\/v2\/posts"}],"about":[{"href":"https:\/\/blogsaverroes.juntadeandalucia.es\/ceiplopedevegaalmeria\/wp-json\/wp\/v2\/types\/post"}],"author":[{"embeddable":true,"href":"https:\/\/blogsaverroes.juntadeandalucia.es\/ceiplopedevegaalmeria\/wp-json\/wp\/v2\/users\/14154"}],"replies":[{"embeddable":true,"href":"https:\/\/blogsaverroes.juntadeandalucia.es\/ceiplopedevegaalmeria\/wp-json\/wp\/v2\/comments?post=1044"}],"version-history":[{"count":0,"href":"https:\/\/blogsaverroes.juntadeandalucia.es\/ceiplopedevegaalmeria\/wp-json\/wp\/v2\/posts\/1044\/revisions"}],"wp:attachment":[{"href":"https:\/\/blogsaverroes.juntadeandalucia.es\/ceiplopedevegaalmeria\/wp-json\/wp\/v2\/media?parent=1044"}],"wp:term":[{"taxonomy":"category","embeddable":true,"href":"https:\/\/blogsaverroes.juntadeandalucia.es\/ceiplopedevegaalmeria\/wp-json\/wp\/v2\/categories?post=1044"},{"taxonomy":"post_tag","embeddable":true,"href":"https:\/\/blogsaverroes.juntadeandalucia.es\/ceiplopedevegaalmeria\/wp-json\/wp\/v2\/tags?post=1044"}],"curies":[{"name":"wp","href":"https:\/\/api.w.org\/{rel}","templated":true}]}}