{"id":1199,"date":"2014-04-23T09:43:00","date_gmt":"2014-04-23T08:43:00","guid":{"rendered":"https:\/\/blogsaverroes.juntadeandalucia.es\/ceiplopedevegaalmeria\/dia-del-libro-en-el-lope-familias-lectoras\/"},"modified":"2014-04-23T09:43:00","modified_gmt":"2014-04-23T08:43:00","slug":"dia-del-libro-en-el-lope-familias-lectoras","status":"publish","type":"post","link":"https:\/\/blogsaverroes.juntadeandalucia.es\/ceiplopedevegaalmeria\/dia-del-libro-en-el-lope-familias-lectoras\/","title":{"rendered":"D\u00eda del libro en el Lope: familias lectoras."},"content":{"rendered":"<p>El 23 de abril es una fecha emblem\u00e1tica para las letras, pues se  conmemora el <a href=\"http:\/\/portal.ced.junta-andalucia.es\/educacion\/webportal\/web\/lecturas-y-bibliotecas-escolares\/detalle-novedades\/-\/contenidos\/detalle\/dia-internacional-del-libro-3\">D\u00eda Internacional del Libro y del Derecho de Autor<\/a>, en  coincidencia con el fallecimiento, en el mismo d\u00eda del a\u00f1o 1616, de  Miguel de Cervantes, William Shakespeare, as\u00ed como el nacimiento y  muerte de otros c\u00e9lebres autores como el Inca Garcilaso de la Vega. La  Conferencia General de la UNESCO, celebrada en Par\u00eds en 1995, aprob\u00f3  dicha celebraci\u00f3n con la finalidad de fomentar la lectura, la industria  editorial y la protecci\u00f3n de la propiedad intelectual y adem\u00e1s como  homenaje universal a los libros y autores.<br \/>&nbsp;Tambi\u00e9n, nos unimos al reconocimiento de la obra de <a href=\"http:\/\/www.fundacionelenaponiatowska.org\/\" target=\"_blank\" rel=\"noopener noreferrer\">Elena Poniatowska<\/a>,&nbsp;  escritora que hoy recibe el Premio de Literatura en Lengua Castellana  Miguel de Cervantes por su contribuci\u00f3n al enriquecimiento del  patrimonio literario en lengua espa\u00f1ola.<\/p>\n<div style=\"clear: both;text-align: center\"><a href=\"http:\/\/4.bp.blogspot.com\/-fWOUtZ7TvzY\/U1d-pj4f4wI\/AAAAAAAAEcw\/IxdLsfOKhco\/s1600\/%25C3%25ADndice.jpg\" style=\"margin-left: 1em;margin-right: 1em\"><img loading=\"lazy\" decoding=\"async\" border=\"0\" src=\"http:\/\/4.bp.blogspot.com\/-fWOUtZ7TvzY\/U1d-pj4f4wI\/AAAAAAAAEcw\/IxdLsfOKhco\/s1600\/%25C3%25ADndice.jpg\" height=\"133\" width=\"200\" \/><\/a><\/div>\n<p>Visita nuestro blog &#8220;Lectodiver&#8221; de la biblioteca del centro y encontrar\u00e1s m\u00e1s informaci\u00f3n, fotos, etc, de las actividades realizadas en nuestro centro.<a href=\"http:\/\/ceiplopevegalector.blogspot.com.es\/2014\/04\/dia-del-libro-en-el-lope-familias.html\"> (Aqu\u00ed) <\/a><\/p>\n","protected":false},"excerpt":{"rendered":"<p>El 23 de abril es una fecha emblem\u00e1tica para las letras, pues se conmemora el D\u00eda Internacional del Libro y del Derecho de Autor, en coincidencia con el fallecimiento, en el mismo d\u00eda del a\u00f1o 1616, de Miguel de Cervantes, William Shakespeare, as\u00ed como el nacimiento y muerte de otros c\u00e9lebres autores como el Inca [&hellip;]<\/p>\n","protected":false},"author":14154,"featured_media":0,"comment_status":"closed","ping_status":"open","sticky":false,"template":"","format":"standard","meta":{"_et_pb_use_builder":"","_et_pb_old_content":"","_et_gb_content_width":"","ngg_post_thumbnail":0,"footnotes":""},"categories":[112,42,30,45],"tags":[],"aioseo_notices":[],"_links":{"self":[{"href":"https:\/\/blogsaverroes.juntadeandalucia.es\/ceiplopedevegaalmeria\/wp-json\/wp\/v2\/posts\/1199"}],"collection":[{"href":"https:\/\/blogsaverroes.juntadeandalucia.es\/ceiplopedevegaalmeria\/wp-json\/wp\/v2\/posts"}],"about":[{"href":"https:\/\/blogsaverroes.juntadeandalucia.es\/ceiplopedevegaalmeria\/wp-json\/wp\/v2\/types\/post"}],"author":[{"embeddable":true,"href":"https:\/\/blogsaverroes.juntadeandalucia.es\/ceiplopedevegaalmeria\/wp-json\/wp\/v2\/users\/14154"}],"replies":[{"embeddable":true,"href":"https:\/\/blogsaverroes.juntadeandalucia.es\/ceiplopedevegaalmeria\/wp-json\/wp\/v2\/comments?post=1199"}],"version-history":[{"count":0,"href":"https:\/\/blogsaverroes.juntadeandalucia.es\/ceiplopedevegaalmeria\/wp-json\/wp\/v2\/posts\/1199\/revisions"}],"wp:attachment":[{"href":"https:\/\/blogsaverroes.juntadeandalucia.es\/ceiplopedevegaalmeria\/wp-json\/wp\/v2\/media?parent=1199"}],"wp:term":[{"taxonomy":"category","embeddable":true,"href":"https:\/\/blogsaverroes.juntadeandalucia.es\/ceiplopedevegaalmeria\/wp-json\/wp\/v2\/categories?post=1199"},{"taxonomy":"post_tag","embeddable":true,"href":"https:\/\/blogsaverroes.juntadeandalucia.es\/ceiplopedevegaalmeria\/wp-json\/wp\/v2\/tags?post=1199"}],"curies":[{"name":"wp","href":"https:\/\/api.w.org\/{rel}","templated":true}]}}