{"id":1322,"date":"2010-11-20T18:52:00","date_gmt":"2010-11-20T17:52:00","guid":{"rendered":"https:\/\/blogsaverroes.juntadeandalucia.es\/ceiplopedevegaalmeria\/la-interculturalidad-no-es-un-cuento\/"},"modified":"2010-11-20T18:52:00","modified_gmt":"2010-11-20T17:52:00","slug":"la-interculturalidad-no-es-un-cuento","status":"publish","type":"post","link":"https:\/\/blogsaverroes.juntadeandalucia.es\/ceiplopedevegaalmeria\/la-interculturalidad-no-es-un-cuento\/","title":{"rendered":"LA INTERCULTURALIDAD NO ES UN CUENTO"},"content":{"rendered":"<p><span style=\"font-family:comic sans ms,sans-serif;font-size:130%;color:#3333ff\">El pr\u00f3ximo d\u00eda 24, por la tarde, 7 ni\u00f1as y ni\u00f1os de nuestro colegio van a la Diputaci\u00f3n Provincial a la Entrega de Premios del Certamen de Cuentos Interculturales en el que hab\u00edan participado al final del curso pasado. Uno de ellos, Roberto, ha ganado un premio y a los dem\u00e1s se les entregar\u00e1n tambi\u00e9n diploma y un regalo. Son de 6\u00ba B. Est\u00e1n muy contentos.<br \/><a href=\"http:\/\/ceiplopevega3c.blogspot.com\/\"><span style=\"font-size:78%\">M\u00c1S INFORMACI\u00d3N<\/span><\/a><br \/><\/span><\/p>\n","protected":false},"excerpt":{"rendered":"<p>El pr\u00f3ximo d\u00eda 24, por la tarde, 7 ni\u00f1as y ni\u00f1os de nuestro colegio van a la Diputaci\u00f3n Provincial a la Entrega de Premios del Certamen de Cuentos Interculturales en el que hab\u00edan participado al final del curso pasado. Uno de ellos, Roberto, ha ganado un premio y a los dem\u00e1s se les entregar\u00e1n tambi\u00e9n [&hellip;]<\/p>\n","protected":false},"author":14154,"featured_media":0,"comment_status":"closed","ping_status":"open","sticky":false,"template":"","format":"standard","meta":{"_et_pb_use_builder":"","_et_pb_old_content":"","_et_gb_content_width":"","ngg_post_thumbnail":0,"footnotes":""},"categories":[112],"tags":[],"aioseo_notices":[],"_links":{"self":[{"href":"https:\/\/blogsaverroes.juntadeandalucia.es\/ceiplopedevegaalmeria\/wp-json\/wp\/v2\/posts\/1322"}],"collection":[{"href":"https:\/\/blogsaverroes.juntadeandalucia.es\/ceiplopedevegaalmeria\/wp-json\/wp\/v2\/posts"}],"about":[{"href":"https:\/\/blogsaverroes.juntadeandalucia.es\/ceiplopedevegaalmeria\/wp-json\/wp\/v2\/types\/post"}],"author":[{"embeddable":true,"href":"https:\/\/blogsaverroes.juntadeandalucia.es\/ceiplopedevegaalmeria\/wp-json\/wp\/v2\/users\/14154"}],"replies":[{"embeddable":true,"href":"https:\/\/blogsaverroes.juntadeandalucia.es\/ceiplopedevegaalmeria\/wp-json\/wp\/v2\/comments?post=1322"}],"version-history":[{"count":0,"href":"https:\/\/blogsaverroes.juntadeandalucia.es\/ceiplopedevegaalmeria\/wp-json\/wp\/v2\/posts\/1322\/revisions"}],"wp:attachment":[{"href":"https:\/\/blogsaverroes.juntadeandalucia.es\/ceiplopedevegaalmeria\/wp-json\/wp\/v2\/media?parent=1322"}],"wp:term":[{"taxonomy":"category","embeddable":true,"href":"https:\/\/blogsaverroes.juntadeandalucia.es\/ceiplopedevegaalmeria\/wp-json\/wp\/v2\/categories?post=1322"},{"taxonomy":"post_tag","embeddable":true,"href":"https:\/\/blogsaverroes.juntadeandalucia.es\/ceiplopedevegaalmeria\/wp-json\/wp\/v2\/tags?post=1322"}],"curies":[{"name":"wp","href":"https:\/\/api.w.org\/{rel}","templated":true}]}}