{"id":1362,"date":"2010-01-08T15:05:00","date_gmt":"2010-01-08T14:05:00","guid":{"rendered":"https:\/\/blogsaverroes.juntadeandalucia.es\/ceiplopedevegaalmeria\/entrega-de-ultraportatiles-a-alumnado-de-5o-y-6o-de-primaria\/"},"modified":"2010-01-08T15:05:00","modified_gmt":"2010-01-08T14:05:00","slug":"entrega-de-ultraportatiles-a-alumnado-de-5o-y-6o-de-primaria","status":"publish","type":"post","link":"https:\/\/blogsaverroes.juntadeandalucia.es\/ceiplopedevegaalmeria\/entrega-de-ultraportatiles-a-alumnado-de-5o-y-6o-de-primaria\/","title":{"rendered":"Entrega de ultraport\u00e1tiles a alumnado de 5\u00ba y 6\u00ba de Primaria"},"content":{"rendered":"<div style=\"font-weight: bold\">Educaci\u00f3n elabora una gu\u00eda para las familias con consejos sobre el buen uso y cuidado de los port\u00e1tiles<\/div>\n<p><\/p>\n<div>Mar Moreno se reuni\u00f3 con las asociaciones de padres y madres para informarles del calendario de distribuci\u00f3n de los equipos<\/div>\n<p><\/p>\n<div style=\"font-weight: bold\"><span style=\"font-size:78%\">Viernes, 8 de enero de 2010<\/span><\/div>\n<p><\/p>\n<div>\n<div style=\"width: 385px\"><img decoding=\"async\" src=\"http:\/\/www.juntadeandalucia.es\/educacion\/portal\/com\/bin\/Contenidos\/GabinetePrensa\/Notas_de_prensa\/2010\/Enero\/nota_prensa_080110_tic_ampa\/1262957047979_arr_6672web.jpg\" alt=\"Mar Moreno con los representantes de Codapa, Ufapa y Confapa\" title=\"Mar Moreno con los representantes de Codapa, Ufapa y Confapa\" \/><\/p>\n<div style=\"text-align: justify\">Mar Moreno con los representantes de Codapa, Ufapa   Confapa<\/div>\n<div style=\"text-align: justify\"> <\/div>\n<\/div>\n<div style=\"text-align: justify\"> <\/div>\n<\/div>\n<div style=\"text-align: justify\"> La Consejer\u00eda de Educaci\u00f3n ha elaborado una gu\u00eda pr\u00e1ctica destinada a las familias sobre el proyecto Escuela TIC 2.0 que recoge recomendaciones sobre el buen uso y cuidado de los ordenadores port\u00e1tiles que, entre enero y febrero, comenzar\u00e1n a recibir los m\u00e1s de 173.000 alumnos y alumnas que cursan 5\u00ba y 6\u00ba de Primaria en los centros p\u00fablicos y concertados.<\/p>\n<p>Consejos pr\u00e1cticos como la necesidad de preservar el port\u00e1til de temperaturas extremas, de la humedad o evitar poner objetos pesados sobre el mismo se incluyen en la gu\u00eda, que expone tambi\u00e9n las normas de uso para el alumnado, como la obligaci\u00f3n de acudir al centro con la bater\u00eda del port\u00e1til cargada o comunicar cualquier aver\u00eda o contratiempo al responsable del centro.<\/p>\n<p>La consejera de Educaci\u00f3n, Mar Moreno, ha presentado este material a los representantes de las asociaciones de padres y madres de la ense\u00f1anza p\u00fablica y privada concertada, con los que ha mantenido una reuni\u00f3n para abordar el desarrollo del programa e implicar a las familias en el buen uso y funcionamiento de los equipos inform\u00e1ticos.<\/p>\n<p>Para ello, la gu\u00eda se completa con el \u201ccompromiso digital\u201d que suscribir\u00e1n la familias, asumiendo de esta forma el deber de custodia, cuidado y mantenimiento en buenas condiciones de uso del ordenador. El \u201ccompromiso digital\u201d no se refiere \u00fanicamente a cuestiones t\u00e9cnicas e incluye otros aspectos como la colaboraci\u00f3n de los padres y las madres en la realizaci\u00f3n de las tareas propuestas por el profesorado, inculcar a los hijos e hijas la necesidad de tratar con respecto a todos los miembros de la comunidad educativa por Internet o favorecer el di\u00e1logo con ellos sobre su vida digital: las p\u00e1ginas que visita y las redes que frecuenta. Asimismo recoge los compromisos que adquiere el centro, que realizar\u00e1 seguimientos peri\u00f3dicos sobre los contenidos almacenados en los ordenadores y mantendr\u00e1 entrevistas con las familias.<\/p>\n<p>Durante la reuni\u00f3n, la consejera ha informado a los representantes de los padres y madres el calendario de entrega de los port\u00e1tiles, que entre enero y febrero comenzar\u00e1n a distribuirse en toda Andaluc\u00eda.<br \/><a href=\"http:\/\/www.juntadeandalucia.es\/educacion\/nav\/contenido.jsp?pag=\/Contenidos\/GabinetePrensa\/Notas_de_prensa\/2010\/Enero\/nota_prensa_080110_tic_ampa&amp;vismenu=0,0,1,1,1,1,0,0,0\"><span style=\"font-size:78%\">(Fuente: p\u00e1gina web de la Consejer\u00eda de Educaci\u00f3n)<\/span><\/a><\/div>\n","protected":false},"excerpt":{"rendered":"<p>Educaci\u00f3n elabora una gu\u00eda para las familias con consejos sobre el buen uso y cuidado de los port\u00e1tiles Mar Moreno se reuni\u00f3 con las asociaciones de padres y madres para informarles del calendario de distribuci\u00f3n de los equipos Viernes, 8 de enero de 2010 Mar Moreno con los representantes de Codapa, Ufapa Confapa La Consejer\u00eda [&hellip;]<\/p>\n","protected":false},"author":14154,"featured_media":0,"comment_status":"closed","ping_status":"open","sticky":false,"template":"","format":"standard","meta":{"_et_pb_use_builder":"","_et_pb_old_content":"","_et_gb_content_width":"","ngg_post_thumbnail":0,"footnotes":""},"categories":[16],"tags":[],"aioseo_notices":[],"_links":{"self":[{"href":"https:\/\/blogsaverroes.juntadeandalucia.es\/ceiplopedevegaalmeria\/wp-json\/wp\/v2\/posts\/1362"}],"collection":[{"href":"https:\/\/blogsaverroes.juntadeandalucia.es\/ceiplopedevegaalmeria\/wp-json\/wp\/v2\/posts"}],"about":[{"href":"https:\/\/blogsaverroes.juntadeandalucia.es\/ceiplopedevegaalmeria\/wp-json\/wp\/v2\/types\/post"}],"author":[{"embeddable":true,"href":"https:\/\/blogsaverroes.juntadeandalucia.es\/ceiplopedevegaalmeria\/wp-json\/wp\/v2\/users\/14154"}],"replies":[{"embeddable":true,"href":"https:\/\/blogsaverroes.juntadeandalucia.es\/ceiplopedevegaalmeria\/wp-json\/wp\/v2\/comments?post=1362"}],"version-history":[{"count":0,"href":"https:\/\/blogsaverroes.juntadeandalucia.es\/ceiplopedevegaalmeria\/wp-json\/wp\/v2\/posts\/1362\/revisions"}],"wp:attachment":[{"href":"https:\/\/blogsaverroes.juntadeandalucia.es\/ceiplopedevegaalmeria\/wp-json\/wp\/v2\/media?parent=1362"}],"wp:term":[{"taxonomy":"category","embeddable":true,"href":"https:\/\/blogsaverroes.juntadeandalucia.es\/ceiplopedevegaalmeria\/wp-json\/wp\/v2\/categories?post=1362"},{"taxonomy":"post_tag","embeddable":true,"href":"https:\/\/blogsaverroes.juntadeandalucia.es\/ceiplopedevegaalmeria\/wp-json\/wp\/v2\/tags?post=1362"}],"curies":[{"name":"wp","href":"https:\/\/api.w.org\/{rel}","templated":true}]}}