{"id":1384,"date":"2009-06-20T12:04:00","date_gmt":"2009-06-20T11:04:00","guid":{"rendered":"https:\/\/blogsaverroes.juntadeandalucia.es\/ceiplopedevegaalmeria\/imposicion-de-bandas-2003-2009\/"},"modified":"2009-06-20T12:04:00","modified_gmt":"2009-06-20T11:04:00","slug":"imposicion-de-bandas-2003-2009","status":"publish","type":"post","link":"https:\/\/blogsaverroes.juntadeandalucia.es\/ceiplopedevegaalmeria\/imposicion-de-bandas-2003-2009\/","title":{"rendered":"IMPOSICI\u00d3N DE BANDAS 2003-2009"},"content":{"rendered":"<p align=\"left\"><a href=\"http:\/\/2.bp.blogspot.com\/_rfu8bBCNQ-4\/SjzNd4MEbMI\/AAAAAAAAAck\/xVwqTuAxOSQ\/s1600-h\/S7000311.JPG\"><img decoding=\"async\" id=\"BLOGGER_PHOTO_ID_5349376370592214210\" alt=\"\" src=\"http:\/\/2.bp.blogspot.com\/_rfu8bBCNQ-4\/SjzNd4MEbMI\/AAAAAAAAAck\/xVwqTuAxOSQ\/s200\/S7000311.JPG\" border=\"0\" \/><\/a><\/p>\n<p align=\"justify\">El d\u00eda 19 de Junio, a partir de las 17:0 h, se celebr\u00f3 un emotivo acto de imposici\u00f3n de bandas y entrega de orlas al alumnado de 6\u00ba de primaria en el patio peque\u00f1o del colegio. Tambi\u00e9n fueron entregadas por unas menciones especiales a dos alumnos y dos alumnas que cursaron 6\u00ba de primaria en el curso anterior, como reconocimiento a su esfuerzo y dedicaci\u00f3n en sus estudios. Para ello fueron invitados a los tutores de \u00e9stos en el curso anterior: D. Miguel Aliaga y D\u00f1a. Dolores Moral.<a href=\"http:\/\/3.bp.blogspot.com\/_rfu8bBCNQ-4\/SjzK6aK_XXI\/AAAAAAAAAcU\/UR8NJsYkZX4\/s1600-h\/S7000309.JPG\"><img decoding=\"async\" id=\"BLOGGER_PHOTO_ID_5349373562215947634\" alt=\"\" src=\"http:\/\/3.bp.blogspot.com\/_rfu8bBCNQ-4\/SjzK6aK_XXI\/AAAAAAAAAcU\/UR8NJsYkZX4\/s200\/S7000309.JPG\" border=\"0\" \/><\/a><br \/>Los verdaderos protagonistas del discurso han sido los alumnos y alumnas de 6\u00ba. Lydia y Juan realizaron una simp\u00e1tica presentaci\u00f3n, a la que sigui\u00f3 un mensaje de bienvenida y presentaci\u00f3n de la directora.<\/p>\n<p>Las bandas fueron impuestas por los dos tutores de sexto, D. Juan Bar\u00f3n y D. Lu\u00eds Miguel Morales. Las orlas fueron entregadas por D. Miguel Arranz, presidente de la AMPA &#8220;La Arcadia&#8221;.<\/p>\n<p align=\"justify\">\n<p align=\"justify\">\n<p align=\"justify\">Se continu\u00f3 con actuaciones musicales:<br \/><em>Jos\u00e9 C\u00e1ceres Mar\u00edn (Saxo)<br \/>\u201cC\u00e9line Mandarine\u201d de Alain Cr\u00e9pin<br \/>\u201cSaxophonissimo\u201d de Andr\u00e9-Jean Dervaux<br \/><\/em><br \/>Gemma Caro Torralba(guitarra cl\u00e1sica)<br \/><em>\u201cPreludio BWV 1007\u201d de J.S. Bach<br \/>\u201cEstudio n\u00ba 15 de Fernando Sor\u201d<br \/>\u201cRosita\u201d de Francisco T\u00e1rrega<\/p>\n<p><\/em>Coro de 6\u00ba:<br \/><em>\u201cEl caracol mifasol\u201d de Ferrer Ferr\u00e1n<\/em> (Dirigido por D. Juan Bar\u00f3n)<br \/><a href=\"http:\/\/2.bp.blogspot.com\/_rfu8bBCNQ-4\/SjzMn5ro2tI\/AAAAAAAAAcc\/qNeqtjr7i98\/s1600-h\/foto+orla.JPG\"><img decoding=\"async\" id=\"BLOGGER_PHOTO_ID_5349375443280124626\" alt=\"\" src=\"http:\/\/2.bp.blogspot.com\/_rfu8bBCNQ-4\/SjzMn5ro2tI\/AAAAAAAAAcc\/qNeqtjr7i98\/s200\/foto+orla.JPG\" border=\"0\" \/><\/a><\/p>\n<p align=\"justify\">Im\u00e1genes de despedida que se proyectaron y que hicieron llorar a m\u00e1s de un padre y madres de los asistentes, tambi\u00e9n a alg\u00fan abuelo y abuela.<\/p>\n<p align=\"justify\">Hemos de destacar la gran participaci\u00f3n de las familias tanto en la asistencia como en la preparaci\u00f3n, colocaci\u00f3n y recogida de los elementos utilizados en decoraci\u00f3n, sillas, etc. Al final hubo una invitaci\u00f3n de la AMPA en el patio grande.<\/p>\n<p>Nuestro agradecimiento a todas las personas que han hecho posible que esta actividad se haya realizado con \u00e9xito y satisfacci\u00f3n para todos y todas.<\/p>\n<div align=\"justify\"><strong><span style=\"font-size:78%\"><a href=\"http:\/\/ceiplopedevega3c.blogspot.com\/\">(M\u00e1s informaci\u00f3n en el blog de tercer ciclo)<\/a><\/span><\/strong><\/div>\n","protected":false},"excerpt":{"rendered":"<p>El d\u00eda 19 de Junio, a partir de las 17:0 h, se celebr\u00f3 un emotivo acto de imposici\u00f3n de bandas y entrega de orlas al alumnado de 6\u00ba de primaria en el patio peque\u00f1o del colegio. Tambi\u00e9n fueron entregadas por unas menciones especiales a dos alumnos y dos alumnas que cursaron 6\u00ba de primaria en [&hellip;]<\/p>\n","protected":false},"author":14154,"featured_media":0,"comment_status":"closed","ping_status":"open","sticky":false,"template":"","format":"standard","meta":{"_et_pb_use_builder":"","_et_pb_old_content":"","_et_gb_content_width":"","ngg_post_thumbnail":0,"footnotes":""},"categories":[112],"tags":[],"aioseo_notices":[],"_links":{"self":[{"href":"https:\/\/blogsaverroes.juntadeandalucia.es\/ceiplopedevegaalmeria\/wp-json\/wp\/v2\/posts\/1384"}],"collection":[{"href":"https:\/\/blogsaverroes.juntadeandalucia.es\/ceiplopedevegaalmeria\/wp-json\/wp\/v2\/posts"}],"about":[{"href":"https:\/\/blogsaverroes.juntadeandalucia.es\/ceiplopedevegaalmeria\/wp-json\/wp\/v2\/types\/post"}],"author":[{"embeddable":true,"href":"https:\/\/blogsaverroes.juntadeandalucia.es\/ceiplopedevegaalmeria\/wp-json\/wp\/v2\/users\/14154"}],"replies":[{"embeddable":true,"href":"https:\/\/blogsaverroes.juntadeandalucia.es\/ceiplopedevegaalmeria\/wp-json\/wp\/v2\/comments?post=1384"}],"version-history":[{"count":0,"href":"https:\/\/blogsaverroes.juntadeandalucia.es\/ceiplopedevegaalmeria\/wp-json\/wp\/v2\/posts\/1384\/revisions"}],"wp:attachment":[{"href":"https:\/\/blogsaverroes.juntadeandalucia.es\/ceiplopedevegaalmeria\/wp-json\/wp\/v2\/media?parent=1384"}],"wp:term":[{"taxonomy":"category","embeddable":true,"href":"https:\/\/blogsaverroes.juntadeandalucia.es\/ceiplopedevegaalmeria\/wp-json\/wp\/v2\/categories?post=1384"},{"taxonomy":"post_tag","embeddable":true,"href":"https:\/\/blogsaverroes.juntadeandalucia.es\/ceiplopedevegaalmeria\/wp-json\/wp\/v2\/tags?post=1384"}],"curies":[{"name":"wp","href":"https:\/\/api.w.org\/{rel}","templated":true}]}}