{"id":760,"date":"2019-06-13T20:23:00","date_gmt":"2019-06-13T19:23:00","guid":{"rendered":"https:\/\/blogsaverroes.juntadeandalucia.es\/ceiplopedevegaalmeria\/querido-hijo-estas-readmitido\/"},"modified":"2019-06-13T20:23:00","modified_gmt":"2019-06-13T19:23:00","slug":"querido-hijo-estas-readmitido","status":"publish","type":"post","link":"https:\/\/blogsaverroes.juntadeandalucia.es\/ceiplopedevegaalmeria\/querido-hijo-estas-readmitido\/","title":{"rendered":"QUERIDO HIJO: EST\u00c1S READMITIDO"},"content":{"rendered":"<p>Han tenido lugar hoy las \u00faltimas representaciones de la obra &#8220;Querido hijo: est\u00e1s despedido&#8221; del Taller Lope Teatro. Hemos contado con la grata presencia de familiares de las participantes del taller, y nos han visitado tambi\u00e9n&nbsp; la maestra Encarna G\u00f3ngora y Ricardo Contreras del Centro de Profesorado (CEP) de Almer\u00eda.<br \/>Damos la enhorabuena a todas las chicas por su impresionante trabajo y por supuesto, Miguel, el protagonista de esta historia, es finalmente readmitido en su familia.<\/p>\n<p>&#8220;EL PERD\u00d3N DICE QUE TIENES OTRA OPORTUNIDAD DE COMENZAR DE NUEVO&#8221;<br \/>(Desmond Tutu &#8211; Premio Nobel de la Paz en 1984)<\/p>\n<div style=\"clear: both;text-align: center\"><a href=\"https:\/\/1.bp.blogspot.com\/-L_LszH6MkyM\/XQKiOVVQkxI\/AAAAAAAAICs\/wF38eRzwWmYaIM0j0-zmuqQfgBh0erIzwCLcBGAs\/s1600\/IMG_7031%2B-%2Bcopia.JPG\" style=\"margin-left: 1em;margin-right: 1em\"><img loading=\"lazy\" decoding=\"async\" border=\"0\" data-original-height=\"580\" data-original-width=\"1600\" height=\"232\" src=\"https:\/\/1.bp.blogspot.com\/-L_LszH6MkyM\/XQKiOVVQkxI\/AAAAAAAAICs\/wF38eRzwWmYaIM0j0-zmuqQfgBh0erIzwCLcBGAs\/s640\/IMG_7031%2B-%2Bcopia.JPG\" width=\"640\" \/><\/a><\/div>\n","protected":false},"excerpt":{"rendered":"<p>Han tenido lugar hoy las \u00faltimas representaciones de la obra &#8220;Querido hijo: est\u00e1s despedido&#8221; del Taller Lope Teatro. Hemos contado con la grata presencia de familiares de las participantes del taller, y nos han visitado tambi\u00e9n&nbsp; la maestra Encarna G\u00f3ngora y Ricardo Contreras del Centro de Profesorado (CEP) de Almer\u00eda.Damos la enhorabuena a todas las [&hellip;]<\/p>\n","protected":false},"author":14154,"featured_media":0,"comment_status":"closed","ping_status":"open","sticky":false,"template":"","format":"standard","meta":{"_et_pb_use_builder":"","_et_pb_old_content":"","_et_gb_content_width":"","ngg_post_thumbnail":0,"footnotes":""},"categories":[11,30,106,12],"tags":[],"aioseo_notices":[],"_links":{"self":[{"href":"https:\/\/blogsaverroes.juntadeandalucia.es\/ceiplopedevegaalmeria\/wp-json\/wp\/v2\/posts\/760"}],"collection":[{"href":"https:\/\/blogsaverroes.juntadeandalucia.es\/ceiplopedevegaalmeria\/wp-json\/wp\/v2\/posts"}],"about":[{"href":"https:\/\/blogsaverroes.juntadeandalucia.es\/ceiplopedevegaalmeria\/wp-json\/wp\/v2\/types\/post"}],"author":[{"embeddable":true,"href":"https:\/\/blogsaverroes.juntadeandalucia.es\/ceiplopedevegaalmeria\/wp-json\/wp\/v2\/users\/14154"}],"replies":[{"embeddable":true,"href":"https:\/\/blogsaverroes.juntadeandalucia.es\/ceiplopedevegaalmeria\/wp-json\/wp\/v2\/comments?post=760"}],"version-history":[{"count":0,"href":"https:\/\/blogsaverroes.juntadeandalucia.es\/ceiplopedevegaalmeria\/wp-json\/wp\/v2\/posts\/760\/revisions"}],"wp:attachment":[{"href":"https:\/\/blogsaverroes.juntadeandalucia.es\/ceiplopedevegaalmeria\/wp-json\/wp\/v2\/media?parent=760"}],"wp:term":[{"taxonomy":"category","embeddable":true,"href":"https:\/\/blogsaverroes.juntadeandalucia.es\/ceiplopedevegaalmeria\/wp-json\/wp\/v2\/categories?post=760"},{"taxonomy":"post_tag","embeddable":true,"href":"https:\/\/blogsaverroes.juntadeandalucia.es\/ceiplopedevegaalmeria\/wp-json\/wp\/v2\/tags?post=760"}],"curies":[{"name":"wp","href":"https:\/\/api.w.org\/{rel}","templated":true}]}}