{"id":904,"date":"2017-03-25T11:44:00","date_gmt":"2017-03-25T10:44:00","guid":{"rendered":"https:\/\/blogsaverroes.juntadeandalucia.es\/ceiplopedevegaalmeria\/crear-cuentos-para-compartirlos\/"},"modified":"2017-03-25T11:44:00","modified_gmt":"2017-03-25T10:44:00","slug":"crear-cuentos-para-compartirlos","status":"publish","type":"post","link":"https:\/\/blogsaverroes.juntadeandalucia.es\/ceiplopedevegaalmeria\/crear-cuentos-para-compartirlos\/","title":{"rendered":"Crear cuentos para compartirlos"},"content":{"rendered":"<p>Hoy s\u00e1bado se ha llevado a&nbsp; acabo el taller de creaci\u00f3n de cuentos organizado por la AMPA&nbsp; &#8220;La Arcadia&#8221; y dirigido por Irene Egea Criado (mam\u00e1 de una ni\u00f1a del cole). Con un original enfoque: son los\/as ni\u00f1os\/as los\/as que mandan y por tanto escriben su cuento. Han trabajado la identificaci\u00f3n de emociones, las partes de un cuento y han concluido con la lectura de los cuentos mediante la t\u00e9cnica del <span><a href=\"https:\/\/es.wikipedia.org\/wiki\/Kamishibai\" target=\"_blank\" rel=\"noopener noreferrer\"><em>kamishibai<\/em><\/a> <\/span><br \/>(+ info en el blog&nbsp; de la AMPA)<\/p>\n<div style=\"clear: both;text-align: center\"><a href=\"https:\/\/2.bp.blogspot.com\/-ojcwtx2QAv4\/WNZKAe4gLZI\/AAAAAAAAG4k\/CRWFKArLZTMjhnE07iguHS_STVUUniYNACLcB\/s1600\/DSC_0504.JPG\" style=\"margin-left: 1em;margin-right: 1em\"><img loading=\"lazy\" decoding=\"async\" border=\"0\" height=\"179\" src=\"https:\/\/2.bp.blogspot.com\/-ojcwtx2QAv4\/WNZKAe4gLZI\/AAAAAAAAG4k\/CRWFKArLZTMjhnE07iguHS_STVUUniYNACLcB\/s320\/DSC_0504.JPG\" width=\"320\" \/><\/a><\/div>\n<p><\/p>\n<div style=\"clear: both;text-align: center\"><a href=\"https:\/\/4.bp.blogspot.com\/-crhIlukFtK0\/WNZJ_dGBSaI\/AAAAAAAAG4g\/88oskL02VQ8eHh1w8jMUhPwGCPEFGmd_wCLcB\/s1600\/DSC_0505.JPG\" style=\"margin-left: 1em;margin-right: 1em\"><img loading=\"lazy\" decoding=\"async\" border=\"0\" height=\"320\" src=\"https:\/\/4.bp.blogspot.com\/-crhIlukFtK0\/WNZJ_dGBSaI\/AAAAAAAAG4g\/88oskL02VQ8eHh1w8jMUhPwGCPEFGmd_wCLcB\/s320\/DSC_0505.JPG\" width=\"179\" \/><\/a><\/div>\n<p><\/p>\n<div style=\"clear: both;text-align: center\"><a href=\"https:\/\/1.bp.blogspot.com\/-wr93HJx5Qsw\/WNZKBW4nY2I\/AAAAAAAAG4o\/MOXNAx9205stVg1uYgp0Ti17kZ_PCc0CwCLcB\/s1600\/DSC_0506.JPG\" style=\"margin-left: 1em;margin-right: 1em\"><img loading=\"lazy\" decoding=\"async\" border=\"0\" height=\"179\" src=\"https:\/\/1.bp.blogspot.com\/-wr93HJx5Qsw\/WNZKBW4nY2I\/AAAAAAAAG4o\/MOXNAx9205stVg1uYgp0Ti17kZ_PCc0CwCLcB\/s320\/DSC_0506.JPG\" width=\"320\" \/><\/a><\/div>\n<div style=\"text-align: center\"><\/div>\n","protected":false},"excerpt":{"rendered":"<p>Hoy s\u00e1bado se ha llevado a&nbsp; acabo el taller de creaci\u00f3n de cuentos organizado por la AMPA&nbsp; &#8220;La Arcadia&#8221; y dirigido por Irene Egea Criado (mam\u00e1 de una ni\u00f1a del cole). Con un original enfoque: son los\/as ni\u00f1os\/as los\/as que mandan y por tanto escriben su cuento. Han trabajado la identificaci\u00f3n de emociones, las partes [&hellip;]<\/p>\n","protected":false},"author":14154,"featured_media":0,"comment_status":"closed","ping_status":"open","sticky":false,"template":"","format":"standard","meta":{"_et_pb_use_builder":"","_et_pb_old_content":"","_et_gb_content_width":"","ngg_post_thumbnail":0,"footnotes":""},"categories":[58,30,43,105,108],"tags":[],"aioseo_notices":[],"_links":{"self":[{"href":"https:\/\/blogsaverroes.juntadeandalucia.es\/ceiplopedevegaalmeria\/wp-json\/wp\/v2\/posts\/904"}],"collection":[{"href":"https:\/\/blogsaverroes.juntadeandalucia.es\/ceiplopedevegaalmeria\/wp-json\/wp\/v2\/posts"}],"about":[{"href":"https:\/\/blogsaverroes.juntadeandalucia.es\/ceiplopedevegaalmeria\/wp-json\/wp\/v2\/types\/post"}],"author":[{"embeddable":true,"href":"https:\/\/blogsaverroes.juntadeandalucia.es\/ceiplopedevegaalmeria\/wp-json\/wp\/v2\/users\/14154"}],"replies":[{"embeddable":true,"href":"https:\/\/blogsaverroes.juntadeandalucia.es\/ceiplopedevegaalmeria\/wp-json\/wp\/v2\/comments?post=904"}],"version-history":[{"count":0,"href":"https:\/\/blogsaverroes.juntadeandalucia.es\/ceiplopedevegaalmeria\/wp-json\/wp\/v2\/posts\/904\/revisions"}],"wp:attachment":[{"href":"https:\/\/blogsaverroes.juntadeandalucia.es\/ceiplopedevegaalmeria\/wp-json\/wp\/v2\/media?parent=904"}],"wp:term":[{"taxonomy":"category","embeddable":true,"href":"https:\/\/blogsaverroes.juntadeandalucia.es\/ceiplopedevegaalmeria\/wp-json\/wp\/v2\/categories?post=904"},{"taxonomy":"post_tag","embeddable":true,"href":"https:\/\/blogsaverroes.juntadeandalucia.es\/ceiplopedevegaalmeria\/wp-json\/wp\/v2\/tags?post=904"}],"curies":[{"name":"wp","href":"https:\/\/api.w.org\/{rel}","templated":true}]}}