{"id":2349,"date":"2025-11-10T18:50:21","date_gmt":"2025-11-10T17:50:21","guid":{"rendered":"https:\/\/blogsaverroes.juntadeandalucia.es\/ceiplosalmendros\/?p=2349"},"modified":"2025-11-10T18:50:21","modified_gmt":"2025-11-10T17:50:21","slug":"emociones-con-alas","status":"publish","type":"post","link":"https:\/\/blogsaverroes.juntadeandalucia.es\/ceiplosalmendros\/emociones-con-alas\/","title":{"rendered":"Emociones con alas"},"content":{"rendered":"<p>El pasado 10 de octubre, con motivo del <strong>D\u00eda Mundial de la Salud Mental<\/strong>, nuestros alumnos y alumnas del primer ciclo disfrutaron de un \u00a0precioso teatro basado en el cuento <strong>\u00abOrejas de Mariposa\u00bb,<\/strong> una historia que habla de la autoestima y el valor de ser uno mismo.<\/p>\n<p style=\"text-align: left\">El alumnado disfrut\u00f3 de un teatro lleno de fantas\u00eda y sensibilidad, donde la protagonista nos ense\u00f1\u00f3 que todos somos \u00fanicos y que aquello que nos hace diferentes tambi\u00e9n nos hace especiales. Y as\u00ed, trav\u00e9s de sus orejas de mariposa, los m\u00e1s peque\u00f1os pudieron reflexionar sobre la importancia de quererse, respetarse y hablar de lo que sienten.<\/p>\n<p>Despu\u00e9s de la obra, dedicamos un tiempo a hablar de las emociones, sobre c\u00f3mo pedir ayuda cuando algo nos preocupa y sobre la importancia de cuidar nuestra mente y la de los dem\u00e1s, igual que cuidamos nuestro cuerpo. \u00a0Tambi\u00e9n, pintamos y decoramos \u00a0el pelo de Mara donde dejamos volar nuestra imaginaci\u00f3n y creatividad.<\/p>\n<p><img loading=\"lazy\" decoding=\"async\" class=\"alignnone size-medium wp-image-2353\" src=\"https:\/\/blogsaverroes.juntadeandalucia.es\/ceiplosalmendros\/files\/2025\/11\/WhatsApp-Image-2025-10-31-at-17.15.39-2-300x225.jpeg\" alt=\"\" width=\"300\" height=\"225\" srcset=\"https:\/\/blogsaverroes.juntadeandalucia.es\/ceiplosalmendros\/files\/2025\/11\/WhatsApp-Image-2025-10-31-at-17.15.39-2-300x225.jpeg 300w, https:\/\/blogsaverroes.juntadeandalucia.es\/ceiplosalmendros\/files\/2025\/11\/WhatsApp-Image-2025-10-31-at-17.15.39-2-1024x768.jpeg 1024w, https:\/\/blogsaverroes.juntadeandalucia.es\/ceiplosalmendros\/files\/2025\/11\/WhatsApp-Image-2025-10-31-at-17.15.39-2-768x576.jpeg 768w, https:\/\/blogsaverroes.juntadeandalucia.es\/ceiplosalmendros\/files\/2025\/11\/WhatsApp-Image-2025-10-31-at-17.15.39-2-1536x1152.jpeg 1536w, https:\/\/blogsaverroes.juntadeandalucia.es\/ceiplosalmendros\/files\/2025\/11\/WhatsApp-Image-2025-10-31-at-17.15.39-2.jpeg 1600w\" sizes=\"(max-width: 300px) 100vw, 300px\" \/> <img loading=\"lazy\" decoding=\"async\" class=\"alignnone size-medium wp-image-2354\" src=\"https:\/\/blogsaverroes.juntadeandalucia.es\/ceiplosalmendros\/files\/2025\/11\/WhatsApp-Image-2025-10-31-at-17.15.39-165x300.jpeg\" alt=\"\" width=\"165\" height=\"300\" srcset=\"https:\/\/blogsaverroes.juntadeandalucia.es\/ceiplosalmendros\/files\/2025\/11\/WhatsApp-Image-2025-10-31-at-17.15.39-165x300.jpeg 165w, https:\/\/blogsaverroes.juntadeandalucia.es\/ceiplosalmendros\/files\/2025\/11\/WhatsApp-Image-2025-10-31-at-17.15.39-563x1024.jpeg 563w, https:\/\/blogsaverroes.juntadeandalucia.es\/ceiplosalmendros\/files\/2025\/11\/WhatsApp-Image-2025-10-31-at-17.15.39-768x1397.jpeg 768w, https:\/\/blogsaverroes.juntadeandalucia.es\/ceiplosalmendros\/files\/2025\/11\/WhatsApp-Image-2025-10-31-at-17.15.39-844x1536.jpeg 844w, https:\/\/blogsaverroes.juntadeandalucia.es\/ceiplosalmendros\/files\/2025\/11\/WhatsApp-Image-2025-10-31-at-17.15.39.jpeg 879w\" sizes=\"(max-width: 165px) 100vw, 165px\" \/> <img loading=\"lazy\" decoding=\"async\" class=\"alignnone size-medium wp-image-2355\" src=\"https:\/\/blogsaverroes.juntadeandalucia.es\/ceiplosalmendros\/files\/2025\/11\/WhatsApp-Image-2025-10-31-at-17.15.39-3-300x233.jpeg\" alt=\"\" width=\"300\" height=\"233\" srcset=\"https:\/\/blogsaverroes.juntadeandalucia.es\/ceiplosalmendros\/files\/2025\/11\/WhatsApp-Image-2025-10-31-at-17.15.39-3-300x233.jpeg 300w, https:\/\/blogsaverroes.juntadeandalucia.es\/ceiplosalmendros\/files\/2025\/11\/WhatsApp-Image-2025-10-31-at-17.15.39-3-1024x796.jpeg 1024w, https:\/\/blogsaverroes.juntadeandalucia.es\/ceiplosalmendros\/files\/2025\/11\/WhatsApp-Image-2025-10-31-at-17.15.39-3-768x597.jpeg 768w, https:\/\/blogsaverroes.juntadeandalucia.es\/ceiplosalmendros\/files\/2025\/11\/WhatsApp-Image-2025-10-31-at-17.15.39-3-1536x1194.jpeg 1536w, https:\/\/blogsaverroes.juntadeandalucia.es\/ceiplosalmendros\/files\/2025\/11\/WhatsApp-Image-2025-10-31-at-17.15.39-3.jpeg 1544w\" sizes=\"(max-width: 300px) 100vw, 300px\" \/> <img loading=\"lazy\" decoding=\"async\" class=\"alignnone size-medium wp-image-2356\" src=\"https:\/\/blogsaverroes.juntadeandalucia.es\/ceiplosalmendros\/files\/2025\/11\/WhatsApp-Image-2025-10-31-at-17.15.39-4-300x111.jpeg\" alt=\"\" width=\"300\" height=\"111\" srcset=\"https:\/\/blogsaverroes.juntadeandalucia.es\/ceiplosalmendros\/files\/2025\/11\/WhatsApp-Image-2025-10-31-at-17.15.39-4-300x111.jpeg 300w, https:\/\/blogsaverroes.juntadeandalucia.es\/ceiplosalmendros\/files\/2025\/11\/WhatsApp-Image-2025-10-31-at-17.15.39-4-1024x380.jpeg 1024w, https:\/\/blogsaverroes.juntadeandalucia.es\/ceiplosalmendros\/files\/2025\/11\/WhatsApp-Image-2025-10-31-at-17.15.39-4-768x285.jpeg 768w, https:\/\/blogsaverroes.juntadeandalucia.es\/ceiplosalmendros\/files\/2025\/11\/WhatsApp-Image-2025-10-31-at-17.15.39-4-1536x570.jpeg 1536w, https:\/\/blogsaverroes.juntadeandalucia.es\/ceiplosalmendros\/files\/2025\/11\/WhatsApp-Image-2025-10-31-at-17.15.39-4-600x220.jpeg 600w, https:\/\/blogsaverroes.juntadeandalucia.es\/ceiplosalmendros\/files\/2025\/11\/WhatsApp-Image-2025-10-31-at-17.15.39-4.jpeg 1600w\" sizes=\"(max-width: 300px) 100vw, 300px\" \/><\/p>\n","protected":false},"excerpt":{"rendered":"<p>El pasado 10 de octubre, con motivo del D\u00eda Mundial de la Salud Mental, nuestros alumnos y alumnas del primer ciclo disfrutaron de un \u00a0precioso teatro basado en el cuento \u00abOrejas de Mariposa\u00bb, una historia que habla de la autoestima y el valor de ser uno mismo. El alumnado disfrut\u00f3 de un teatro lleno de &hellip; <a href=\"https:\/\/blogsaverroes.juntadeandalucia.es\/ceiplosalmendros\/emociones-con-alas\/\" class=\"more-link\">Seguir leyendo <span class=\"screen-reader-text\">Emociones con alas<\/span> <span class=\"meta-nav\">&rarr;<\/span><\/a><\/p>\n","protected":false},"author":21289,"featured_media":0,"comment_status":"open","ping_status":"open","sticky":false,"template":"","format":"image","meta":{"footnotes":""},"categories":[48,57],"tags":[],"aioseo_notices":[],"_links":{"self":[{"href":"https:\/\/blogsaverroes.juntadeandalucia.es\/ceiplosalmendros\/wp-json\/wp\/v2\/posts\/2349"}],"collection":[{"href":"https:\/\/blogsaverroes.juntadeandalucia.es\/ceiplosalmendros\/wp-json\/wp\/v2\/posts"}],"about":[{"href":"https:\/\/blogsaverroes.juntadeandalucia.es\/ceiplosalmendros\/wp-json\/wp\/v2\/types\/post"}],"author":[{"embeddable":true,"href":"https:\/\/blogsaverroes.juntadeandalucia.es\/ceiplosalmendros\/wp-json\/wp\/v2\/users\/21289"}],"replies":[{"embeddable":true,"href":"https:\/\/blogsaverroes.juntadeandalucia.es\/ceiplosalmendros\/wp-json\/wp\/v2\/comments?post=2349"}],"version-history":[{"count":3,"href":"https:\/\/blogsaverroes.juntadeandalucia.es\/ceiplosalmendros\/wp-json\/wp\/v2\/posts\/2349\/revisions"}],"predecessor-version":[{"id":2357,"href":"https:\/\/blogsaverroes.juntadeandalucia.es\/ceiplosalmendros\/wp-json\/wp\/v2\/posts\/2349\/revisions\/2357"}],"wp:attachment":[{"href":"https:\/\/blogsaverroes.juntadeandalucia.es\/ceiplosalmendros\/wp-json\/wp\/v2\/media?parent=2349"}],"wp:term":[{"taxonomy":"category","embeddable":true,"href":"https:\/\/blogsaverroes.juntadeandalucia.es\/ceiplosalmendros\/wp-json\/wp\/v2\/categories?post=2349"},{"taxonomy":"post_tag","embeddable":true,"href":"https:\/\/blogsaverroes.juntadeandalucia.es\/ceiplosalmendros\/wp-json\/wp\/v2\/tags?post=2349"}],"curies":[{"name":"wp","href":"https:\/\/api.w.org\/{rel}","templated":true}]}}