{"id":3814,"date":"2021-04-23T18:59:20","date_gmt":"2021-04-23T18:59:20","guid":{"rendered":"https:\/\/blogsaverroes.juntadeandalucia.es\/ceiploscalifas\/?p=3814"},"modified":"2021-04-25T09:15:14","modified_gmt":"2021-04-25T09:15:14","slug":"dia-internacional-del-libro","status":"publish","type":"post","link":"https:\/\/blogsaverroes.juntadeandalucia.es\/ceiploscalifas\/dia-internacional-del-libro\/","title":{"rendered":"23 de abril: D\u00eda Internacional del Libro"},"content":{"rendered":"<p style=\"text-align: justify\">Hoy, 23 de abril, se celebra el D\u00eda Internacional del Libro.<br \/>\nEn nuestro cole hace varios a\u00f1os que lo venimos haciendo con unas actividades de cuentacuentos por parte de las familias. En otras ocasiones, grupos de padres y madres han dramatizado y le\u00eddo cuentos en nuestro sal\u00f3n de actos, con nuestros peque\u00f1os como p\u00fablico.<!--more--><br \/>\nEra muy emocionante ver c\u00f3mo disfrutaban tanto el alumnado como los \u00abactores\u00bb que representaban los cuentos llenos de nervios e ilusi\u00f3n.<br \/>\nPero este curso, a\u00fan siendo tan extra\u00f1o, hemos vuelto a lograr que toda la comunidad educativa se implique en una celebraci\u00f3n tan importante para nosotros como es el D\u00eda del Libro.<br \/>\nPedimos a las familias que se grabaran contando alguna historia, cuento o poes\u00eda y la respuesta ha sido abrumadora.<br \/>\nNos han llegado tantos v\u00eddeos que los ni\u00f1os y ni\u00f1as de Los Califas han pasado unos momentos inolvidables. Han re\u00eddo, se han emocionado y han chillado cada vez que reconoc\u00edan a compa\u00f1eros y compa\u00f1eras y a numerosas familias.<br \/>\nQuer\u00edan verlos todos y, por supuesto, que a lo largo de varios d\u00edas, los van a ver, porque todas son historias motivadoras, llenas de valores y con grandes mensajes.<br \/>\nQueremos dar las gracias a todas las familias que han participado en la actividad, dedicando su tiempo, sus esfuerzos y su imaginaci\u00f3n a que el D\u00eda del Libro de nuestro cole vuelva a tener la esencia de otros a\u00f1os y sea un momento de implicaci\u00f3n de toda la comunidad.<\/p>\n<p style=\"text-align: center\">GRACIAS GRACIAS GRACIAS<\/p>\n<p>&nbsp;<\/p>\n<p><a href=\"https:\/\/blogsaverroes.juntadeandalucia.es\/ceiploscalifas\/files\/2021\/04\/dia-libro.jpg\"><img loading=\"lazy\" decoding=\"async\" class=\"aligncenter wp-image-3842 size-medium\" src=\"https:\/\/blogsaverroes.juntadeandalucia.es\/ceiploscalifas\/files\/2021\/04\/dia-libro-300x225.jpg\" alt=\"\" width=\"300\" height=\"225\" srcset=\"https:\/\/blogsaverroes.juntadeandalucia.es\/ceiploscalifas\/files\/2021\/04\/dia-libro-300x225.jpg 300w, https:\/\/blogsaverroes.juntadeandalucia.es\/ceiploscalifas\/files\/2021\/04\/dia-libro.jpg 728w\" sizes=\"(max-width: 300px) 100vw, 300px\" \/><\/a><\/p>\n","protected":false},"excerpt":{"rendered":"<p>Hoy, 23 de abril, se celebra el D\u00eda Internacional del Libro. En nuestro cole hace varios a\u00f1os que lo venimos haciendo con unas actividades de cuentacuentos por parte de las familias. En otras ocasiones,&#46;&#46;&#46;<\/p>\n","protected":false},"author":12087,"featured_media":3747,"comment_status":"open","ping_status":"open","sticky":false,"template":"","format":"standard","meta":{"ngg_post_thumbnail":0,"footnotes":""},"categories":[5991,784,2351701,26636,4956],"tags":[2351674,2351698,2351678,2351676],"aioseo_notices":[],"_links":{"self":[{"href":"https:\/\/blogsaverroes.juntadeandalucia.es\/ceiploscalifas\/wp-json\/wp\/v2\/posts\/3814"}],"collection":[{"href":"https:\/\/blogsaverroes.juntadeandalucia.es\/ceiploscalifas\/wp-json\/wp\/v2\/posts"}],"about":[{"href":"https:\/\/blogsaverroes.juntadeandalucia.es\/ceiploscalifas\/wp-json\/wp\/v2\/types\/post"}],"author":[{"embeddable":true,"href":"https:\/\/blogsaverroes.juntadeandalucia.es\/ceiploscalifas\/wp-json\/wp\/v2\/users\/12087"}],"replies":[{"embeddable":true,"href":"https:\/\/blogsaverroes.juntadeandalucia.es\/ceiploscalifas\/wp-json\/wp\/v2\/comments?post=3814"}],"version-history":[{"count":8,"href":"https:\/\/blogsaverroes.juntadeandalucia.es\/ceiploscalifas\/wp-json\/wp\/v2\/posts\/3814\/revisions"}],"predecessor-version":[{"id":3880,"href":"https:\/\/blogsaverroes.juntadeandalucia.es\/ceiploscalifas\/wp-json\/wp\/v2\/posts\/3814\/revisions\/3880"}],"wp:featuredmedia":[{"embeddable":true,"href":"https:\/\/blogsaverroes.juntadeandalucia.es\/ceiploscalifas\/wp-json\/wp\/v2\/media\/3747"}],"wp:attachment":[{"href":"https:\/\/blogsaverroes.juntadeandalucia.es\/ceiploscalifas\/wp-json\/wp\/v2\/media?parent=3814"}],"wp:term":[{"taxonomy":"category","embeddable":true,"href":"https:\/\/blogsaverroes.juntadeandalucia.es\/ceiploscalifas\/wp-json\/wp\/v2\/categories?post=3814"},{"taxonomy":"post_tag","embeddable":true,"href":"https:\/\/blogsaverroes.juntadeandalucia.es\/ceiploscalifas\/wp-json\/wp\/v2\/tags?post=3814"}],"curies":[{"name":"wp","href":"https:\/\/api.w.org\/{rel}","templated":true}]}}