{"id":4040,"date":"2021-04-13T13:00:08","date_gmt":"2021-04-13T13:00:08","guid":{"rendered":"https:\/\/blogsaverroes.juntadeandalucia.es\/ceiploscalifas\/?p=4040"},"modified":"2024-07-12T16:07:26","modified_gmt":"2024-07-12T16:07:26","slug":"relacion-baremada-del-alumnado-solicitante","status":"publish","type":"post","link":"https:\/\/blogsaverroes.juntadeandalucia.es\/ceiploscalifas\/relacion-baremada-del-alumnado-solicitante\/","title":{"rendered":"Relaci\u00f3n baremada del alumnado solicitante"},"content":{"rendered":"<p style=\"text-align: justify\"><strong>Se ha publicado en el Tabl\u00f3n de Anuncios de la Secretar\u00eda la relaci\u00f3n baremada de alumnos y alumnas solicitantes.&nbsp;<\/strong><!--more--><\/p>\n<p style=\"text-align: justify\"><strong><a href=\"https:\/\/blogsaverroes.juntadeandalucia.es\/ceiploscalifas\/files\/2021\/02\/escolarizacion-21-22.jpg\"><img loading=\"lazy\" decoding=\"async\" class=\" wp-image-3305 alignleft\" src=\"https:\/\/blogsaverroes.juntadeandalucia.es\/ceiploscalifas\/files\/2021\/02\/escolarizacion-21-22-300x186.jpg\" alt=\"\" width=\"219\" height=\"136\" srcset=\"https:\/\/blogsaverroes.juntadeandalucia.es\/ceiploscalifas\/files\/2021\/02\/escolarizacion-21-22-300x186.jpg 300w, https:\/\/blogsaverroes.juntadeandalucia.es\/ceiploscalifas\/files\/2021\/02\/escolarizacion-21-22.jpg 460w\" sizes=\"(max-width: 219px) 100vw, 219px\" \/><\/a><\/strong>Podr\u00e1 consultar el listado de alumnado que han solicitado nuestro centro como prioritario, la relaci\u00f3n baremada de alumnos y alumnas que han solicitado este centro como subsidiario y la puntuaci\u00f3n total en los centros elegidos como subsidiarios de los alumnos y alumnas que han solicitado nuestro centro como prioritario.<\/p>\n<p style=\"text-align: justify\"><strong><span style=\"color: #993300\">Las solicitudes del alumnado de Educaci\u00f3n Infantil y del alumnado de Educaci\u00f3n Primaria, salvo las de 6\u00ba, que ha solicitado el centro como prioritario no aparecen baremadas porque el n\u00famero de \u00abvacantes ofertadas\u00bb es igual o mayor que las \u00absolicitudes presentadas\u00bb.<\/span><\/strong><\/p>\n<p style=\"text-align: justify\">A partir de esta fecha, se abrir\u00e1 un plazo de 10 d\u00edas lectivos para la presentaci\u00f3n de alegaciones.<\/p>\n<p style=\"text-align: justify\">Puede consultar el baremo del proceso de admisi\u00f3n de su hijo o de su hija a trav\u00e9s del siguiente enlace, pinche <a href=\"https:\/\/www.juntadeandalucia.es\/educacion\/secretariavirtual\/accesoConsultas\/1059\/\" target=\"_blank\" rel=\"noopener noreferrer\">AQU\u00cd<\/a>.<\/p>\n<h3 style=\"text-align: justify\">&nbsp;<\/h3>\n","protected":false},"excerpt":{"rendered":"<p>Se ha publicado en el Tabl\u00f3n de Anuncios de la Secretar\u00eda la relaci\u00f3n baremada de alumnos y alumnas solicitantes.&nbsp;<\/p>\n","protected":false},"author":11387,"featured_media":3305,"comment_status":"open","ping_status":"open","sticky":false,"template":"","format":"standard","meta":{"ngg_post_thumbnail":0,"footnotes":""},"categories":[1000142,2351703],"tags":[8689],"aioseo_notices":[],"_links":{"self":[{"href":"https:\/\/blogsaverroes.juntadeandalucia.es\/ceiploscalifas\/wp-json\/wp\/v2\/posts\/4040"}],"collection":[{"href":"https:\/\/blogsaverroes.juntadeandalucia.es\/ceiploscalifas\/wp-json\/wp\/v2\/posts"}],"about":[{"href":"https:\/\/blogsaverroes.juntadeandalucia.es\/ceiploscalifas\/wp-json\/wp\/v2\/types\/post"}],"author":[{"embeddable":true,"href":"https:\/\/blogsaverroes.juntadeandalucia.es\/ceiploscalifas\/wp-json\/wp\/v2\/users\/11387"}],"replies":[{"embeddable":true,"href":"https:\/\/blogsaverroes.juntadeandalucia.es\/ceiploscalifas\/wp-json\/wp\/v2\/comments?post=4040"}],"version-history":[{"count":9,"href":"https:\/\/blogsaverroes.juntadeandalucia.es\/ceiploscalifas\/wp-json\/wp\/v2\/posts\/4040\/revisions"}],"predecessor-version":[{"id":4049,"href":"https:\/\/blogsaverroes.juntadeandalucia.es\/ceiploscalifas\/wp-json\/wp\/v2\/posts\/4040\/revisions\/4049"}],"wp:featuredmedia":[{"embeddable":true,"href":"https:\/\/blogsaverroes.juntadeandalucia.es\/ceiploscalifas\/wp-json\/wp\/v2\/media\/3305"}],"wp:attachment":[{"href":"https:\/\/blogsaverroes.juntadeandalucia.es\/ceiploscalifas\/wp-json\/wp\/v2\/media?parent=4040"}],"wp:term":[{"taxonomy":"category","embeddable":true,"href":"https:\/\/blogsaverroes.juntadeandalucia.es\/ceiploscalifas\/wp-json\/wp\/v2\/categories?post=4040"},{"taxonomy":"post_tag","embeddable":true,"href":"https:\/\/blogsaverroes.juntadeandalucia.es\/ceiploscalifas\/wp-json\/wp\/v2\/tags?post=4040"}],"curies":[{"name":"wp","href":"https:\/\/api.w.org\/{rel}","templated":true}]}}