{"id":6044,"date":"2022-07-22T17:00:09","date_gmt":"2022-07-22T17:00:09","guid":{"rendered":"https:\/\/blogsaverroes.juntadeandalucia.es\/ceiploscalifas\/?p=6044"},"modified":"2022-07-23T18:01:32","modified_gmt":"2022-07-23T18:01:32","slug":"6044-2","status":"publish","type":"post","link":"https:\/\/blogsaverroes.juntadeandalucia.es\/ceiploscalifas\/6044-2\/","title":{"rendered":"\u00daltima edici\u00f3n de Califas al d\u00eda. Junio 2022"},"content":{"rendered":"<p style=\"text-align: justify\"><a href=\"https:\/\/blogsaverroes.juntadeandalucia.es\/ceiploscalifas\/6044-2\/califas-al-dia-viii\/\" rel=\"attachment wp-att-6045\"><img loading=\"lazy\" decoding=\"async\" class=\"alignleft wp-image-6045\" src=\"https:\/\/blogsaverroes.juntadeandalucia.es\/ceiploscalifas\/files\/2022\/07\/Califas-al-d\u00eda-VIII.jpg\" alt=\"\" width=\"174\" height=\"240\"><\/a>Tras finalizar un intenso curso escolar, no se nos olvida la publicaci\u00f3n de una nueva edici\u00f3n de <strong>Califas al d\u00eda<\/strong>, nuestro peri\u00f3dico escolar, que divulga parte del trabajo llevado a cabo en el colegio durante los \u00faltimos meses de este curso. Se muestra as\u00ed un retrato de casi todo lo acontecido en nuestro cole hasta la llegada del verano.<!--more--><\/p>\n<p style=\"text-align: justify\">Os animamos a verlo en formato digital donde se aprecia el color de las diferentes producciones, dibujos, fotograf\u00edas&#8230; Tambi\u00e9n estar\u00e1 disponible, en el comienzo del nuevo curso, en nuestra biblioteca en formato papel.<\/p>\n<div style=\"text-align: center\">\n<div style=\"margin: 8px 0px 4px\"><a href=\"https:\/\/www.calameo.com\/books\/0065463803d04004b389d\" target=\"_blank\" rel=\"noopener noreferrer\">N\u00daMERO VIII. JUNIO 2022<\/a><\/div>\n<p><iframe loading=\"lazy\" src=\"\/\/v.calameo.com\/?bkcode=0065463803d04004b389d&amp;mode=mini\" width=\"480\" height=\"300\" frameborder=\"0\" scrolling=\"no\"><\/iframe><\/p>\n<div style=\"margin: 4px 0px 8px\"><a href=\"http:\/\/www.calameo.com\/\" target=\"_blank\" rel=\"noopener noreferrer\">Leer m\u00e1s publicaciones en Calam\u00e9o<\/a><\/div>\n<\/div>\n<p style=\"text-align: justify\">No queremos olvidar en estas l\u00edneas dar las gracias a todas las personas que han hecho posible la realidad de nuestro peri\u00f3dico escolar.&nbsp;<\/p>\n<p style=\"text-align: justify\">Esperamos que os guste.<\/p>\n","protected":false},"excerpt":{"rendered":"<p>Tras finalizar un intenso curso escolar, no se nos olvida la publicaci\u00f3n de una nueva edici\u00f3n de Califas al d\u00eda, nuestro peri\u00f3dico escolar, que divulga parte del trabajo llevado a cabo en el colegio&#46;&#46;&#46;<\/p>\n","protected":false},"author":11387,"featured_media":6045,"comment_status":"open","ping_status":"open","sticky":false,"template":"","format":"standard","meta":{"ngg_post_thumbnail":0,"footnotes":""},"categories":[5991,784,213,2351701,26636,4956,526,307438],"tags":[2351674,2351807,2351682],"aioseo_notices":[],"_links":{"self":[{"href":"https:\/\/blogsaverroes.juntadeandalucia.es\/ceiploscalifas\/wp-json\/wp\/v2\/posts\/6044"}],"collection":[{"href":"https:\/\/blogsaverroes.juntadeandalucia.es\/ceiploscalifas\/wp-json\/wp\/v2\/posts"}],"about":[{"href":"https:\/\/blogsaverroes.juntadeandalucia.es\/ceiploscalifas\/wp-json\/wp\/v2\/types\/post"}],"author":[{"embeddable":true,"href":"https:\/\/blogsaverroes.juntadeandalucia.es\/ceiploscalifas\/wp-json\/wp\/v2\/users\/11387"}],"replies":[{"embeddable":true,"href":"https:\/\/blogsaverroes.juntadeandalucia.es\/ceiploscalifas\/wp-json\/wp\/v2\/comments?post=6044"}],"version-history":[{"count":3,"href":"https:\/\/blogsaverroes.juntadeandalucia.es\/ceiploscalifas\/wp-json\/wp\/v2\/posts\/6044\/revisions"}],"predecessor-version":[{"id":6048,"href":"https:\/\/blogsaverroes.juntadeandalucia.es\/ceiploscalifas\/wp-json\/wp\/v2\/posts\/6044\/revisions\/6048"}],"wp:featuredmedia":[{"embeddable":true,"href":"https:\/\/blogsaverroes.juntadeandalucia.es\/ceiploscalifas\/wp-json\/wp\/v2\/media\/6045"}],"wp:attachment":[{"href":"https:\/\/blogsaverroes.juntadeandalucia.es\/ceiploscalifas\/wp-json\/wp\/v2\/media?parent=6044"}],"wp:term":[{"taxonomy":"category","embeddable":true,"href":"https:\/\/blogsaverroes.juntadeandalucia.es\/ceiploscalifas\/wp-json\/wp\/v2\/categories?post=6044"},{"taxonomy":"post_tag","embeddable":true,"href":"https:\/\/blogsaverroes.juntadeandalucia.es\/ceiploscalifas\/wp-json\/wp\/v2\/tags?post=6044"}],"curies":[{"name":"wp","href":"https:\/\/api.w.org\/{rel}","templated":true}]}}