{"id":6266,"date":"2022-12-15T12:50:33","date_gmt":"2022-12-15T12:50:33","guid":{"rendered":"https:\/\/blogsaverroes.juntadeandalucia.es\/ceiploscalifas\/?p=6266"},"modified":"2022-12-15T12:50:33","modified_gmt":"2022-12-15T12:50:33","slug":"visitamos-belenes","status":"publish","type":"post","link":"https:\/\/blogsaverroes.juntadeandalucia.es\/ceiploscalifas\/visitamos-belenes\/","title":{"rendered":"Visitamos Belenes"},"content":{"rendered":"<p>En esta semana, los alumnos del Ceip \u00abLos Califas\u00bb han visitado el bel\u00e9n de la asociaci\u00f3n de vecinos de Levante y la iglesia de Nuestra Se\u00f1ora de Bel\u00e9n, donde con mucho gusto nos ha recibido su p\u00e1rroco D. Juan Jos\u00e9 por segundo a\u00f1o consecutivo.<br \/>\n\u00c9l nos ha explicado adem\u00e1s de ver el bel\u00e9n, distintos aspectos de la parroquia y modos de actuar en ella: c\u00f3mo saludar al llegar a la iglesia y manera de estar en ella.<br \/>\nAdem\u00e1s, hemos tenido la suerte de poder ver una reliquia traida de Roma del pesebre donde naci\u00f3 el ni\u00f1o Jes\u00fas.<br \/>\nGracias tanto a la Asociaci\u00f3n como a la parroquia por hacer posibles estas visitas.<\/p>\nngg_shortcode_0_placeholder\n","protected":false},"excerpt":{"rendered":"<p>En esta semana, los alumnos del Ceip \u00abLos Califas\u00bb han visitado el bel\u00e9n de la asociaci\u00f3n de vecinos de Levante y la iglesia de Nuestra Se\u00f1ora de Bel\u00e9n, donde con mucho gusto nos ha&#46;&#46;&#46;<\/p>\n","protected":false},"author":11780,"featured_media":4773,"comment_status":"open","ping_status":"open","sticky":false,"template":"","format":"standard","meta":{"ngg_post_thumbnail":0,"footnotes":""},"categories":[5991,784,26636,2351781,2351791],"tags":[2351715,2351652,2351698,2351782,2351675],"aioseo_notices":[],"_links":{"self":[{"href":"https:\/\/blogsaverroes.juntadeandalucia.es\/ceiploscalifas\/wp-json\/wp\/v2\/posts\/6266"}],"collection":[{"href":"https:\/\/blogsaverroes.juntadeandalucia.es\/ceiploscalifas\/wp-json\/wp\/v2\/posts"}],"about":[{"href":"https:\/\/blogsaverroes.juntadeandalucia.es\/ceiploscalifas\/wp-json\/wp\/v2\/types\/post"}],"author":[{"embeddable":true,"href":"https:\/\/blogsaverroes.juntadeandalucia.es\/ceiploscalifas\/wp-json\/wp\/v2\/users\/11780"}],"replies":[{"embeddable":true,"href":"https:\/\/blogsaverroes.juntadeandalucia.es\/ceiploscalifas\/wp-json\/wp\/v2\/comments?post=6266"}],"version-history":[{"count":1,"href":"https:\/\/blogsaverroes.juntadeandalucia.es\/ceiploscalifas\/wp-json\/wp\/v2\/posts\/6266\/revisions"}],"predecessor-version":[{"id":6278,"href":"https:\/\/blogsaverroes.juntadeandalucia.es\/ceiploscalifas\/wp-json\/wp\/v2\/posts\/6266\/revisions\/6278"}],"wp:featuredmedia":[{"embeddable":true,"href":"https:\/\/blogsaverroes.juntadeandalucia.es\/ceiploscalifas\/wp-json\/wp\/v2\/media\/4773"}],"wp:attachment":[{"href":"https:\/\/blogsaverroes.juntadeandalucia.es\/ceiploscalifas\/wp-json\/wp\/v2\/media?parent=6266"}],"wp:term":[{"taxonomy":"category","embeddable":true,"href":"https:\/\/blogsaverroes.juntadeandalucia.es\/ceiploscalifas\/wp-json\/wp\/v2\/categories?post=6266"},{"taxonomy":"post_tag","embeddable":true,"href":"https:\/\/blogsaverroes.juntadeandalucia.es\/ceiploscalifas\/wp-json\/wp\/v2\/tags?post=6266"}],"curies":[{"name":"wp","href":"https:\/\/api.w.org\/{rel}","templated":true}]}}