{"id":7307,"date":"2023-11-24T14:35:48","date_gmt":"2023-11-24T14:35:48","guid":{"rendered":"https:\/\/blogsaverroes.juntadeandalucia.es\/ceiploscalifas\/?p=7307"},"modified":"2024-01-11T12:27:16","modified_gmt":"2024-01-11T12:27:16","slug":"25n-ni-una-mas","status":"publish","type":"post","link":"https:\/\/blogsaverroes.juntadeandalucia.es\/ceiploscalifas\/25n-ni-una-mas\/","title":{"rendered":"25N: Ni una m\u00e1s"},"content":{"rendered":"<p style=\"text-align: justify\">El 25 de noviembre, se celebra el D\u00eda Internacional de la Eliminaci\u00f3n la Violencia contra la Mujer, en nuestro centro educativo durante la presente semana, todas las ni\u00f1as y ni\u00f1os del cole, desde primero hasta sexto incluida nuestra aula espec\u00edfica, junto con el profesorado hemos participado activamente en las activiadades realizadas para conmemorar esta lucha por eliminar esta forma de violencia.<\/p>\n<p style=\"text-align: justify\">Desde las tutor\u00edas se ha trabajado la tem\u00e1tica, a trav\u00e9s del an\u00e1lisis del cuento el tej\u00f3n y la tejona.<\/p>\n<p style=\"text-align: justify\">El lema de este a\u00f1o ha sido \u201cNI UNA M\u00c1S\u201d, escogiendo como canci\u00f3n la que tiene el mismo t\u00edtulo de Aitana, hemos aprendido la canci\u00f3n, reflexionando sobre el contenido de \u00e9sta.<\/p>\n<p style=\"text-align: justify\">La canci\u00f3n ha sido escuchada durante varios momentos de la jornada escolar: entrada al colegio, entrada y salida al recreo y salida del cole.<\/p>\n<p style=\"text-align: justify\">Todas las actividades han culminidado en la realizaci\u00f3n de una mano de color violeta junto con su antrebrazo, donde el alumnado ha escrito mensajes de apoyo y de \u00e1nimo, colore\u00e1ndolo libremente. Las manos las hemos pegado en un camino todas se\u00f1alando nuestro lema.<\/p>\n<p style=\"text-align: justify\">A continuaci\u00f3n os dejamos unas fotograf\u00edas del trabajo realizado.<\/p>\n<p>ngg_shortcode_0_placeholder<br \/>\n&nbsp;<\/p>\n","protected":false},"excerpt":{"rendered":"<p>El 25 de noviembre, se celebra el D\u00eda Internacional de la Eliminaci\u00f3n la Violencia contra la Mujer, en nuestro centro educativo durante la presente semana, todas las ni\u00f1as y ni\u00f1os del cole, desde primero&#46;&#46;&#46;<\/p>\n","protected":false},"author":11387,"featured_media":7340,"comment_status":"open","ping_status":"open","sticky":false,"template":"","format":"standard","meta":{"ngg_post_thumbnail":0,"footnotes":""},"categories":[5991,784,2351826,2351721],"tags":[2351671,2351672,2351827,2351787],"aioseo_notices":[],"_links":{"self":[{"href":"https:\/\/blogsaverroes.juntadeandalucia.es\/ceiploscalifas\/wp-json\/wp\/v2\/posts\/7307"}],"collection":[{"href":"https:\/\/blogsaverroes.juntadeandalucia.es\/ceiploscalifas\/wp-json\/wp\/v2\/posts"}],"about":[{"href":"https:\/\/blogsaverroes.juntadeandalucia.es\/ceiploscalifas\/wp-json\/wp\/v2\/types\/post"}],"author":[{"embeddable":true,"href":"https:\/\/blogsaverroes.juntadeandalucia.es\/ceiploscalifas\/wp-json\/wp\/v2\/users\/11387"}],"replies":[{"embeddable":true,"href":"https:\/\/blogsaverroes.juntadeandalucia.es\/ceiploscalifas\/wp-json\/wp\/v2\/comments?post=7307"}],"version-history":[{"count":9,"href":"https:\/\/blogsaverroes.juntadeandalucia.es\/ceiploscalifas\/wp-json\/wp\/v2\/posts\/7307\/revisions"}],"predecessor-version":[{"id":7342,"href":"https:\/\/blogsaverroes.juntadeandalucia.es\/ceiploscalifas\/wp-json\/wp\/v2\/posts\/7307\/revisions\/7342"}],"wp:featuredmedia":[{"embeddable":true,"href":"https:\/\/blogsaverroes.juntadeandalucia.es\/ceiploscalifas\/wp-json\/wp\/v2\/media\/7340"}],"wp:attachment":[{"href":"https:\/\/blogsaverroes.juntadeandalucia.es\/ceiploscalifas\/wp-json\/wp\/v2\/media?parent=7307"}],"wp:term":[{"taxonomy":"category","embeddable":true,"href":"https:\/\/blogsaverroes.juntadeandalucia.es\/ceiploscalifas\/wp-json\/wp\/v2\/categories?post=7307"},{"taxonomy":"post_tag","embeddable":true,"href":"https:\/\/blogsaverroes.juntadeandalucia.es\/ceiploscalifas\/wp-json\/wp\/v2\/tags?post=7307"}],"curies":[{"name":"wp","href":"https:\/\/api.w.org\/{rel}","templated":true}]}}