{"id":7863,"date":"2024-10-17T14:52:31","date_gmt":"2024-10-17T14:52:31","guid":{"rendered":"https:\/\/blogsaverroes.juntadeandalucia.es\/ceiploscalifas\/?p=7863"},"modified":"2024-10-17T14:52:31","modified_gmt":"2024-10-17T14:52:31","slug":"menu-del-comedor-escolar","status":"publish","type":"post","link":"https:\/\/blogsaverroes.juntadeandalucia.es\/ceiploscalifas\/menu-del-comedor-escolar\/","title":{"rendered":"Men\u00fa del comedor escolar"},"content":{"rendered":"<p>Se adjunta men\u00fa del comedor escolar para las pr\u00f3ximas semanas (del 21 de octubre al 15 de noviembre)<\/p>\n<p><a href=\"https:\/\/blogsaverroes.juntadeandalucia.es\/ceiploscalifas\/menu-del-comedor-escolar\/menu-basal-l-fria-mc-inf2-oct-nov\/\" rel=\"attachment wp-att-7864\"><img loading=\"lazy\" decoding=\"async\" class=\"size-thumbnail wp-image-7864 aligncenter\" src=\"https:\/\/blogsaverroes.juntadeandalucia.es\/ceiploscalifas\/files\/2024\/10\/menu-basal-l.fria-mc-inf2-oct-nov-150x150.jpg\" alt=\"\" width=\"150\" height=\"150\"><\/a><a href=\"https:\/\/blogsaverroes.juntadeandalucia.es\/ceiploscalifas\/menu-del-comedor-escolar\/menu-basal-l-fria-mc-inf2-oct-nov\/\" rel=\"attachment wp-att-7864\"><br \/>\n<\/a><\/p>\n","protected":false},"excerpt":{"rendered":"<p>Se adjunta men\u00fa del comedor escolar para las pr\u00f3ximas semanas (del 21 de octubre al 15 de noviembre)<\/p>\n","protected":false},"author":11387,"featured_media":7843,"comment_status":"open","ping_status":"open","sticky":false,"template":"","format":"standard","meta":{"ngg_post_thumbnail":0,"footnotes":""},"categories":[11909],"tags":[],"aioseo_notices":[],"_links":{"self":[{"href":"https:\/\/blogsaverroes.juntadeandalucia.es\/ceiploscalifas\/wp-json\/wp\/v2\/posts\/7863"}],"collection":[{"href":"https:\/\/blogsaverroes.juntadeandalucia.es\/ceiploscalifas\/wp-json\/wp\/v2\/posts"}],"about":[{"href":"https:\/\/blogsaverroes.juntadeandalucia.es\/ceiploscalifas\/wp-json\/wp\/v2\/types\/post"}],"author":[{"embeddable":true,"href":"https:\/\/blogsaverroes.juntadeandalucia.es\/ceiploscalifas\/wp-json\/wp\/v2\/users\/11387"}],"replies":[{"embeddable":true,"href":"https:\/\/blogsaverroes.juntadeandalucia.es\/ceiploscalifas\/wp-json\/wp\/v2\/comments?post=7863"}],"version-history":[{"count":3,"href":"https:\/\/blogsaverroes.juntadeandalucia.es\/ceiploscalifas\/wp-json\/wp\/v2\/posts\/7863\/revisions"}],"predecessor-version":[{"id":7867,"href":"https:\/\/blogsaverroes.juntadeandalucia.es\/ceiploscalifas\/wp-json\/wp\/v2\/posts\/7863\/revisions\/7867"}],"wp:featuredmedia":[{"embeddable":true,"href":"https:\/\/blogsaverroes.juntadeandalucia.es\/ceiploscalifas\/wp-json\/wp\/v2\/media\/7843"}],"wp:attachment":[{"href":"https:\/\/blogsaverroes.juntadeandalucia.es\/ceiploscalifas\/wp-json\/wp\/v2\/media?parent=7863"}],"wp:term":[{"taxonomy":"category","embeddable":true,"href":"https:\/\/blogsaverroes.juntadeandalucia.es\/ceiploscalifas\/wp-json\/wp\/v2\/categories?post=7863"},{"taxonomy":"post_tag","embeddable":true,"href":"https:\/\/blogsaverroes.juntadeandalucia.es\/ceiploscalifas\/wp-json\/wp\/v2\/tags?post=7863"}],"curies":[{"name":"wp","href":"https:\/\/api.w.org\/{rel}","templated":true}]}}