{"id":8203,"date":"2025-02-10T14:54:02","date_gmt":"2025-02-10T14:54:02","guid":{"rendered":"https:\/\/blogsaverroes.juntadeandalucia.es\/ceiploscalifas\/?p=8203"},"modified":"2025-02-12T15:07:28","modified_gmt":"2025-02-12T15:07:28","slug":"conectados-pero-protegidos","status":"publish","type":"post","link":"https:\/\/blogsaverroes.juntadeandalucia.es\/ceiploscalifas\/conectados-pero-protegidos\/","title":{"rendered":"\u00a1Conectados pero protegidos!"},"content":{"rendered":"<p data-sourcepos=\"3:1-3:224\">Con el objetivo de crear conciencia sobre los peligros que acechan en internet, los alumnos de 5\u00ba de Primaria del colegio han participado en la charla \u00abLos Guardianes de la Red\u00bb, impartida por agentes de la Polic\u00eda Nacional.<\/p>\n<p data-sourcepos=\"5:1-5:387\">Durante la sesi\u00f3n, los estudiantes aprendieron sobre los riesgos asociados al mal uso de internet, incluyendo el <em>grooming<\/em>), <em>sexting<\/em>, el ciberacoso y la suplantaci\u00f3n de identidad. Los agentes explicaron c\u00f3mo identificar estas situaciones y qu\u00e9 medidas tomar para protegerse a s\u00ed mismos y a sus compa\u00f1eros.<\/p>\n<p data-sourcepos=\"7:1-7:268\">La charla forma parte de una iniciativa de la Polic\u00eda Nacional para educar a los j\u00f3venes sobre el uso seguro y responsable de internet. Se espera que los conocimientos adquiridos ayuden a los alumnos a desenvolverse en el mundo digital de manera informada y precavida.<a href=\"https:\/\/blogsaverroes.juntadeandalucia.es\/ceiploscalifas\/conectados-pero-protegidos\/477301342_1116442147159207_669356415492215545_n\/\" rel=\"attachment wp-att-8207\"><img loading=\"lazy\" decoding=\"async\" class=\"alignleft size-large wp-image-8207\" src=\"https:\/\/blogsaverroes.juntadeandalucia.es\/ceiploscalifas\/files\/2025\/02\/477301342_1116442147159207_669356415492215545_n-1024x768.jpg\" alt=\"\" width=\"658\" height=\"494\" srcset=\"https:\/\/blogsaverroes.juntadeandalucia.es\/ceiploscalifas\/files\/2025\/02\/477301342_1116442147159207_669356415492215545_n-1024x768.jpg 1024w, https:\/\/blogsaverroes.juntadeandalucia.es\/ceiploscalifas\/files\/2025\/02\/477301342_1116442147159207_669356415492215545_n-300x225.jpg 300w, https:\/\/blogsaverroes.juntadeandalucia.es\/ceiploscalifas\/files\/2025\/02\/477301342_1116442147159207_669356415492215545_n-768x576.jpg 768w, https:\/\/blogsaverroes.juntadeandalucia.es\/ceiploscalifas\/files\/2025\/02\/477301342_1116442147159207_669356415492215545_n-1536x1152.jpg 1536w, https:\/\/blogsaverroes.juntadeandalucia.es\/ceiploscalifas\/files\/2025\/02\/477301342_1116442147159207_669356415492215545_n.jpg 1600w\" sizes=\"(max-width: 658px) 100vw, 658px\" \/><\/a> <a href=\"https:\/\/blogsaverroes.juntadeandalucia.es\/ceiploscalifas\/conectados-pero-protegidos\/477014026_1116441863825902_385760351278514034_n\/\" rel=\"attachment wp-att-8206\"><img loading=\"lazy\" decoding=\"async\" class=\"alignleft size-large wp-image-8206\" src=\"https:\/\/blogsaverroes.juntadeandalucia.es\/ceiploscalifas\/files\/2025\/02\/477014026_1116441863825902_385760351278514034_n-1024x768.jpg\" alt=\"\" width=\"658\" height=\"494\" srcset=\"https:\/\/blogsaverroes.juntadeandalucia.es\/ceiploscalifas\/files\/2025\/02\/477014026_1116441863825902_385760351278514034_n-1024x768.jpg 1024w, https:\/\/blogsaverroes.juntadeandalucia.es\/ceiploscalifas\/files\/2025\/02\/477014026_1116441863825902_385760351278514034_n-300x225.jpg 300w, https:\/\/blogsaverroes.juntadeandalucia.es\/ceiploscalifas\/files\/2025\/02\/477014026_1116441863825902_385760351278514034_n-768x576.jpg 768w, https:\/\/blogsaverroes.juntadeandalucia.es\/ceiploscalifas\/files\/2025\/02\/477014026_1116441863825902_385760351278514034_n.jpg 1280w\" sizes=\"(max-width: 658px) 100vw, 658px\" \/><\/a> <a href=\"https:\/\/blogsaverroes.juntadeandalucia.es\/ceiploscalifas\/conectados-pero-protegidos\/476797573_1116442317159190_8400456238684079511_n\/\" rel=\"attachment wp-att-8205\"><img loading=\"lazy\" decoding=\"async\" class=\"alignleft size-large wp-image-8205\" src=\"https:\/\/blogsaverroes.juntadeandalucia.es\/ceiploscalifas\/files\/2025\/02\/476797573_1116442317159190_8400456238684079511_n-1024x768.jpg\" alt=\"\" width=\"658\" height=\"494\" srcset=\"https:\/\/blogsaverroes.juntadeandalucia.es\/ceiploscalifas\/files\/2025\/02\/476797573_1116442317159190_8400456238684079511_n-1024x768.jpg 1024w, https:\/\/blogsaverroes.juntadeandalucia.es\/ceiploscalifas\/files\/2025\/02\/476797573_1116442317159190_8400456238684079511_n-300x225.jpg 300w, https:\/\/blogsaverroes.juntadeandalucia.es\/ceiploscalifas\/files\/2025\/02\/476797573_1116442317159190_8400456238684079511_n-768x576.jpg 768w, https:\/\/blogsaverroes.juntadeandalucia.es\/ceiploscalifas\/files\/2025\/02\/476797573_1116442317159190_8400456238684079511_n-1536x1152.jpg 1536w, https:\/\/blogsaverroes.juntadeandalucia.es\/ceiploscalifas\/files\/2025\/02\/476797573_1116442317159190_8400456238684079511_n.jpg 1600w\" sizes=\"(max-width: 658px) 100vw, 658px\" \/><\/a> <a href=\"https:\/\/blogsaverroes.juntadeandalucia.es\/ceiploscalifas\/conectados-pero-protegidos\/476311334_1116442240492531_699888193567288326_n\/\" rel=\"attachment wp-att-8204\"><img loading=\"lazy\" decoding=\"async\" class=\"alignleft size-large wp-image-8204\" src=\"https:\/\/blogsaverroes.juntadeandalucia.es\/ceiploscalifas\/files\/2025\/02\/476311334_1116442240492531_699888193567288326_n-1024x768.jpg\" alt=\"\" width=\"658\" height=\"494\" srcset=\"https:\/\/blogsaverroes.juntadeandalucia.es\/ceiploscalifas\/files\/2025\/02\/476311334_1116442240492531_699888193567288326_n-1024x768.jpg 1024w, https:\/\/blogsaverroes.juntadeandalucia.es\/ceiploscalifas\/files\/2025\/02\/476311334_1116442240492531_699888193567288326_n-300x225.jpg 300w, https:\/\/blogsaverroes.juntadeandalucia.es\/ceiploscalifas\/files\/2025\/02\/476311334_1116442240492531_699888193567288326_n-768x576.jpg 768w, https:\/\/blogsaverroes.juntadeandalucia.es\/ceiploscalifas\/files\/2025\/02\/476311334_1116442240492531_699888193567288326_n-1536x1152.jpg 1536w, https:\/\/blogsaverroes.juntadeandalucia.es\/ceiploscalifas\/files\/2025\/02\/476311334_1116442240492531_699888193567288326_n.jpg 1600w\" sizes=\"(max-width: 658px) 100vw, 658px\" \/><\/a><\/p>\n","protected":false},"excerpt":{"rendered":"<p>Con el objetivo de crear conciencia sobre los peligros que acechan en internet, los alumnos de 5\u00ba de Primaria del colegio han participado en la charla \u00abLos Guardianes de la Red\u00bb, impartida por agentes&#46;&#46;&#46;<\/p>\n","protected":false},"author":11387,"featured_media":8208,"comment_status":"open","ping_status":"open","sticky":false,"template":"","format":"standard","meta":{"ngg_post_thumbnail":0,"footnotes":""},"categories":[11909],"tags":[],"aioseo_notices":[],"_links":{"self":[{"href":"https:\/\/blogsaverroes.juntadeandalucia.es\/ceiploscalifas\/wp-json\/wp\/v2\/posts\/8203"}],"collection":[{"href":"https:\/\/blogsaverroes.juntadeandalucia.es\/ceiploscalifas\/wp-json\/wp\/v2\/posts"}],"about":[{"href":"https:\/\/blogsaverroes.juntadeandalucia.es\/ceiploscalifas\/wp-json\/wp\/v2\/types\/post"}],"author":[{"embeddable":true,"href":"https:\/\/blogsaverroes.juntadeandalucia.es\/ceiploscalifas\/wp-json\/wp\/v2\/users\/11387"}],"replies":[{"embeddable":true,"href":"https:\/\/blogsaverroes.juntadeandalucia.es\/ceiploscalifas\/wp-json\/wp\/v2\/comments?post=8203"}],"version-history":[{"count":2,"href":"https:\/\/blogsaverroes.juntadeandalucia.es\/ceiploscalifas\/wp-json\/wp\/v2\/posts\/8203\/revisions"}],"predecessor-version":[{"id":8210,"href":"https:\/\/blogsaverroes.juntadeandalucia.es\/ceiploscalifas\/wp-json\/wp\/v2\/posts\/8203\/revisions\/8210"}],"wp:featuredmedia":[{"embeddable":true,"href":"https:\/\/blogsaverroes.juntadeandalucia.es\/ceiploscalifas\/wp-json\/wp\/v2\/media\/8208"}],"wp:attachment":[{"href":"https:\/\/blogsaverroes.juntadeandalucia.es\/ceiploscalifas\/wp-json\/wp\/v2\/media?parent=8203"}],"wp:term":[{"taxonomy":"category","embeddable":true,"href":"https:\/\/blogsaverroes.juntadeandalucia.es\/ceiploscalifas\/wp-json\/wp\/v2\/categories?post=8203"},{"taxonomy":"post_tag","embeddable":true,"href":"https:\/\/blogsaverroes.juntadeandalucia.es\/ceiploscalifas\/wp-json\/wp\/v2\/tags?post=8203"}],"curies":[{"name":"wp","href":"https:\/\/api.w.org\/{rel}","templated":true}]}}